{"id":3313,"date":"2026-04-21T08:09:12","date_gmt":"2026-04-21T08:09:12","guid":{"rendered":"https:\/\/america2026.eu\/des-lumieres-a-lia-from-the-enlightenment-to-ai\/"},"modified":"2026-04-21T08:09:12","modified_gmt":"2026-04-21T08:09:12","slug":"des-lumieres-a-lia-from-the-enlightenment-to-ai","status":"publish","type":"post","link":"https:\/\/america2026.eu\/fr\/des-lumieres-a-lia-from-the-enlightenment-to-ai\/","title":{"rendered":"Des Lumi\u00e8res \u00e0 l&rsquo;IA \/ From the Enlightenment to AI"},"content":{"rendered":"\n<p><em><strong>Des Lumi\u00e8res \u00e0 l&rsquo;IA<\/strong><\/em><br><em><strong>250 ans de r\u00e9volutions scientifiques partag\u00e9es entre la France et les \u00c9tats-Unis<\/strong><\/em><br><em>Symposium bilat\u00e9ral organis\u00e9 par l&rsquo;Acad\u00e9mie des sciences (France) et \u00a0la National Academy of Sciences (\u00c9tats-Unis)<\/em><\/p>\n\n\n\n<p><strong>\u26a0\ufe0f Cet \u00e9v\u00e9nement est bilingue fran\u00e7ais\/anglais \ud83c\uddeb\ud83c\uddf7\ud83c\uddec\ud83c\udde7<\/strong><\/p>\n\n\n\n<p><strong>Il se d\u00e9roule sur deux jours : mercredi 20 et jeudi 21 mai 2026.<\/strong><\/p>\n\n\n\n<p><strong>Auditorium Andr\u00e9 et Liliane Bettencourt &#8211; Institut de France &#8211; 3 rue Mazarine &#8211; 75006 Paris<\/strong><\/p>\n\n\n\n<p><strong>Les inscriptions se font par demi-journ\u00e9e<\/strong> : <a href=\"https:\/\/www.eventbrite.fr\/e\/billets-des-lumieres-a-lia-from-the-enlightenment-to-ai-1982692749386\" target=\"_blank\" rel=\"noreferrer noopener\"><strong>https:\/\/www.eventbrite.fr\/e\/billets-des-lumieres-a-lia-from-the-enlightenment-to-ai-1982692749386<\/strong><\/a><\/p>\n\n\n\n<p>Les sessions seront propos\u00e9es en anglais et en fran\u00e7ais. Les titres apparaissent sur le programme en fran\u00e7ais ou en anglais selon la langue de l\u2019intervention, une traduction simultan\u00e9e sera assur\u00e9e tout au long de l&rsquo;\u00e9v\u00e9nement.&nbsp;<\/p>\n\n\n\n<hr class=\"wp-block-separator has-alpha-channel-opacity\"\/>\n\n\n\n<p><strong>Alors que l&rsquo;on c\u00e9l\u00e8bre en 2026 le 250e anniversaire de l&rsquo;adoption de la D\u00e9claration d&rsquo;ind\u00e9pendance par les treize colonies am\u00e9ricaines<\/strong>, les Acad\u00e9mies nationales des sciences de France et des \u00c9tats-Unis ont d\u00e9cid\u00e9 de saisir cette occasion pour souligner le lien historique et durable qui unit les deux pays en mati\u00e8re scientifique. Depuis le mouvement des Lumi\u00e8res, qui inspira les P\u00e8res fondateurs, jusqu&rsquo;aux avanc\u00e9es technologiques actuelles, y compris l&rsquo;intelligence artificielle, la France et les \u00c9tats-Unis n&rsquo;ont cess\u00e9 de stimuler mutuellement leur progr\u00e8s, contribuant ainsi \u00e0 fa\u00e7onner l&rsquo;avenir de la recherche et de l&rsquo;innovation.<\/p>\n\n\n\n<p>Au-del\u00e0 des th\u00e8mes scientifiques, ce symposium \u00e0 destination du grand public abordera des enjeux cl\u00e9s tels que la culture scientifique, la place de la science dans la d\u00e9cision publique et la libert\u00e9 acad\u00e9mique.<\/p>\n\n\n\n<p>Le programme se d\u00e9roulera sur quatre sessions d&rsquo;une demi-journ\u00e9e, ponctu\u00e9es d&rsquo;interm\u00e8des artistiques qui offriront des moments de pause et de cr\u00e9ativit\u00e9.<\/p>\n\n\n\n<div data-wp-interactive=\"core\/file\" class=\"wp-block-file\"><object data-wp-bind--hidden=\"!state.hasPdfPreview\" hidden class=\"wp-block-file__embed\" data=\"https:\/\/america2026.eu\/wp-content\/uploads\/2026\/04\/Programme-Symposium-franco-etatsunien-2021-mai-2026_V8_fr.pdf\" type=\"application\/pdf\" style=\"width:100%;height:600px\" aria-label=\"Contenu embarqu\u00e9 Programme Symposium franco-e\u0301tatsunien 20&amp;21 mai 2026_V8_fr.\"><\/object><a id=\"wp-block-file--media-780da90b-5792-4802-97f9-eeefd56d2127\" href=\"https:\/\/america2026.eu\/wp-content\/uploads\/2026\/04\/Programme-Symposium-franco-etatsunien-2021-mai-2026_V8_fr.pdf\">Programme Symposium franco-e\u0301tatsunien 20&#038;21 mai 2026_V8_fr<\/a><a href=\"https:\/\/america2026.eu\/wp-content\/uploads\/2026\/04\/Programme-Symposium-franco-etatsunien-2021-mai-2026_V8_fr.pdf\" class=\"wp-block-file__button wp-element-button\" download aria-describedby=\"wp-block-file--media-780da90b-5792-4802-97f9-eeefd56d2127\">Download<\/a><\/div>\n\n\n\n<p><\/p>\n\n\n\n<p>Cet \u00e9v\u00e9nement est organis\u00e9 par l&rsquo;Acad\u00e9mie des sciences (France) et \u00a0la National Academy of Sciences (\u00c9tats-Unis), avec le soutien de la Fondation Richard Lounsbery, en partenariat avec Le Point et The Conversation. Il est lab\u00e9llis\u00e9 \u201cFreedom 250 France\u201d.\u00a0<\/p>\n\n\n\n<figure class=\"wp-block-image size-large\"><img loading=\"lazy\" decoding=\"async\" width=\"1024\" height=\"188\" src=\"https:\/\/america2026.eu\/wp-content\/uploads\/2026\/04\/VISU-LOGOS_1-1024x188.jpg\" alt=\"\" class=\"wp-image-3306\" srcset=\"https:\/\/america2026.eu\/wp-content\/uploads\/2026\/04\/VISU-LOGOS_1-1024x188.jpg 1024w, https:\/\/america2026.eu\/wp-content\/uploads\/2026\/04\/VISU-LOGOS_1-300x55.jpg 300w, https:\/\/america2026.eu\/wp-content\/uploads\/2026\/04\/VISU-LOGOS_1-768x141.jpg 768w, https:\/\/america2026.eu\/wp-content\/uploads\/2026\/04\/VISU-LOGOS_1-1536x282.jpg 1536w, https:\/\/america2026.eu\/wp-content\/uploads\/2026\/04\/VISU-LOGOS_1-2048x376.jpg 2048w\" sizes=\"auto, (max-width: 1024px) 100vw, 1024px\" \/><\/figure>\n\n\n\n<p><\/p>\n","protected":false},"excerpt":{"rendered":"Alors que l&rsquo;on c\u00e9l\u00e8bre en 2026 le 250e anniversaire de l&rsquo;adoption de la D\u00e9claration d&rsquo;ind\u00e9pendance par les treize colonies am\u00e9ricaines, les Acad\u00e9mies nationales des sciences de France et des \u00c9tats-Unis ont d\u00e9cid\u00e9 de saisir cette occasion pour souligner le lien historique et durable qui unit les deux pays en mati\u00e8re scientifique. Depuis le mouvement des Lumi\u00e8res, qui inspira les P\u00e8res fondateurs, jusqu&rsquo;aux avanc\u00e9es technologiques actuelles, y compris l&rsquo;intelligence artificielle, la France et les \u00c9tats-Unis n&rsquo;ont cess\u00e9 de stimuler mutuellement leur progr\u00e8s, contribuant ainsi \u00e0 fa\u00e7onner l&rsquo;avenir de la recherche et de l&rsquo;innovation.","protected":false},"author":2,"featured_media":3311,"comment_status":"open","ping_status":"open","sticky":false,"template":"","format":"standard","meta":{"_acf_changed":false,"footnotes":""},"groupes":[42],"class_list":["post-3313","post","type-post","status-publish","format-standard","has-post-thumbnail","hentry","groupes-au-dela-damerica-2026"],"acf":[],"yoast_head":"<!-- This site is optimized with the Yoast SEO plugin v24.3 - https:\/\/yoast.com\/wordpress\/plugins\/seo\/ -->\n<title>Des Lumi\u00e8res \u00e0 l&#039;IA \/ From the Enlightenment to AI - America 2026<\/title>\n<meta name=\"robots\" content=\"index, follow, max-snippet:-1, max-image-preview:large, max-video-preview:-1\" \/>\n<link rel=\"canonical\" href=\"https:\/\/america2026.eu\/fr\/des-lumieres-a-lia-from-the-enlightenment-to-ai\/\" \/>\n<meta property=\"og:locale\" content=\"fr_FR\" \/>\n<meta property=\"og:type\" content=\"article\" \/>\n<meta property=\"og:title\" content=\"Des Lumi\u00e8res \u00e0 l&#039;IA \/ From the Enlightenment to AI - America 2026\" \/>\n<meta property=\"og:description\" content=\"Alors que l&#039;on c\u00e9l\u00e8bre en 2026 le 250e anniversaire de l&#039;adoption de la D\u00e9claration d&#039;ind\u00e9pendance par les treize colonies am\u00e9ricaines, les Acad\u00e9mies nationales des sciences de France et des \u00c9tats-Unis ont d\u00e9cid\u00e9 de saisir cette occasion pour souligner le lien historique et durable qui unit les deux pays en mati\u00e8re scientifique. Depuis le mouvement des Lumi\u00e8res, qui inspira les P\u00e8res fondateurs, jusqu&#039;aux avanc\u00e9es technologiques actuelles, y compris l&#039;intelligence artificielle, la France et les \u00c9tats-Unis n&#039;ont cess\u00e9 de stimuler mutuellement leur progr\u00e8s, contribuant ainsi \u00e0 fa\u00e7onner l&#039;avenir de la recherche et de l&#039;innovation.\" \/>\n<meta property=\"og:url\" content=\"https:\/\/america2026.eu\/fr\/des-lumieres-a-lia-from-the-enlightenment-to-ai\/\" \/>\n<meta property=\"og:site_name\" content=\"America 2026\" \/>\n<meta property=\"article:published_time\" content=\"2026-04-21T08:09:12+00:00\" \/>\n<meta property=\"og:image\" content=\"https:\/\/america2026.eu\/wp-content\/uploads\/2026\/04\/VISU-LOGOS_1-scaled.jpg\" \/>\n\t<meta property=\"og:image:width\" content=\"2560\" \/>\n\t<meta property=\"og:image:height\" content=\"470\" \/>\n\t<meta property=\"og:image:type\" content=\"image\/jpeg\" \/>\n<meta name=\"author\" content=\"Agn\u00e8s DELAHAYE\" \/>\n<meta name=\"twitter:label1\" content=\"\u00c9crit par\" \/>\n\t<meta name=\"twitter:data1\" content=\"Agn\u00e8s DELAHAYE\" \/>\n\t<meta name=\"twitter:label2\" content=\"Dur\u00e9e de lecture estim\u00e9e\" \/>\n\t<meta name=\"twitter:data2\" content=\"2 minutes\" \/>\n<script type=\"application\/ld+json\" class=\"yoast-schema-graph\">{\"@context\":\"https:\/\/schema.org\",\"@graph\":[{\"@type\":\"Article\",\"@id\":\"https:\/\/america2026.eu\/fr\/des-lumieres-a-lia-from-the-enlightenment-to-ai\/#article\",\"isPartOf\":{\"@id\":\"https:\/\/america2026.eu\/fr\/des-lumieres-a-lia-from-the-enlightenment-to-ai\/\"},\"author\":{\"name\":\"Agn\u00e8s DELAHAYE\",\"@id\":\"https:\/\/america2026.eu\/#\/schema\/person\/08b0307583a6353f0213d2613d9954fb\"},\"headline\":\"Des Lumi\u00e8res \u00e0 l&rsquo;IA \/ From the Enlightenment to AI\",\"datePublished\":\"2026-04-21T08:09:12+00:00\",\"dateModified\":\"2026-04-21T08:09:12+00:00\",\"mainEntityOfPage\":{\"@id\":\"https:\/\/america2026.eu\/fr\/des-lumieres-a-lia-from-the-enlightenment-to-ai\/\"},\"wordCount\":360,\"commentCount\":0,\"publisher\":{\"@id\":\"https:\/\/america2026.eu\/#organization\"},\"image\":{\"@id\":\"https:\/\/america2026.eu\/fr\/des-lumieres-a-lia-from-the-enlightenment-to-ai\/#primaryimage\"},\"thumbnailUrl\":\"https:\/\/america2026.eu\/wp-content\/uploads\/2026\/04\/visuel-eventbrite.jpg\",\"inLanguage\":\"fr-FR\",\"potentialAction\":[{\"@type\":\"CommentAction\",\"name\":\"Comment\",\"target\":[\"https:\/\/america2026.eu\/fr\/des-lumieres-a-lia-from-the-enlightenment-to-ai\/#respond\"]}]},{\"@type\":\"WebPage\",\"@id\":\"https:\/\/america2026.eu\/fr\/des-lumieres-a-lia-from-the-enlightenment-to-ai\/\",\"url\":\"https:\/\/america2026.eu\/fr\/des-lumieres-a-lia-from-the-enlightenment-to-ai\/\",\"name\":\"Des Lumi\u00e8res \u00e0 l'IA \/ From the Enlightenment to AI - America 2026\",\"isPartOf\":{\"@id\":\"https:\/\/america2026.eu\/#website\"},\"primaryImageOfPage\":{\"@id\":\"https:\/\/america2026.eu\/fr\/des-lumieres-a-lia-from-the-enlightenment-to-ai\/#primaryimage\"},\"image\":{\"@id\":\"https:\/\/america2026.eu\/fr\/des-lumieres-a-lia-from-the-enlightenment-to-ai\/#primaryimage\"},\"thumbnailUrl\":\"https:\/\/america2026.eu\/wp-content\/uploads\/2026\/04\/visuel-eventbrite.jpg\",\"datePublished\":\"2026-04-21T08:09:12+00:00\",\"dateModified\":\"2026-04-21T08:09:12+00:00\",\"breadcrumb\":{\"@id\":\"https:\/\/america2026.eu\/fr\/des-lumieres-a-lia-from-the-enlightenment-to-ai\/#breadcrumb\"},\"inLanguage\":\"fr-FR\",\"potentialAction\":[{\"@type\":\"ReadAction\",\"target\":[\"https:\/\/america2026.eu\/fr\/des-lumieres-a-lia-from-the-enlightenment-to-ai\/\"]}]},{\"@type\":\"ImageObject\",\"inLanguage\":\"fr-FR\",\"@id\":\"https:\/\/america2026.eu\/fr\/des-lumieres-a-lia-from-the-enlightenment-to-ai\/#primaryimage\",\"url\":\"https:\/\/america2026.eu\/wp-content\/uploads\/2026\/04\/visuel-eventbrite.jpg\",\"contentUrl\":\"https:\/\/america2026.eu\/wp-content\/uploads\/2026\/04\/visuel-eventbrite.jpg\",\"width\":2160,\"height\":1080,\"caption\":\"Illustration r\u00e9alis\u00e9e avec IA\"},{\"@type\":\"BreadcrumbList\",\"@id\":\"https:\/\/america2026.eu\/fr\/des-lumieres-a-lia-from-the-enlightenment-to-ai\/#breadcrumb\",\"itemListElement\":[{\"@type\":\"ListItem\",\"position\":1,\"name\":\"Accueil\",\"item\":\"https:\/\/america2026.eu\/fr\/\"},{\"@type\":\"ListItem\",\"position\":2,\"name\":\"Des Lumi\u00e8res \u00e0 l&rsquo;IA \/ From the Enlightenment to AI\"}]},{\"@type\":\"WebSite\",\"@id\":\"https:\/\/america2026.eu\/#website\",\"url\":\"https:\/\/america2026.eu\/\",\"name\":\"America 2026\",\"description\":\"\",\"publisher\":{\"@id\":\"https:\/\/america2026.eu\/#organization\"},\"potentialAction\":[{\"@type\":\"SearchAction\",\"target\":{\"@type\":\"EntryPoint\",\"urlTemplate\":\"https:\/\/america2026.eu\/?s={search_term_string}\"},\"query-input\":{\"@type\":\"PropertyValueSpecification\",\"valueRequired\":true,\"valueName\":\"search_term_string\"}}],\"inLanguage\":\"fr-FR\"},{\"@type\":\"Organization\",\"@id\":\"https:\/\/america2026.eu\/#organization\",\"name\":\"America 2026\",\"url\":\"https:\/\/america2026.eu\/\",\"logo\":{\"@type\":\"ImageObject\",\"inLanguage\":\"fr-FR\",\"@id\":\"https:\/\/america2026.eu\/#\/schema\/logo\/image\/\",\"url\":\"https:\/\/america2026.eu\/wp-content\/uploads\/2024\/10\/Untitled-3.png\",\"contentUrl\":\"https:\/\/america2026.eu\/wp-content\/uploads\/2024\/10\/Untitled-3.png\",\"width\":6579,\"height\":1454,\"caption\":\"America 2026\"},\"image\":{\"@id\":\"https:\/\/america2026.eu\/#\/schema\/logo\/image\/\"}},{\"@type\":\"Person\",\"@id\":\"https:\/\/america2026.eu\/#\/schema\/person\/08b0307583a6353f0213d2613d9954fb\",\"name\":\"Agn\u00e8s DELAHAYE\",\"image\":{\"@type\":\"ImageObject\",\"inLanguage\":\"fr-FR\",\"@id\":\"https:\/\/america2026.eu\/#\/schema\/person\/image\/\",\"url\":\"https:\/\/secure.gravatar.com\/avatar\/85cf3b0fd579da5be8ad50af6d0108ff90e2b73c4f0f8d797c38669db16bd77d?s=96&d=mm&r=g\",\"contentUrl\":\"https:\/\/secure.gravatar.com\/avatar\/85cf3b0fd579da5be8ad50af6d0108ff90e2b73c4f0f8d797c38669db16bd77d?s=96&d=mm&r=g\",\"caption\":\"Agn\u00e8s DELAHAYE\"}}]}<\/script>\n<!-- \/ Yoast SEO plugin. -->","yoast_head_json":{"title":"Des Lumi\u00e8res \u00e0 l'IA \/ From the Enlightenment to AI - America 2026","robots":{"index":"index","follow":"follow","max-snippet":"max-snippet:-1","max-image-preview":"max-image-preview:large","max-video-preview":"max-video-preview:-1"},"canonical":"https:\/\/america2026.eu\/fr\/des-lumieres-a-lia-from-the-enlightenment-to-ai\/","og_locale":"fr_FR","og_type":"article","og_title":"Des Lumi\u00e8res \u00e0 l'IA \/ From the Enlightenment to AI - America 2026","og_description":"Alors que l'on c\u00e9l\u00e8bre en 2026 le 250e anniversaire de l'adoption de la D\u00e9claration d'ind\u00e9pendance par les treize colonies am\u00e9ricaines, les Acad\u00e9mies nationales des sciences de France et des \u00c9tats-Unis ont d\u00e9cid\u00e9 de saisir cette occasion pour souligner le lien historique et durable qui unit les deux pays en mati\u00e8re scientifique. Depuis le mouvement des Lumi\u00e8res, qui inspira les P\u00e8res fondateurs, jusqu'aux avanc\u00e9es technologiques actuelles, y compris l'intelligence artificielle, la France et les \u00c9tats-Unis n'ont cess\u00e9 de stimuler mutuellement leur progr\u00e8s, contribuant ainsi \u00e0 fa\u00e7onner l'avenir de la recherche et de l'innovation.","og_url":"https:\/\/america2026.eu\/fr\/des-lumieres-a-lia-from-the-enlightenment-to-ai\/","og_site_name":"America 2026","article_published_time":"2026-04-21T08:09:12+00:00","og_image":[{"width":2560,"height":470,"url":"https:\/\/america2026.eu\/wp-content\/uploads\/2026\/04\/VISU-LOGOS_1-scaled.jpg","type":"image\/jpeg"}],"author":"Agn\u00e8s DELAHAYE","twitter_misc":{"\u00c9crit par":"Agn\u00e8s DELAHAYE","Dur\u00e9e de lecture estim\u00e9e":"2 minutes"},"schema":{"@context":"https:\/\/schema.org","@graph":[{"@type":"Article","@id":"https:\/\/america2026.eu\/fr\/des-lumieres-a-lia-from-the-enlightenment-to-ai\/#article","isPartOf":{"@id":"https:\/\/america2026.eu\/fr\/des-lumieres-a-lia-from-the-enlightenment-to-ai\/"},"author":{"name":"Agn\u00e8s DELAHAYE","@id":"https:\/\/america2026.eu\/#\/schema\/person\/08b0307583a6353f0213d2613d9954fb"},"headline":"Des Lumi\u00e8res \u00e0 l&rsquo;IA \/ From the Enlightenment to AI","datePublished":"2026-04-21T08:09:12+00:00","dateModified":"2026-04-21T08:09:12+00:00","mainEntityOfPage":{"@id":"https:\/\/america2026.eu\/fr\/des-lumieres-a-lia-from-the-enlightenment-to-ai\/"},"wordCount":360,"commentCount":0,"publisher":{"@id":"https:\/\/america2026.eu\/#organization"},"image":{"@id":"https:\/\/america2026.eu\/fr\/des-lumieres-a-lia-from-the-enlightenment-to-ai\/#primaryimage"},"thumbnailUrl":"https:\/\/america2026.eu\/wp-content\/uploads\/2026\/04\/visuel-eventbrite.jpg","inLanguage":"fr-FR","potentialAction":[{"@type":"CommentAction","name":"Comment","target":["https:\/\/america2026.eu\/fr\/des-lumieres-a-lia-from-the-enlightenment-to-ai\/#respond"]}]},{"@type":"WebPage","@id":"https:\/\/america2026.eu\/fr\/des-lumieres-a-lia-from-the-enlightenment-to-ai\/","url":"https:\/\/america2026.eu\/fr\/des-lumieres-a-lia-from-the-enlightenment-to-ai\/","name":"Des Lumi\u00e8res \u00e0 l'IA \/ From the Enlightenment to AI - America 2026","isPartOf":{"@id":"https:\/\/america2026.eu\/#website"},"primaryImageOfPage":{"@id":"https:\/\/america2026.eu\/fr\/des-lumieres-a-lia-from-the-enlightenment-to-ai\/#primaryimage"},"image":{"@id":"https:\/\/america2026.eu\/fr\/des-lumieres-a-lia-from-the-enlightenment-to-ai\/#primaryimage"},"thumbnailUrl":"https:\/\/america2026.eu\/wp-content\/uploads\/2026\/04\/visuel-eventbrite.jpg","datePublished":"2026-04-21T08:09:12+00:00","dateModified":"2026-04-21T08:09:12+00:00","breadcrumb":{"@id":"https:\/\/america2026.eu\/fr\/des-lumieres-a-lia-from-the-enlightenment-to-ai\/#breadcrumb"},"inLanguage":"fr-FR","potentialAction":[{"@type":"ReadAction","target":["https:\/\/america2026.eu\/fr\/des-lumieres-a-lia-from-the-enlightenment-to-ai\/"]}]},{"@type":"ImageObject","inLanguage":"fr-FR","@id":"https:\/\/america2026.eu\/fr\/des-lumieres-a-lia-from-the-enlightenment-to-ai\/#primaryimage","url":"https:\/\/america2026.eu\/wp-content\/uploads\/2026\/04\/visuel-eventbrite.jpg","contentUrl":"https:\/\/america2026.eu\/wp-content\/uploads\/2026\/04\/visuel-eventbrite.jpg","width":2160,"height":1080,"caption":"Illustration r\u00e9alis\u00e9e avec IA"},{"@type":"BreadcrumbList","@id":"https:\/\/america2026.eu\/fr\/des-lumieres-a-lia-from-the-enlightenment-to-ai\/#breadcrumb","itemListElement":[{"@type":"ListItem","position":1,"name":"Accueil","item":"https:\/\/america2026.eu\/fr\/"},{"@type":"ListItem","position":2,"name":"Des Lumi\u00e8res \u00e0 l&rsquo;IA \/ From the Enlightenment to AI"}]},{"@type":"WebSite","@id":"https:\/\/america2026.eu\/#website","url":"https:\/\/america2026.eu\/","name":"America 2026","description":"","publisher":{"@id":"https:\/\/america2026.eu\/#organization"},"potentialAction":[{"@type":"SearchAction","target":{"@type":"EntryPoint","urlTemplate":"https:\/\/america2026.eu\/?s={search_term_string}"},"query-input":{"@type":"PropertyValueSpecification","valueRequired":true,"valueName":"search_term_string"}}],"inLanguage":"fr-FR"},{"@type":"Organization","@id":"https:\/\/america2026.eu\/#organization","name":"America 2026","url":"https:\/\/america2026.eu\/","logo":{"@type":"ImageObject","inLanguage":"fr-FR","@id":"https:\/\/america2026.eu\/#\/schema\/logo\/image\/","url":"https:\/\/america2026.eu\/wp-content\/uploads\/2024\/10\/Untitled-3.png","contentUrl":"https:\/\/america2026.eu\/wp-content\/uploads\/2024\/10\/Untitled-3.png","width":6579,"height":1454,"caption":"America 2026"},"image":{"@id":"https:\/\/america2026.eu\/#\/schema\/logo\/image\/"}},{"@type":"Person","@id":"https:\/\/america2026.eu\/#\/schema\/person\/08b0307583a6353f0213d2613d9954fb","name":"Agn\u00e8s DELAHAYE","image":{"@type":"ImageObject","inLanguage":"fr-FR","@id":"https:\/\/america2026.eu\/#\/schema\/person\/image\/","url":"https:\/\/secure.gravatar.com\/avatar\/85cf3b0fd579da5be8ad50af6d0108ff90e2b73c4f0f8d797c38669db16bd77d?s=96&d=mm&r=g","contentUrl":"https:\/\/secure.gravatar.com\/avatar\/85cf3b0fd579da5be8ad50af6d0108ff90e2b73c4f0f8d797c38669db16bd77d?s=96&d=mm&r=g","caption":"Agn\u00e8s DELAHAYE"}}]}},"_links":{"self":[{"href":"https:\/\/america2026.eu\/fr\/wp-json\/wp\/v2\/posts\/3313","targetHints":{"allow":["GET"]}}],"collection":[{"href":"https:\/\/america2026.eu\/fr\/wp-json\/wp\/v2\/posts"}],"about":[{"href":"https:\/\/america2026.eu\/fr\/wp-json\/wp\/v2\/types\/post"}],"author":[{"embeddable":true,"href":"https:\/\/america2026.eu\/fr\/wp-json\/wp\/v2\/users\/2"}],"replies":[{"embeddable":true,"href":"https:\/\/america2026.eu\/fr\/wp-json\/wp\/v2\/comments?post=3313"}],"version-history":[{"count":0,"href":"https:\/\/america2026.eu\/fr\/wp-json\/wp\/v2\/posts\/3313\/revisions"}],"wp:featuredmedia":[{"embeddable":true,"href":"https:\/\/america2026.eu\/fr\/wp-json\/wp\/v2\/media\/3311"}],"wp:attachment":[{"href":"https:\/\/america2026.eu\/fr\/wp-json\/wp\/v2\/media?parent=3313"}],"wp:term":[{"taxonomy":"groupes","embeddable":true,"href":"https:\/\/america2026.eu\/fr\/wp-json\/wp\/v2\/groupes?post=3313"}],"curies":[{"name":"wp","href":"https:\/\/api.w.org\/{rel}","templated":true}]}}