{"id":3302,"date":"2026-04-17T08:39:50","date_gmt":"2026-04-17T08:39:50","guid":{"rendered":"https:\/\/america2026.eu\/the-american-revolution-at-250-twenty-four-historians-reflect-on-the-founding\/"},"modified":"2026-04-17T08:44:58","modified_gmt":"2026-04-17T08:44:58","slug":"the-american-revolution-at-250-twenty-four-historians-reflect-on-the-founding","status":"publish","type":"post","link":"https:\/\/america2026.eu\/fr\/the-american-revolution-at-250-twenty-four-historians-reflect-on-the-founding\/","title":{"rendered":"The American Revolution at 250, Twenty-Four Historians Reflect on the Founding"},"content":{"rendered":"\n<p><strong>The preeminent historians of the founding era speak their mind on the anniversary of the United States\u2019 birth<\/strong><\/p>\n\n\n\n<p>In these powerful and personal essays, some of the most celebrated historians of the American Revolutionary era reflect on the meaning of 1776 to the nation in 2026, offering fresh insights and food for thought on every page. They tackle the most pressing topics that Americans debated in 1776 and continue to debate today: the meaning of democracy; the nature of information wars; immigration and the rights and obligations of citizenship; race and slavery; public health; the various and conflicting legacies of the founders; and the shifting nature of commemoration itself. Like the Revolutionary generation they know so well, on some issues these scholarly authorities find themselves largely in accord; on others they vehemently disagree. This is historical debate at its most urgent.<\/p>\n\n\n\n<p>Contributors : <strong>Bertrand Van Ruymbeke<\/strong> * Allison Bigelow * T. H. Breen * Katherine Cart\u00e9 * Lindsay M. Chervinsky * Marlene L. Daut * Andrew M. Davenport * Christa Dierksheide * Lauren Duval * Joanne B. Freeman * Annette Gordon-Reed * Eliga H. Gould * Patrick Griffin * Nicholas Guyatt * Ricardo A. Herrera * Woody Holton * Brendan McConville * Michael A. McDonnell * Peter S. Onuf * Robert G. Parkinson * Teresa R. Pollak * John A. Ragosta * Rosemarie Zagarri<\/p>\n","protected":false},"excerpt":{"rendered":"The preeminent historians of the founding era speak their mind on the anniversary of the United States\u2019 birth In these powerful and personal essays, some of the most celebrated historians of the American Revolutionary era reflect on the meaning of&#8230;","protected":false},"author":2,"featured_media":3295,"comment_status":"open","ping_status":"open","sticky":false,"template":"","format":"standard","meta":{"_acf_changed":false,"footnotes":""},"groupes":[43],"class_list":["post-3302","post","type-post","status-publish","format-standard","has-post-thumbnail","hentry","groupes-volumes-collectifs"],"acf":[],"yoast_head":"<!-- This site is optimized with the Yoast SEO plugin v24.3 - https:\/\/yoast.com\/wordpress\/plugins\/seo\/ -->\n<title>The American Revolution at 250, Twenty-Four Historians Reflect on the Founding - America 2026<\/title>\n<meta name=\"robots\" content=\"index, follow, max-snippet:-1, max-image-preview:large, max-video-preview:-1\" \/>\n<link rel=\"canonical\" href=\"https:\/\/america2026.eu\/fr\/the-american-revolution-at-250-twenty-four-historians-reflect-on-the-founding\/\" \/>\n<meta property=\"og:locale\" content=\"fr_FR\" \/>\n<meta property=\"og:type\" content=\"article\" \/>\n<meta property=\"og:title\" content=\"The American Revolution at 250, Twenty-Four Historians Reflect on the Founding - America 2026\" \/>\n<meta property=\"og:description\" content=\"The preeminent historians of the founding era speak their mind on the anniversary of the United States\u2019 birth In these powerful and personal essays, some of the most celebrated historians of the American Revolutionary era reflect on the meaning of...\" \/>\n<meta property=\"og:url\" content=\"https:\/\/america2026.eu\/fr\/the-american-revolution-at-250-twenty-four-historians-reflect-on-the-founding\/\" \/>\n<meta property=\"og:site_name\" content=\"America 2026\" \/>\n<meta property=\"article:published_time\" content=\"2026-04-17T08:39:50+00:00\" \/>\n<meta property=\"article:modified_time\" content=\"2026-04-17T08:44:58+00:00\" \/>\n<meta property=\"og:image\" content=\"https:\/\/america2026.eu\/wp-content\/uploads\/2026\/04\/10183.webp\" \/>\n\t<meta property=\"og:image:width\" content=\"500\" \/>\n\t<meta property=\"og:image:height\" content=\"750\" \/>\n\t<meta property=\"og:image:type\" content=\"image\/webp\" \/>\n<meta name=\"author\" content=\"Agn\u00e8s DELAHAYE\" \/>\n<meta name=\"twitter:label1\" content=\"\u00c9crit par\" \/>\n\t<meta name=\"twitter:data1\" content=\"Agn\u00e8s DELAHAYE\" \/>\n\t<meta name=\"twitter:label2\" content=\"Dur\u00e9e de lecture estim\u00e9e\" \/>\n\t<meta name=\"twitter:data2\" content=\"2 minutes\" \/>\n<script type=\"application\/ld+json\" class=\"yoast-schema-graph\">{\"@context\":\"https:\/\/schema.org\",\"@graph\":[{\"@type\":\"Article\",\"@id\":\"https:\/\/america2026.eu\/fr\/the-american-revolution-at-250-twenty-four-historians-reflect-on-the-founding\/#article\",\"isPartOf\":{\"@id\":\"https:\/\/america2026.eu\/fr\/the-american-revolution-at-250-twenty-four-historians-reflect-on-the-founding\/\"},\"author\":{\"name\":\"Agn\u00e8s DELAHAYE\",\"@id\":\"https:\/\/america2026.eu\/#\/schema\/person\/08b0307583a6353f0213d2613d9954fb\"},\"headline\":\"The American Revolution at 250, Twenty-Four Historians Reflect on the Founding\",\"datePublished\":\"2026-04-17T08:39:50+00:00\",\"dateModified\":\"2026-04-17T08:44:58+00:00\",\"mainEntityOfPage\":{\"@id\":\"https:\/\/america2026.eu\/fr\/the-american-revolution-at-250-twenty-four-historians-reflect-on-the-founding\/\"},\"wordCount\":208,\"commentCount\":0,\"publisher\":{\"@id\":\"https:\/\/america2026.eu\/#organization\"},\"image\":{\"@id\":\"https:\/\/america2026.eu\/fr\/the-american-revolution-at-250-twenty-four-historians-reflect-on-the-founding\/#primaryimage\"},\"thumbnailUrl\":\"https:\/\/america2026.eu\/wp-content\/uploads\/2026\/04\/10183.webp\",\"inLanguage\":\"fr-FR\",\"potentialAction\":[{\"@type\":\"CommentAction\",\"name\":\"Comment\",\"target\":[\"https:\/\/america2026.eu\/fr\/the-american-revolution-at-250-twenty-four-historians-reflect-on-the-founding\/#respond\"]}]},{\"@type\":\"WebPage\",\"@id\":\"https:\/\/america2026.eu\/fr\/the-american-revolution-at-250-twenty-four-historians-reflect-on-the-founding\/\",\"url\":\"https:\/\/america2026.eu\/fr\/the-american-revolution-at-250-twenty-four-historians-reflect-on-the-founding\/\",\"name\":\"The American Revolution at 250, Twenty-Four Historians Reflect on the Founding - America 2026\",\"isPartOf\":{\"@id\":\"https:\/\/america2026.eu\/#website\"},\"primaryImageOfPage\":{\"@id\":\"https:\/\/america2026.eu\/fr\/the-american-revolution-at-250-twenty-four-historians-reflect-on-the-founding\/#primaryimage\"},\"image\":{\"@id\":\"https:\/\/america2026.eu\/fr\/the-american-revolution-at-250-twenty-four-historians-reflect-on-the-founding\/#primaryimage\"},\"thumbnailUrl\":\"https:\/\/america2026.eu\/wp-content\/uploads\/2026\/04\/10183.webp\",\"datePublished\":\"2026-04-17T08:39:50+00:00\",\"dateModified\":\"2026-04-17T08:44:58+00:00\",\"breadcrumb\":{\"@id\":\"https:\/\/america2026.eu\/fr\/the-american-revolution-at-250-twenty-four-historians-reflect-on-the-founding\/#breadcrumb\"},\"inLanguage\":\"fr-FR\",\"potentialAction\":[{\"@type\":\"ReadAction\",\"target\":[\"https:\/\/america2026.eu\/fr\/the-american-revolution-at-250-twenty-four-historians-reflect-on-the-founding\/\"]}]},{\"@type\":\"ImageObject\",\"inLanguage\":\"fr-FR\",\"@id\":\"https:\/\/america2026.eu\/fr\/the-american-revolution-at-250-twenty-four-historians-reflect-on-the-founding\/#primaryimage\",\"url\":\"https:\/\/america2026.eu\/wp-content\/uploads\/2026\/04\/10183.webp\",\"contentUrl\":\"https:\/\/america2026.eu\/wp-content\/uploads\/2026\/04\/10183.webp\",\"width\":500,\"height\":750},{\"@type\":\"BreadcrumbList\",\"@id\":\"https:\/\/america2026.eu\/fr\/the-american-revolution-at-250-twenty-four-historians-reflect-on-the-founding\/#breadcrumb\",\"itemListElement\":[{\"@type\":\"ListItem\",\"position\":1,\"name\":\"Accueil\",\"item\":\"https:\/\/america2026.eu\/fr\/\"},{\"@type\":\"ListItem\",\"position\":2,\"name\":\"The American Revolution at 250, Twenty-Four Historians Reflect on the Founding\"}]},{\"@type\":\"WebSite\",\"@id\":\"https:\/\/america2026.eu\/#website\",\"url\":\"https:\/\/america2026.eu\/\",\"name\":\"America 2026\",\"description\":\"\",\"publisher\":{\"@id\":\"https:\/\/america2026.eu\/#organization\"},\"potentialAction\":[{\"@type\":\"SearchAction\",\"target\":{\"@type\":\"EntryPoint\",\"urlTemplate\":\"https:\/\/america2026.eu\/?s={search_term_string}\"},\"query-input\":{\"@type\":\"PropertyValueSpecification\",\"valueRequired\":true,\"valueName\":\"search_term_string\"}}],\"inLanguage\":\"fr-FR\"},{\"@type\":\"Organization\",\"@id\":\"https:\/\/america2026.eu\/#organization\",\"name\":\"America 2026\",\"url\":\"https:\/\/america2026.eu\/\",\"logo\":{\"@type\":\"ImageObject\",\"inLanguage\":\"fr-FR\",\"@id\":\"https:\/\/america2026.eu\/#\/schema\/logo\/image\/\",\"url\":\"https:\/\/america2026.eu\/wp-content\/uploads\/2024\/10\/Untitled-3.png\",\"contentUrl\":\"https:\/\/america2026.eu\/wp-content\/uploads\/2024\/10\/Untitled-3.png\",\"width\":6579,\"height\":1454,\"caption\":\"America 2026\"},\"image\":{\"@id\":\"https:\/\/america2026.eu\/#\/schema\/logo\/image\/\"}},{\"@type\":\"Person\",\"@id\":\"https:\/\/america2026.eu\/#\/schema\/person\/08b0307583a6353f0213d2613d9954fb\",\"name\":\"Agn\u00e8s DELAHAYE\",\"image\":{\"@type\":\"ImageObject\",\"inLanguage\":\"fr-FR\",\"@id\":\"https:\/\/america2026.eu\/#\/schema\/person\/image\/\",\"url\":\"https:\/\/secure.gravatar.com\/avatar\/85cf3b0fd579da5be8ad50af6d0108ff90e2b73c4f0f8d797c38669db16bd77d?s=96&d=mm&r=g\",\"contentUrl\":\"https:\/\/secure.gravatar.com\/avatar\/85cf3b0fd579da5be8ad50af6d0108ff90e2b73c4f0f8d797c38669db16bd77d?s=96&d=mm&r=g\",\"caption\":\"Agn\u00e8s DELAHAYE\"}}]}<\/script>\n<!-- \/ Yoast SEO plugin. -->","yoast_head_json":{"title":"The American Revolution at 250, Twenty-Four Historians Reflect on the Founding - America 2026","robots":{"index":"index","follow":"follow","max-snippet":"max-snippet:-1","max-image-preview":"max-image-preview:large","max-video-preview":"max-video-preview:-1"},"canonical":"https:\/\/america2026.eu\/fr\/the-american-revolution-at-250-twenty-four-historians-reflect-on-the-founding\/","og_locale":"fr_FR","og_type":"article","og_title":"The American Revolution at 250, Twenty-Four Historians Reflect on the Founding - America 2026","og_description":"The preeminent historians of the founding era speak their mind on the anniversary of the United States\u2019 birth In these powerful and personal essays, some of the most celebrated historians of the American Revolutionary era reflect on the meaning of...","og_url":"https:\/\/america2026.eu\/fr\/the-american-revolution-at-250-twenty-four-historians-reflect-on-the-founding\/","og_site_name":"America 2026","article_published_time":"2026-04-17T08:39:50+00:00","article_modified_time":"2026-04-17T08:44:58+00:00","og_image":[{"width":500,"height":750,"url":"https:\/\/america2026.eu\/wp-content\/uploads\/2026\/04\/10183.webp","type":"image\/webp"}],"author":"Agn\u00e8s DELAHAYE","twitter_misc":{"\u00c9crit par":"Agn\u00e8s DELAHAYE","Dur\u00e9e de lecture estim\u00e9e":"2 minutes"},"schema":{"@context":"https:\/\/schema.org","@graph":[{"@type":"Article","@id":"https:\/\/america2026.eu\/fr\/the-american-revolution-at-250-twenty-four-historians-reflect-on-the-founding\/#article","isPartOf":{"@id":"https:\/\/america2026.eu\/fr\/the-american-revolution-at-250-twenty-four-historians-reflect-on-the-founding\/"},"author":{"name":"Agn\u00e8s DELAHAYE","@id":"https:\/\/america2026.eu\/#\/schema\/person\/08b0307583a6353f0213d2613d9954fb"},"headline":"The American Revolution at 250, Twenty-Four Historians Reflect on the Founding","datePublished":"2026-04-17T08:39:50+00:00","dateModified":"2026-04-17T08:44:58+00:00","mainEntityOfPage":{"@id":"https:\/\/america2026.eu\/fr\/the-american-revolution-at-250-twenty-four-historians-reflect-on-the-founding\/"},"wordCount":208,"commentCount":0,"publisher":{"@id":"https:\/\/america2026.eu\/#organization"},"image":{"@id":"https:\/\/america2026.eu\/fr\/the-american-revolution-at-250-twenty-four-historians-reflect-on-the-founding\/#primaryimage"},"thumbnailUrl":"https:\/\/america2026.eu\/wp-content\/uploads\/2026\/04\/10183.webp","inLanguage":"fr-FR","potentialAction":[{"@type":"CommentAction","name":"Comment","target":["https:\/\/america2026.eu\/fr\/the-american-revolution-at-250-twenty-four-historians-reflect-on-the-founding\/#respond"]}]},{"@type":"WebPage","@id":"https:\/\/america2026.eu\/fr\/the-american-revolution-at-250-twenty-four-historians-reflect-on-the-founding\/","url":"https:\/\/america2026.eu\/fr\/the-american-revolution-at-250-twenty-four-historians-reflect-on-the-founding\/","name":"The American Revolution at 250, Twenty-Four Historians Reflect on the Founding - America 2026","isPartOf":{"@id":"https:\/\/america2026.eu\/#website"},"primaryImageOfPage":{"@id":"https:\/\/america2026.eu\/fr\/the-american-revolution-at-250-twenty-four-historians-reflect-on-the-founding\/#primaryimage"},"image":{"@id":"https:\/\/america2026.eu\/fr\/the-american-revolution-at-250-twenty-four-historians-reflect-on-the-founding\/#primaryimage"},"thumbnailUrl":"https:\/\/america2026.eu\/wp-content\/uploads\/2026\/04\/10183.webp","datePublished":"2026-04-17T08:39:50+00:00","dateModified":"2026-04-17T08:44:58+00:00","breadcrumb":{"@id":"https:\/\/america2026.eu\/fr\/the-american-revolution-at-250-twenty-four-historians-reflect-on-the-founding\/#breadcrumb"},"inLanguage":"fr-FR","potentialAction":[{"@type":"ReadAction","target":["https:\/\/america2026.eu\/fr\/the-american-revolution-at-250-twenty-four-historians-reflect-on-the-founding\/"]}]},{"@type":"ImageObject","inLanguage":"fr-FR","@id":"https:\/\/america2026.eu\/fr\/the-american-revolution-at-250-twenty-four-historians-reflect-on-the-founding\/#primaryimage","url":"https:\/\/america2026.eu\/wp-content\/uploads\/2026\/04\/10183.webp","contentUrl":"https:\/\/america2026.eu\/wp-content\/uploads\/2026\/04\/10183.webp","width":500,"height":750},{"@type":"BreadcrumbList","@id":"https:\/\/america2026.eu\/fr\/the-american-revolution-at-250-twenty-four-historians-reflect-on-the-founding\/#breadcrumb","itemListElement":[{"@type":"ListItem","position":1,"name":"Accueil","item":"https:\/\/america2026.eu\/fr\/"},{"@type":"ListItem","position":2,"name":"The American Revolution at 250, Twenty-Four Historians Reflect on the Founding"}]},{"@type":"WebSite","@id":"https:\/\/america2026.eu\/#website","url":"https:\/\/america2026.eu\/","name":"America 2026","description":"","publisher":{"@id":"https:\/\/america2026.eu\/#organization"},"potentialAction":[{"@type":"SearchAction","target":{"@type":"EntryPoint","urlTemplate":"https:\/\/america2026.eu\/?s={search_term_string}"},"query-input":{"@type":"PropertyValueSpecification","valueRequired":true,"valueName":"search_term_string"}}],"inLanguage":"fr-FR"},{"@type":"Organization","@id":"https:\/\/america2026.eu\/#organization","name":"America 2026","url":"https:\/\/america2026.eu\/","logo":{"@type":"ImageObject","inLanguage":"fr-FR","@id":"https:\/\/america2026.eu\/#\/schema\/logo\/image\/","url":"https:\/\/america2026.eu\/wp-content\/uploads\/2024\/10\/Untitled-3.png","contentUrl":"https:\/\/america2026.eu\/wp-content\/uploads\/2024\/10\/Untitled-3.png","width":6579,"height":1454,"caption":"America 2026"},"image":{"@id":"https:\/\/america2026.eu\/#\/schema\/logo\/image\/"}},{"@type":"Person","@id":"https:\/\/america2026.eu\/#\/schema\/person\/08b0307583a6353f0213d2613d9954fb","name":"Agn\u00e8s DELAHAYE","image":{"@type":"ImageObject","inLanguage":"fr-FR","@id":"https:\/\/america2026.eu\/#\/schema\/person\/image\/","url":"https:\/\/secure.gravatar.com\/avatar\/85cf3b0fd579da5be8ad50af6d0108ff90e2b73c4f0f8d797c38669db16bd77d?s=96&d=mm&r=g","contentUrl":"https:\/\/secure.gravatar.com\/avatar\/85cf3b0fd579da5be8ad50af6d0108ff90e2b73c4f0f8d797c38669db16bd77d?s=96&d=mm&r=g","caption":"Agn\u00e8s DELAHAYE"}}]}},"_links":{"self":[{"href":"https:\/\/america2026.eu\/fr\/wp-json\/wp\/v2\/posts\/3302","targetHints":{"allow":["GET"]}}],"collection":[{"href":"https:\/\/america2026.eu\/fr\/wp-json\/wp\/v2\/posts"}],"about":[{"href":"https:\/\/america2026.eu\/fr\/wp-json\/wp\/v2\/types\/post"}],"author":[{"embeddable":true,"href":"https:\/\/america2026.eu\/fr\/wp-json\/wp\/v2\/users\/2"}],"replies":[{"embeddable":true,"href":"https:\/\/america2026.eu\/fr\/wp-json\/wp\/v2\/comments?post=3302"}],"version-history":[{"count":1,"href":"https:\/\/america2026.eu\/fr\/wp-json\/wp\/v2\/posts\/3302\/revisions"}],"predecessor-version":[{"id":3303,"href":"https:\/\/america2026.eu\/fr\/wp-json\/wp\/v2\/posts\/3302\/revisions\/3303"}],"wp:featuredmedia":[{"embeddable":true,"href":"https:\/\/america2026.eu\/fr\/wp-json\/wp\/v2\/media\/3295"}],"wp:attachment":[{"href":"https:\/\/america2026.eu\/fr\/wp-json\/wp\/v2\/media?parent=3302"}],"wp:term":[{"taxonomy":"groupes","embeddable":true,"href":"https:\/\/america2026.eu\/fr\/wp-json\/wp\/v2\/groupes?post=3302"}],"curies":[{"name":"wp","href":"https:\/\/api.w.org\/{rel}","templated":true}]}}