{"id":3291,"date":"2026-04-14T07:23:53","date_gmt":"2026-04-14T07:23:53","guid":{"rendered":"https:\/\/america2026.eu\/americas-1776-independence-and-its-enduring-legacies-announcement\/"},"modified":"2026-04-14T07:23:53","modified_gmt":"2026-04-14T07:23:53","slug":"americas-1776-independence-and-its-enduring-legacies-announcement","status":"publish","type":"post","link":"https:\/\/america2026.eu\/fr\/americas-1776-independence-and-its-enduring-legacies-announcement\/","title":{"rendered":"America&rsquo;s 1776: Independence and its Enduring Legacies [Announcement]"},"content":{"rendered":"\n<p>Brenna Holland (she\/her)<\/p>\n\n\n\n<p>Location                                                                                                                                                                         PA<br>United States<\/p>\n\n\n\n<p>June 4, 2026\u00a0&#8211;\u00a0June 6, 2026<\/p>\n\n\n\n<p>July 2026 marks the 250th anniversary of the Declaration of Independence. This central moment in American history has shaped our national self-perception for 250 years even as writers and scholars have debated the origins and meaning of the events of 1776 from the time they occurred until today. Inspired by these discussions and the national commemoration of independence, the David Center for the American Revolution at the American Philosophical Society is convening a conference in June 2026.&nbsp;<\/p>\n\n\n\n<p>What beliefs turned a diffuse movement protesting imperial policy into a radical republican revolution in 1776? How did the events of 1776 play out in the communities that experienced them? How did independence change American society? And how have the legacies of independence shaped America? This conference will bring together scholars, public intellectuals, leaders of cultural organizations and others who have an interest in the Revolution and its commemoration to examine and debate these and related questions.&nbsp;<\/p>\n\n\n\n<p><a href=\"https:\/\/www.amphilsoc.org\/americas-1776-independence-and-its-enduring-legacies-june-4-6-2026\" target=\"_blank\" rel=\"noreferrer noopener\">Learn more about the program here.<\/a><\/p>\n\n\n\n<p>This event is free and open to the public.&nbsp;<a href=\"https:\/\/www.amphilsoc.org\/form\/registration-for-america-s-1776\" target=\"_blank\" rel=\"noreferrer noopener\">Please register to attend this event in person or virtually.<\/a><\/p>\n\n\n\n<p>Contact Information                                                                                                                                                         Thomas Johns (<a href=\"mailto:tjohns@amphilsoc.org\" target=\"_blank\" rel=\"noreferrer noopener\">tjohns@amphilsoc.org<\/a>)<\/p>\n\n\n\n<p>Contact Email                                                                                                                                                         <a href=\"mailto:tjohns@amphilsoc.org\" target=\"_blank\" rel=\"noreferrer noopener\">tjohns@amphilsoc.org<\/a><\/p>\n\n\n\n<p>URL                                                                                                                                                         <a href=\"https:\/\/www.amphilsoc.org\/events\/americas-1776-independence-and-its-enduring-le\u2026\">https:\/\/www.amphilsoc.org\/events\/americas-1776-independence-and-its-enduring-le\u2026<\/a><\/p>\n","protected":false},"excerpt":{"rendered":"July 2026 marks the 250th anniversary of the Declaration of Independence. This central moment in American history has shaped our national self-perception for 250 years even as writers and scholars have debated the origins and meaning of the events of 1776 from the time they occurred until today. Inspired by these discussions and the national commemoration of independence, the David Center for the American Revolution at the American Philosophical Society is convening a conference in June 2026. ","protected":false},"author":2,"featured_media":3289,"comment_status":"open","ping_status":"open","sticky":false,"template":"","format":"standard","meta":{"_acf_changed":false,"footnotes":""},"groupes":[42],"class_list":["post-3291","post","type-post","status-publish","format-standard","has-post-thumbnail","hentry","groupes-au-dela-damerica-2026"],"acf":[],"yoast_head":"<!-- This site is optimized with the Yoast SEO plugin v24.3 - https:\/\/yoast.com\/wordpress\/plugins\/seo\/ -->\n<title>America&#039;s 1776: Independence and its Enduring Legacies [Announcement] - America 2026<\/title>\n<meta name=\"robots\" content=\"index, follow, max-snippet:-1, max-image-preview:large, max-video-preview:-1\" \/>\n<link rel=\"canonical\" href=\"https:\/\/america2026.eu\/fr\/americas-1776-independence-and-its-enduring-legacies-announcement\/\" \/>\n<meta property=\"og:locale\" content=\"fr_FR\" \/>\n<meta property=\"og:type\" content=\"article\" \/>\n<meta property=\"og:title\" content=\"America&#039;s 1776: Independence and its Enduring Legacies [Announcement] - America 2026\" \/>\n<meta property=\"og:description\" content=\"July 2026 marks the 250th anniversary of the Declaration of Independence. This central moment in American history has shaped our national self-perception for 250 years even as writers and scholars have debated the origins and meaning of the events of 1776 from the time they occurred until today. Inspired by these discussions and the national commemoration of independence, the David Center for the American Revolution at the American Philosophical Society is convening a conference in June 2026.\" \/>\n<meta property=\"og:url\" content=\"https:\/\/america2026.eu\/fr\/americas-1776-independence-and-its-enduring-legacies-announcement\/\" \/>\n<meta property=\"og:site_name\" content=\"America 2026\" \/>\n<meta property=\"article:published_time\" content=\"2026-04-14T07:23:53+00:00\" \/>\n<meta property=\"og:image\" content=\"https:\/\/america2026.eu\/wp-content\/uploads\/2024\/10\/Untitled-3.png\" \/>\n\t<meta property=\"og:image:width\" content=\"6579\" \/>\n\t<meta property=\"og:image:height\" content=\"1454\" \/>\n\t<meta property=\"og:image:type\" content=\"image\/png\" \/>\n<meta name=\"author\" content=\"Agn\u00e8s DELAHAYE\" \/>\n<meta name=\"twitter:label1\" content=\"\u00c9crit par\" \/>\n\t<meta name=\"twitter:data1\" content=\"Agn\u00e8s DELAHAYE\" \/>\n\t<meta name=\"twitter:label2\" content=\"Dur\u00e9e de lecture estim\u00e9e\" \/>\n\t<meta name=\"twitter:data2\" content=\"1 minute\" \/>\n<script type=\"application\/ld+json\" class=\"yoast-schema-graph\">{\"@context\":\"https:\/\/schema.org\",\"@graph\":[{\"@type\":\"Article\",\"@id\":\"https:\/\/america2026.eu\/fr\/americas-1776-independence-and-its-enduring-legacies-announcement\/#article\",\"isPartOf\":{\"@id\":\"https:\/\/america2026.eu\/fr\/americas-1776-independence-and-its-enduring-legacies-announcement\/\"},\"author\":{\"name\":\"Agn\u00e8s DELAHAYE\",\"@id\":\"https:\/\/america2026.eu\/#\/schema\/person\/08b0307583a6353f0213d2613d9954fb\"},\"headline\":\"America&rsquo;s 1776: Independence and its Enduring Legacies [Announcement]\",\"datePublished\":\"2026-04-14T07:23:53+00:00\",\"dateModified\":\"2026-04-14T07:23:53+00:00\",\"mainEntityOfPage\":{\"@id\":\"https:\/\/america2026.eu\/fr\/americas-1776-independence-and-its-enduring-legacies-announcement\/\"},\"wordCount\":214,\"commentCount\":0,\"publisher\":{\"@id\":\"https:\/\/america2026.eu\/#organization\"},\"image\":{\"@id\":\"https:\/\/america2026.eu\/fr\/americas-1776-independence-and-its-enduring-legacies-announcement\/#primaryimage\"},\"thumbnailUrl\":\"https:\/\/america2026.eu\/wp-content\/uploads\/2026\/04\/DeclarationBinns960_0.jpg\",\"inLanguage\":\"fr-FR\",\"potentialAction\":[{\"@type\":\"CommentAction\",\"name\":\"Comment\",\"target\":[\"https:\/\/america2026.eu\/fr\/americas-1776-independence-and-its-enduring-legacies-announcement\/#respond\"]}]},{\"@type\":\"WebPage\",\"@id\":\"https:\/\/america2026.eu\/fr\/americas-1776-independence-and-its-enduring-legacies-announcement\/\",\"url\":\"https:\/\/america2026.eu\/fr\/americas-1776-independence-and-its-enduring-legacies-announcement\/\",\"name\":\"America's 1776: Independence and its Enduring Legacies [Announcement] - America 2026\",\"isPartOf\":{\"@id\":\"https:\/\/america2026.eu\/#website\"},\"primaryImageOfPage\":{\"@id\":\"https:\/\/america2026.eu\/fr\/americas-1776-independence-and-its-enduring-legacies-announcement\/#primaryimage\"},\"image\":{\"@id\":\"https:\/\/america2026.eu\/fr\/americas-1776-independence-and-its-enduring-legacies-announcement\/#primaryimage\"},\"thumbnailUrl\":\"https:\/\/america2026.eu\/wp-content\/uploads\/2026\/04\/DeclarationBinns960_0.jpg\",\"datePublished\":\"2026-04-14T07:23:53+00:00\",\"dateModified\":\"2026-04-14T07:23:53+00:00\",\"breadcrumb\":{\"@id\":\"https:\/\/america2026.eu\/fr\/americas-1776-independence-and-its-enduring-legacies-announcement\/#breadcrumb\"},\"inLanguage\":\"fr-FR\",\"potentialAction\":[{\"@type\":\"ReadAction\",\"target\":[\"https:\/\/america2026.eu\/fr\/americas-1776-independence-and-its-enduring-legacies-announcement\/\"]}]},{\"@type\":\"ImageObject\",\"inLanguage\":\"fr-FR\",\"@id\":\"https:\/\/america2026.eu\/fr\/americas-1776-independence-and-its-enduring-legacies-announcement\/#primaryimage\",\"url\":\"https:\/\/america2026.eu\/wp-content\/uploads\/2026\/04\/DeclarationBinns960_0.jpg\",\"contentUrl\":\"https:\/\/america2026.eu\/wp-content\/uploads\/2026\/04\/DeclarationBinns960_0.jpg\",\"width\":960,\"height\":480},{\"@type\":\"BreadcrumbList\",\"@id\":\"https:\/\/america2026.eu\/fr\/americas-1776-independence-and-its-enduring-legacies-announcement\/#breadcrumb\",\"itemListElement\":[{\"@type\":\"ListItem\",\"position\":1,\"name\":\"Accueil\",\"item\":\"https:\/\/america2026.eu\/fr\/\"},{\"@type\":\"ListItem\",\"position\":2,\"name\":\"America&rsquo;s 1776: Independence and its Enduring Legacies [Announcement]\"}]},{\"@type\":\"WebSite\",\"@id\":\"https:\/\/america2026.eu\/#website\",\"url\":\"https:\/\/america2026.eu\/\",\"name\":\"America 2026\",\"description\":\"\",\"publisher\":{\"@id\":\"https:\/\/america2026.eu\/#organization\"},\"potentialAction\":[{\"@type\":\"SearchAction\",\"target\":{\"@type\":\"EntryPoint\",\"urlTemplate\":\"https:\/\/america2026.eu\/?s={search_term_string}\"},\"query-input\":{\"@type\":\"PropertyValueSpecification\",\"valueRequired\":true,\"valueName\":\"search_term_string\"}}],\"inLanguage\":\"fr-FR\"},{\"@type\":\"Organization\",\"@id\":\"https:\/\/america2026.eu\/#organization\",\"name\":\"America 2026\",\"url\":\"https:\/\/america2026.eu\/\",\"logo\":{\"@type\":\"ImageObject\",\"inLanguage\":\"fr-FR\",\"@id\":\"https:\/\/america2026.eu\/#\/schema\/logo\/image\/\",\"url\":\"https:\/\/america2026.eu\/wp-content\/uploads\/2024\/10\/Untitled-3.png\",\"contentUrl\":\"https:\/\/america2026.eu\/wp-content\/uploads\/2024\/10\/Untitled-3.png\",\"width\":6579,\"height\":1454,\"caption\":\"America 2026\"},\"image\":{\"@id\":\"https:\/\/america2026.eu\/#\/schema\/logo\/image\/\"}},{\"@type\":\"Person\",\"@id\":\"https:\/\/america2026.eu\/#\/schema\/person\/08b0307583a6353f0213d2613d9954fb\",\"name\":\"Agn\u00e8s DELAHAYE\",\"image\":{\"@type\":\"ImageObject\",\"inLanguage\":\"fr-FR\",\"@id\":\"https:\/\/america2026.eu\/#\/schema\/person\/image\/\",\"url\":\"https:\/\/secure.gravatar.com\/avatar\/85cf3b0fd579da5be8ad50af6d0108ff90e2b73c4f0f8d797c38669db16bd77d?s=96&d=mm&r=g\",\"contentUrl\":\"https:\/\/secure.gravatar.com\/avatar\/85cf3b0fd579da5be8ad50af6d0108ff90e2b73c4f0f8d797c38669db16bd77d?s=96&d=mm&r=g\",\"caption\":\"Agn\u00e8s DELAHAYE\"}}]}<\/script>\n<!-- \/ Yoast SEO plugin. -->","yoast_head_json":{"title":"America's 1776: Independence and its Enduring Legacies [Announcement] - America 2026","robots":{"index":"index","follow":"follow","max-snippet":"max-snippet:-1","max-image-preview":"max-image-preview:large","max-video-preview":"max-video-preview:-1"},"canonical":"https:\/\/america2026.eu\/fr\/americas-1776-independence-and-its-enduring-legacies-announcement\/","og_locale":"fr_FR","og_type":"article","og_title":"America's 1776: Independence and its Enduring Legacies [Announcement] - America 2026","og_description":"July 2026 marks the 250th anniversary of the Declaration of Independence. This central moment in American history has shaped our national self-perception for 250 years even as writers and scholars have debated the origins and meaning of the events of 1776 from the time they occurred until today. Inspired by these discussions and the national commemoration of independence, the David Center for the American Revolution at the American Philosophical Society is convening a conference in June 2026.","og_url":"https:\/\/america2026.eu\/fr\/americas-1776-independence-and-its-enduring-legacies-announcement\/","og_site_name":"America 2026","article_published_time":"2026-04-14T07:23:53+00:00","og_image":[{"width":6579,"height":1454,"url":"https:\/\/america2026.eu\/wp-content\/uploads\/2024\/10\/Untitled-3.png","type":"image\/png"}],"author":"Agn\u00e8s DELAHAYE","twitter_misc":{"\u00c9crit par":"Agn\u00e8s DELAHAYE","Dur\u00e9e de lecture estim\u00e9e":"1 minute"},"schema":{"@context":"https:\/\/schema.org","@graph":[{"@type":"Article","@id":"https:\/\/america2026.eu\/fr\/americas-1776-independence-and-its-enduring-legacies-announcement\/#article","isPartOf":{"@id":"https:\/\/america2026.eu\/fr\/americas-1776-independence-and-its-enduring-legacies-announcement\/"},"author":{"name":"Agn\u00e8s DELAHAYE","@id":"https:\/\/america2026.eu\/#\/schema\/person\/08b0307583a6353f0213d2613d9954fb"},"headline":"America&rsquo;s 1776: Independence and its Enduring Legacies [Announcement]","datePublished":"2026-04-14T07:23:53+00:00","dateModified":"2026-04-14T07:23:53+00:00","mainEntityOfPage":{"@id":"https:\/\/america2026.eu\/fr\/americas-1776-independence-and-its-enduring-legacies-announcement\/"},"wordCount":214,"commentCount":0,"publisher":{"@id":"https:\/\/america2026.eu\/#organization"},"image":{"@id":"https:\/\/america2026.eu\/fr\/americas-1776-independence-and-its-enduring-legacies-announcement\/#primaryimage"},"thumbnailUrl":"https:\/\/america2026.eu\/wp-content\/uploads\/2026\/04\/DeclarationBinns960_0.jpg","inLanguage":"fr-FR","potentialAction":[{"@type":"CommentAction","name":"Comment","target":["https:\/\/america2026.eu\/fr\/americas-1776-independence-and-its-enduring-legacies-announcement\/#respond"]}]},{"@type":"WebPage","@id":"https:\/\/america2026.eu\/fr\/americas-1776-independence-and-its-enduring-legacies-announcement\/","url":"https:\/\/america2026.eu\/fr\/americas-1776-independence-and-its-enduring-legacies-announcement\/","name":"America's 1776: Independence and its Enduring Legacies [Announcement] - America 2026","isPartOf":{"@id":"https:\/\/america2026.eu\/#website"},"primaryImageOfPage":{"@id":"https:\/\/america2026.eu\/fr\/americas-1776-independence-and-its-enduring-legacies-announcement\/#primaryimage"},"image":{"@id":"https:\/\/america2026.eu\/fr\/americas-1776-independence-and-its-enduring-legacies-announcement\/#primaryimage"},"thumbnailUrl":"https:\/\/america2026.eu\/wp-content\/uploads\/2026\/04\/DeclarationBinns960_0.jpg","datePublished":"2026-04-14T07:23:53+00:00","dateModified":"2026-04-14T07:23:53+00:00","breadcrumb":{"@id":"https:\/\/america2026.eu\/fr\/americas-1776-independence-and-its-enduring-legacies-announcement\/#breadcrumb"},"inLanguage":"fr-FR","potentialAction":[{"@type":"ReadAction","target":["https:\/\/america2026.eu\/fr\/americas-1776-independence-and-its-enduring-legacies-announcement\/"]}]},{"@type":"ImageObject","inLanguage":"fr-FR","@id":"https:\/\/america2026.eu\/fr\/americas-1776-independence-and-its-enduring-legacies-announcement\/#primaryimage","url":"https:\/\/america2026.eu\/wp-content\/uploads\/2026\/04\/DeclarationBinns960_0.jpg","contentUrl":"https:\/\/america2026.eu\/wp-content\/uploads\/2026\/04\/DeclarationBinns960_0.jpg","width":960,"height":480},{"@type":"BreadcrumbList","@id":"https:\/\/america2026.eu\/fr\/americas-1776-independence-and-its-enduring-legacies-announcement\/#breadcrumb","itemListElement":[{"@type":"ListItem","position":1,"name":"Accueil","item":"https:\/\/america2026.eu\/fr\/"},{"@type":"ListItem","position":2,"name":"America&rsquo;s 1776: Independence and its Enduring Legacies [Announcement]"}]},{"@type":"WebSite","@id":"https:\/\/america2026.eu\/#website","url":"https:\/\/america2026.eu\/","name":"America 2026","description":"","publisher":{"@id":"https:\/\/america2026.eu\/#organization"},"potentialAction":[{"@type":"SearchAction","target":{"@type":"EntryPoint","urlTemplate":"https:\/\/america2026.eu\/?s={search_term_string}"},"query-input":{"@type":"PropertyValueSpecification","valueRequired":true,"valueName":"search_term_string"}}],"inLanguage":"fr-FR"},{"@type":"Organization","@id":"https:\/\/america2026.eu\/#organization","name":"America 2026","url":"https:\/\/america2026.eu\/","logo":{"@type":"ImageObject","inLanguage":"fr-FR","@id":"https:\/\/america2026.eu\/#\/schema\/logo\/image\/","url":"https:\/\/america2026.eu\/wp-content\/uploads\/2024\/10\/Untitled-3.png","contentUrl":"https:\/\/america2026.eu\/wp-content\/uploads\/2024\/10\/Untitled-3.png","width":6579,"height":1454,"caption":"America 2026"},"image":{"@id":"https:\/\/america2026.eu\/#\/schema\/logo\/image\/"}},{"@type":"Person","@id":"https:\/\/america2026.eu\/#\/schema\/person\/08b0307583a6353f0213d2613d9954fb","name":"Agn\u00e8s DELAHAYE","image":{"@type":"ImageObject","inLanguage":"fr-FR","@id":"https:\/\/america2026.eu\/#\/schema\/person\/image\/","url":"https:\/\/secure.gravatar.com\/avatar\/85cf3b0fd579da5be8ad50af6d0108ff90e2b73c4f0f8d797c38669db16bd77d?s=96&d=mm&r=g","contentUrl":"https:\/\/secure.gravatar.com\/avatar\/85cf3b0fd579da5be8ad50af6d0108ff90e2b73c4f0f8d797c38669db16bd77d?s=96&d=mm&r=g","caption":"Agn\u00e8s DELAHAYE"}}]}},"_links":{"self":[{"href":"https:\/\/america2026.eu\/fr\/wp-json\/wp\/v2\/posts\/3291","targetHints":{"allow":["GET"]}}],"collection":[{"href":"https:\/\/america2026.eu\/fr\/wp-json\/wp\/v2\/posts"}],"about":[{"href":"https:\/\/america2026.eu\/fr\/wp-json\/wp\/v2\/types\/post"}],"author":[{"embeddable":true,"href":"https:\/\/america2026.eu\/fr\/wp-json\/wp\/v2\/users\/2"}],"replies":[{"embeddable":true,"href":"https:\/\/america2026.eu\/fr\/wp-json\/wp\/v2\/comments?post=3291"}],"version-history":[{"count":0,"href":"https:\/\/america2026.eu\/fr\/wp-json\/wp\/v2\/posts\/3291\/revisions"}],"wp:featuredmedia":[{"embeddable":true,"href":"https:\/\/america2026.eu\/fr\/wp-json\/wp\/v2\/media\/3289"}],"wp:attachment":[{"href":"https:\/\/america2026.eu\/fr\/wp-json\/wp\/v2\/media?parent=3291"}],"wp:term":[{"taxonomy":"groupes","embeddable":true,"href":"https:\/\/america2026.eu\/fr\/wp-json\/wp\/v2\/groupes?post=3291"}],"curies":[{"name":"wp","href":"https:\/\/api.w.org\/{rel}","templated":true}]}}