{"id":3268,"date":"2026-04-06T21:24:26","date_gmt":"2026-04-06T21:24:26","guid":{"rendered":"https:\/\/america2026.eu\/?p=3268"},"modified":"2026-04-06T21:24:34","modified_gmt":"2026-04-06T21:24:34","slug":"aps-2026-exhibition-opening","status":"publish","type":"post","link":"https:\/\/america2026.eu\/fr\/aps-2026-exhibition-opening\/","title":{"rendered":"APS 2026 Exhibition Opening"},"content":{"rendered":"\n<h4 class=\"wp-block-heading\">These Truths: The Declarations of Independence<\/h4>\n\n\n\n<p>104 S. 5th Street Philadelphia, PA 19106                                                                                                               April 10, 2026\u00a0&#8211;\u00a0January 3, 2027<\/p>\n\n\n\n<p><em>These Truths: The Declarations of Independence<\/em>&nbsp;explores how Americans used and reproduced the document during the first fifty years of its history. At first it served as a pronouncement of news, later a political tool, and then transformed into a national symbol.<\/p>\n\n\n\n<p>The creation of the Declaration was a process, not an event, and its story is more complex than assumed. The many copies of the Declaration in the exhibition offer a reminder that the Declaration\u2019s \u201ctruths\u201d were never static and each era reevaluated their meaning.<\/p>\n\n\n\n<p><em>These Truths<\/em>&nbsp;draws on the APS\u2019s extensive Library and Museum holdings. Highlights of the exhibition include a first printing of Thomas Paine\u2019s&nbsp;<em>Common Sense<\/em>, the chair Thomas Jefferson sat in while writing the Declaration of Independence, John Binns\u2019 1819 printing of the Declaration, and William James Stone\u2019s 1823 printing of the Declaration.<\/p>\n\n\n\n<p><em>These Truths: The Declarations of Independence<\/em>&nbsp;will be open from April 10, 2026 to January 3, 2027 at the American Philosophical Society Museum.<\/p>\n\n\n\n<figure class=\"wp-block-image size-large\"><img loading=\"lazy\" decoding=\"async\" width=\"1024\" height=\"426\" src=\"https:\/\/america2026.eu\/wp-content\/uploads\/2026\/04\/Capture-decran-2026-04-06-a-22.23.24-1024x426.png\" alt=\"\" class=\"wp-image-3269\" srcset=\"https:\/\/america2026.eu\/wp-content\/uploads\/2026\/04\/Capture-decran-2026-04-06-a-22.23.24-1024x426.png 1024w, https:\/\/america2026.eu\/wp-content\/uploads\/2026\/04\/Capture-decran-2026-04-06-a-22.23.24-300x125.png 300w, https:\/\/america2026.eu\/wp-content\/uploads\/2026\/04\/Capture-decran-2026-04-06-a-22.23.24-768x319.png 768w, https:\/\/america2026.eu\/wp-content\/uploads\/2026\/04\/Capture-decran-2026-04-06-a-22.23.24-1536x638.png 1536w, https:\/\/america2026.eu\/wp-content\/uploads\/2026\/04\/Capture-decran-2026-04-06-a-22.23.24-2048x851.png 2048w\" sizes=\"auto, (max-width: 1024px) 100vw, 1024px\" \/><\/figure>\n","protected":false},"excerpt":{"rendered":"These Truths: The Declarations of Independence\u00a0explores how Americans used and reproduced the document during the first fifty years of its history. At first it served as a pronouncement of news, later a political tool, and then transformed into a national symbol.","protected":false},"author":2,"featured_media":3271,"comment_status":"open","ping_status":"open","sticky":false,"template":"","format":"standard","meta":{"_acf_changed":false,"footnotes":""},"groupes":[42],"class_list":["post-3268","post","type-post","status-publish","format-standard","has-post-thumbnail","hentry","groupes-au-dela-damerica-2026"],"acf":[],"yoast_head":"<!-- This site is optimized with the Yoast SEO plugin v24.3 - https:\/\/yoast.com\/wordpress\/plugins\/seo\/ -->\n<title>APS 2026 Exhibition Opening - America 2026<\/title>\n<meta name=\"robots\" content=\"index, follow, max-snippet:-1, max-image-preview:large, max-video-preview:-1\" \/>\n<link rel=\"canonical\" href=\"https:\/\/america2026.eu\/fr\/aps-2026-exhibition-opening\/\" \/>\n<meta property=\"og:locale\" content=\"fr_FR\" \/>\n<meta property=\"og:type\" content=\"article\" \/>\n<meta property=\"og:title\" content=\"APS 2026 Exhibition Opening - America 2026\" \/>\n<meta property=\"og:description\" content=\"These Truths: The Declarations of Independence\u00a0explores how Americans used and reproduced the document during the first fifty years of its history. At first it served as a pronouncement of news, later a political tool, and then transformed into a national symbol.\" \/>\n<meta property=\"og:url\" content=\"https:\/\/america2026.eu\/fr\/aps-2026-exhibition-opening\/\" \/>\n<meta property=\"og:site_name\" content=\"America 2026\" \/>\n<meta property=\"article:published_time\" content=\"2026-04-06T21:24:26+00:00\" \/>\n<meta property=\"article:modified_time\" content=\"2026-04-06T21:24:34+00:00\" \/>\n<meta property=\"og:image\" content=\"https:\/\/america2026.eu\/wp-content\/uploads\/2026\/04\/Capture-decran-2026-04-06-a-22.21.42-1024x502.png\" \/>\n\t<meta property=\"og:image:width\" content=\"1024\" \/>\n\t<meta property=\"og:image:height\" content=\"502\" \/>\n\t<meta property=\"og:image:type\" content=\"image\/png\" \/>\n<meta name=\"author\" content=\"Agn\u00e8s DELAHAYE\" \/>\n<meta name=\"twitter:label1\" content=\"\u00c9crit par\" \/>\n\t<meta name=\"twitter:data1\" content=\"Agn\u00e8s DELAHAYE\" \/>\n\t<meta name=\"twitter:label2\" content=\"Dur\u00e9e de lecture estim\u00e9e\" \/>\n\t<meta name=\"twitter:data2\" content=\"2 minutes\" \/>\n<script type=\"application\/ld+json\" class=\"yoast-schema-graph\">{\"@context\":\"https:\/\/schema.org\",\"@graph\":[{\"@type\":\"Article\",\"@id\":\"https:\/\/america2026.eu\/fr\/aps-2026-exhibition-opening\/#article\",\"isPartOf\":{\"@id\":\"https:\/\/america2026.eu\/fr\/aps-2026-exhibition-opening\/\"},\"author\":{\"name\":\"Agn\u00e8s DELAHAYE\",\"@id\":\"https:\/\/america2026.eu\/#\/schema\/person\/08b0307583a6353f0213d2613d9954fb\"},\"headline\":\"APS 2026 Exhibition Opening\",\"datePublished\":\"2026-04-06T21:24:26+00:00\",\"dateModified\":\"2026-04-06T21:24:34+00:00\",\"mainEntityOfPage\":{\"@id\":\"https:\/\/america2026.eu\/fr\/aps-2026-exhibition-opening\/\"},\"wordCount\":180,\"commentCount\":0,\"publisher\":{\"@id\":\"https:\/\/america2026.eu\/#organization\"},\"image\":{\"@id\":\"https:\/\/america2026.eu\/fr\/aps-2026-exhibition-opening\/#primaryimage\"},\"thumbnailUrl\":\"https:\/\/america2026.eu\/wp-content\/uploads\/2026\/04\/Capture-decran-2026-04-06-a-22.21.42.png\",\"inLanguage\":\"fr-FR\",\"potentialAction\":[{\"@type\":\"CommentAction\",\"name\":\"Comment\",\"target\":[\"https:\/\/america2026.eu\/fr\/aps-2026-exhibition-opening\/#respond\"]}]},{\"@type\":\"WebPage\",\"@id\":\"https:\/\/america2026.eu\/fr\/aps-2026-exhibition-opening\/\",\"url\":\"https:\/\/america2026.eu\/fr\/aps-2026-exhibition-opening\/\",\"name\":\"APS 2026 Exhibition Opening - America 2026\",\"isPartOf\":{\"@id\":\"https:\/\/america2026.eu\/#website\"},\"primaryImageOfPage\":{\"@id\":\"https:\/\/america2026.eu\/fr\/aps-2026-exhibition-opening\/#primaryimage\"},\"image\":{\"@id\":\"https:\/\/america2026.eu\/fr\/aps-2026-exhibition-opening\/#primaryimage\"},\"thumbnailUrl\":\"https:\/\/america2026.eu\/wp-content\/uploads\/2026\/04\/Capture-decran-2026-04-06-a-22.21.42.png\",\"datePublished\":\"2026-04-06T21:24:26+00:00\",\"dateModified\":\"2026-04-06T21:24:34+00:00\",\"breadcrumb\":{\"@id\":\"https:\/\/america2026.eu\/fr\/aps-2026-exhibition-opening\/#breadcrumb\"},\"inLanguage\":\"fr-FR\",\"potentialAction\":[{\"@type\":\"ReadAction\",\"target\":[\"https:\/\/america2026.eu\/fr\/aps-2026-exhibition-opening\/\"]}]},{\"@type\":\"ImageObject\",\"inLanguage\":\"fr-FR\",\"@id\":\"https:\/\/america2026.eu\/fr\/aps-2026-exhibition-opening\/#primaryimage\",\"url\":\"https:\/\/america2026.eu\/wp-content\/uploads\/2026\/04\/Capture-decran-2026-04-06-a-22.21.42.png\",\"contentUrl\":\"https:\/\/america2026.eu\/wp-content\/uploads\/2026\/04\/Capture-decran-2026-04-06-a-22.21.42.png\",\"width\":1946,\"height\":954},{\"@type\":\"BreadcrumbList\",\"@id\":\"https:\/\/america2026.eu\/fr\/aps-2026-exhibition-opening\/#breadcrumb\",\"itemListElement\":[{\"@type\":\"ListItem\",\"position\":1,\"name\":\"Accueil\",\"item\":\"https:\/\/america2026.eu\/fr\/\"},{\"@type\":\"ListItem\",\"position\":2,\"name\":\"APS 2026 Exhibition Opening\"}]},{\"@type\":\"WebSite\",\"@id\":\"https:\/\/america2026.eu\/#website\",\"url\":\"https:\/\/america2026.eu\/\",\"name\":\"America 2026\",\"description\":\"\",\"publisher\":{\"@id\":\"https:\/\/america2026.eu\/#organization\"},\"potentialAction\":[{\"@type\":\"SearchAction\",\"target\":{\"@type\":\"EntryPoint\",\"urlTemplate\":\"https:\/\/america2026.eu\/?s={search_term_string}\"},\"query-input\":{\"@type\":\"PropertyValueSpecification\",\"valueRequired\":true,\"valueName\":\"search_term_string\"}}],\"inLanguage\":\"fr-FR\"},{\"@type\":\"Organization\",\"@id\":\"https:\/\/america2026.eu\/#organization\",\"name\":\"America 2026\",\"url\":\"https:\/\/america2026.eu\/\",\"logo\":{\"@type\":\"ImageObject\",\"inLanguage\":\"fr-FR\",\"@id\":\"https:\/\/america2026.eu\/#\/schema\/logo\/image\/\",\"url\":\"https:\/\/america2026.eu\/wp-content\/uploads\/2024\/10\/Untitled-3.png\",\"contentUrl\":\"https:\/\/america2026.eu\/wp-content\/uploads\/2024\/10\/Untitled-3.png\",\"width\":6579,\"height\":1454,\"caption\":\"America 2026\"},\"image\":{\"@id\":\"https:\/\/america2026.eu\/#\/schema\/logo\/image\/\"}},{\"@type\":\"Person\",\"@id\":\"https:\/\/america2026.eu\/#\/schema\/person\/08b0307583a6353f0213d2613d9954fb\",\"name\":\"Agn\u00e8s DELAHAYE\",\"image\":{\"@type\":\"ImageObject\",\"inLanguage\":\"fr-FR\",\"@id\":\"https:\/\/america2026.eu\/#\/schema\/person\/image\/\",\"url\":\"https:\/\/secure.gravatar.com\/avatar\/85cf3b0fd579da5be8ad50af6d0108ff90e2b73c4f0f8d797c38669db16bd77d?s=96&d=mm&r=g\",\"contentUrl\":\"https:\/\/secure.gravatar.com\/avatar\/85cf3b0fd579da5be8ad50af6d0108ff90e2b73c4f0f8d797c38669db16bd77d?s=96&d=mm&r=g\",\"caption\":\"Agn\u00e8s DELAHAYE\"}}]}<\/script>\n<!-- \/ Yoast SEO plugin. -->","yoast_head_json":{"title":"APS 2026 Exhibition Opening - America 2026","robots":{"index":"index","follow":"follow","max-snippet":"max-snippet:-1","max-image-preview":"max-image-preview:large","max-video-preview":"max-video-preview:-1"},"canonical":"https:\/\/america2026.eu\/fr\/aps-2026-exhibition-opening\/","og_locale":"fr_FR","og_type":"article","og_title":"APS 2026 Exhibition Opening - America 2026","og_description":"These Truths: The Declarations of Independence\u00a0explores how Americans used and reproduced the document during the first fifty years of its history. At first it served as a pronouncement of news, later a political tool, and then transformed into a national symbol.","og_url":"https:\/\/america2026.eu\/fr\/aps-2026-exhibition-opening\/","og_site_name":"America 2026","article_published_time":"2026-04-06T21:24:26+00:00","article_modified_time":"2026-04-06T21:24:34+00:00","og_image":[{"width":1024,"height":502,"url":"https:\/\/america2026.eu\/wp-content\/uploads\/2026\/04\/Capture-decran-2026-04-06-a-22.21.42-1024x502.png","type":"image\/png"}],"author":"Agn\u00e8s DELAHAYE","twitter_misc":{"\u00c9crit par":"Agn\u00e8s DELAHAYE","Dur\u00e9e de lecture estim\u00e9e":"2 minutes"},"schema":{"@context":"https:\/\/schema.org","@graph":[{"@type":"Article","@id":"https:\/\/america2026.eu\/fr\/aps-2026-exhibition-opening\/#article","isPartOf":{"@id":"https:\/\/america2026.eu\/fr\/aps-2026-exhibition-opening\/"},"author":{"name":"Agn\u00e8s DELAHAYE","@id":"https:\/\/america2026.eu\/#\/schema\/person\/08b0307583a6353f0213d2613d9954fb"},"headline":"APS 2026 Exhibition Opening","datePublished":"2026-04-06T21:24:26+00:00","dateModified":"2026-04-06T21:24:34+00:00","mainEntityOfPage":{"@id":"https:\/\/america2026.eu\/fr\/aps-2026-exhibition-opening\/"},"wordCount":180,"commentCount":0,"publisher":{"@id":"https:\/\/america2026.eu\/#organization"},"image":{"@id":"https:\/\/america2026.eu\/fr\/aps-2026-exhibition-opening\/#primaryimage"},"thumbnailUrl":"https:\/\/america2026.eu\/wp-content\/uploads\/2026\/04\/Capture-decran-2026-04-06-a-22.21.42.png","inLanguage":"fr-FR","potentialAction":[{"@type":"CommentAction","name":"Comment","target":["https:\/\/america2026.eu\/fr\/aps-2026-exhibition-opening\/#respond"]}]},{"@type":"WebPage","@id":"https:\/\/america2026.eu\/fr\/aps-2026-exhibition-opening\/","url":"https:\/\/america2026.eu\/fr\/aps-2026-exhibition-opening\/","name":"APS 2026 Exhibition Opening - America 2026","isPartOf":{"@id":"https:\/\/america2026.eu\/#website"},"primaryImageOfPage":{"@id":"https:\/\/america2026.eu\/fr\/aps-2026-exhibition-opening\/#primaryimage"},"image":{"@id":"https:\/\/america2026.eu\/fr\/aps-2026-exhibition-opening\/#primaryimage"},"thumbnailUrl":"https:\/\/america2026.eu\/wp-content\/uploads\/2026\/04\/Capture-decran-2026-04-06-a-22.21.42.png","datePublished":"2026-04-06T21:24:26+00:00","dateModified":"2026-04-06T21:24:34+00:00","breadcrumb":{"@id":"https:\/\/america2026.eu\/fr\/aps-2026-exhibition-opening\/#breadcrumb"},"inLanguage":"fr-FR","potentialAction":[{"@type":"ReadAction","target":["https:\/\/america2026.eu\/fr\/aps-2026-exhibition-opening\/"]}]},{"@type":"ImageObject","inLanguage":"fr-FR","@id":"https:\/\/america2026.eu\/fr\/aps-2026-exhibition-opening\/#primaryimage","url":"https:\/\/america2026.eu\/wp-content\/uploads\/2026\/04\/Capture-decran-2026-04-06-a-22.21.42.png","contentUrl":"https:\/\/america2026.eu\/wp-content\/uploads\/2026\/04\/Capture-decran-2026-04-06-a-22.21.42.png","width":1946,"height":954},{"@type":"BreadcrumbList","@id":"https:\/\/america2026.eu\/fr\/aps-2026-exhibition-opening\/#breadcrumb","itemListElement":[{"@type":"ListItem","position":1,"name":"Accueil","item":"https:\/\/america2026.eu\/fr\/"},{"@type":"ListItem","position":2,"name":"APS 2026 Exhibition Opening"}]},{"@type":"WebSite","@id":"https:\/\/america2026.eu\/#website","url":"https:\/\/america2026.eu\/","name":"America 2026","description":"","publisher":{"@id":"https:\/\/america2026.eu\/#organization"},"potentialAction":[{"@type":"SearchAction","target":{"@type":"EntryPoint","urlTemplate":"https:\/\/america2026.eu\/?s={search_term_string}"},"query-input":{"@type":"PropertyValueSpecification","valueRequired":true,"valueName":"search_term_string"}}],"inLanguage":"fr-FR"},{"@type":"Organization","@id":"https:\/\/america2026.eu\/#organization","name":"America 2026","url":"https:\/\/america2026.eu\/","logo":{"@type":"ImageObject","inLanguage":"fr-FR","@id":"https:\/\/america2026.eu\/#\/schema\/logo\/image\/","url":"https:\/\/america2026.eu\/wp-content\/uploads\/2024\/10\/Untitled-3.png","contentUrl":"https:\/\/america2026.eu\/wp-content\/uploads\/2024\/10\/Untitled-3.png","width":6579,"height":1454,"caption":"America 2026"},"image":{"@id":"https:\/\/america2026.eu\/#\/schema\/logo\/image\/"}},{"@type":"Person","@id":"https:\/\/america2026.eu\/#\/schema\/person\/08b0307583a6353f0213d2613d9954fb","name":"Agn\u00e8s DELAHAYE","image":{"@type":"ImageObject","inLanguage":"fr-FR","@id":"https:\/\/america2026.eu\/#\/schema\/person\/image\/","url":"https:\/\/secure.gravatar.com\/avatar\/85cf3b0fd579da5be8ad50af6d0108ff90e2b73c4f0f8d797c38669db16bd77d?s=96&d=mm&r=g","contentUrl":"https:\/\/secure.gravatar.com\/avatar\/85cf3b0fd579da5be8ad50af6d0108ff90e2b73c4f0f8d797c38669db16bd77d?s=96&d=mm&r=g","caption":"Agn\u00e8s DELAHAYE"}}]}},"_links":{"self":[{"href":"https:\/\/america2026.eu\/fr\/wp-json\/wp\/v2\/posts\/3268","targetHints":{"allow":["GET"]}}],"collection":[{"href":"https:\/\/america2026.eu\/fr\/wp-json\/wp\/v2\/posts"}],"about":[{"href":"https:\/\/america2026.eu\/fr\/wp-json\/wp\/v2\/types\/post"}],"author":[{"embeddable":true,"href":"https:\/\/america2026.eu\/fr\/wp-json\/wp\/v2\/users\/2"}],"replies":[{"embeddable":true,"href":"https:\/\/america2026.eu\/fr\/wp-json\/wp\/v2\/comments?post=3268"}],"version-history":[{"count":1,"href":"https:\/\/america2026.eu\/fr\/wp-json\/wp\/v2\/posts\/3268\/revisions"}],"predecessor-version":[{"id":3273,"href":"https:\/\/america2026.eu\/fr\/wp-json\/wp\/v2\/posts\/3268\/revisions\/3273"}],"wp:featuredmedia":[{"embeddable":true,"href":"https:\/\/america2026.eu\/fr\/wp-json\/wp\/v2\/media\/3271"}],"wp:attachment":[{"href":"https:\/\/america2026.eu\/fr\/wp-json\/wp\/v2\/media?parent=3268"}],"wp:term":[{"taxonomy":"groupes","embeddable":true,"href":"https:\/\/america2026.eu\/fr\/wp-json\/wp\/v2\/groupes?post=3268"}],"curies":[{"name":"wp","href":"https:\/\/api.w.org\/{rel}","templated":true}]}}