{"id":3229,"date":"2026-04-03T08:57:48","date_gmt":"2026-04-03T08:57:48","guid":{"rendered":"https:\/\/america2026.eu\/?p=3229"},"modified":"2026-04-03T08:58:28","modified_gmt":"2026-04-03T08:58:28","slug":"washington-le-premier-des-americains","status":"publish","type":"post","link":"https:\/\/america2026.eu\/fr\/washington-le-premier-des-americains\/","title":{"rendered":"Washington Le premier des Am\u00e9ricains"},"content":{"rendered":"\n<p><strong>\u00ab Premier dans la guerre, premier dans la paix et premier dans le coeur de ses concitoyens \u00bb, George Washington (1732-1799) domine encore, plus de deux si\u00e8cles apr\u00e8s sa mort, le panth\u00e9on des Am\u00e9ricains.<\/strong><\/p>\n\n\n\n<p>Commandant en chef de l\u2019Arm\u00e9e continentale lors de la guerre d\u2019Ind\u00e9pendance puis pr\u00e9sident de la jeune r\u00e9publique, Washington est le P\u00e8re fondateur par excellence. Ce livre retrace la transformation d\u2019un Virginien sans grande fortune en h\u00e9ros de la guerre de Sept Ans, en notable richissime et enfin en acteur politique majeur de la cr\u00e9ation des \u00c9tats-Unis. Yves-Marie P\u00e9r\u00e9on nous d\u00e9voile les attachements et les passions que dissimule le visage impassible des portraits officiels.<\/p>\n\n\n\n<p>Alors que les \u00c9tats-Unis c\u00e9l\u00e8brent les 250 ans de leur ind\u00e9pendance, la vie mouvement\u00e9e de Washington illustre la vigueur mais aussi les ambigu\u00eft\u00e9s d\u2019une r\u00e9publique qui fait face aujourd\u2019hui \u00e0 de nouveaux p\u00e9rils.<\/p>\n","protected":false},"excerpt":{"rendered":"\u00ab Premier dans la guerre, premier dans la paix et premier dans le coeur de ses concitoyens \u00bb, George Washington (1732-1799) domine encore, plus de deux si\u00e8cles apr\u00e8s sa mort, le panth\u00e9on des Am\u00e9ricains.","protected":false},"author":2,"featured_media":3231,"comment_status":"open","ping_status":"open","sticky":false,"template":"","format":"standard","meta":{"_acf_changed":false,"footnotes":""},"groupes":[42],"class_list":["post-3229","post","type-post","status-publish","format-standard","has-post-thumbnail","hentry","groupes-au-dela-damerica-2026"],"acf":[],"yoast_head":"<!-- This site is optimized with the Yoast SEO plugin v24.3 - https:\/\/yoast.com\/wordpress\/plugins\/seo\/ -->\n<title>Washington Le premier des Am\u00e9ricains - America 2026<\/title>\n<meta name=\"robots\" content=\"index, follow, max-snippet:-1, max-image-preview:large, max-video-preview:-1\" \/>\n<link rel=\"canonical\" href=\"https:\/\/america2026.eu\/fr\/washington-le-premier-des-americains\/\" \/>\n<meta property=\"og:locale\" content=\"fr_FR\" \/>\n<meta property=\"og:type\" content=\"article\" \/>\n<meta property=\"og:title\" content=\"Washington Le premier des Am\u00e9ricains - America 2026\" \/>\n<meta property=\"og:description\" content=\"\u00ab Premier dans la guerre, premier dans la paix et premier dans le coeur de ses concitoyens \u00bb, George Washington (1732-1799) domine encore, plus de deux si\u00e8cles apr\u00e8s sa mort, le panth\u00e9on des Am\u00e9ricains.\" \/>\n<meta property=\"og:url\" content=\"https:\/\/america2026.eu\/fr\/washington-le-premier-des-americains\/\" \/>\n<meta property=\"og:site_name\" content=\"America 2026\" \/>\n<meta property=\"article:published_time\" content=\"2026-04-03T08:57:48+00:00\" \/>\n<meta property=\"article:modified_time\" content=\"2026-04-03T08:58:28+00:00\" \/>\n<meta property=\"og:image\" content=\"https:\/\/america2026.eu\/wp-content\/uploads\/2026\/04\/washington.jpg\" \/>\n\t<meta property=\"og:image:width\" content=\"236\" \/>\n\t<meta property=\"og:image:height\" content=\"350\" \/>\n\t<meta property=\"og:image:type\" content=\"image\/jpeg\" \/>\n<meta name=\"author\" content=\"Agn\u00e8s DELAHAYE\" \/>\n<meta name=\"twitter:label1\" content=\"\u00c9crit par\" \/>\n\t<meta name=\"twitter:data1\" content=\"Agn\u00e8s DELAHAYE\" \/>\n\t<meta name=\"twitter:label2\" content=\"Dur\u00e9e de lecture estim\u00e9e\" \/>\n\t<meta name=\"twitter:data2\" content=\"1 minute\" \/>\n<script type=\"application\/ld+json\" class=\"yoast-schema-graph\">{\"@context\":\"https:\/\/schema.org\",\"@graph\":[{\"@type\":\"Article\",\"@id\":\"https:\/\/america2026.eu\/fr\/washington-le-premier-des-americains\/#article\",\"isPartOf\":{\"@id\":\"https:\/\/america2026.eu\/fr\/washington-le-premier-des-americains\/\"},\"author\":{\"name\":\"Agn\u00e8s DELAHAYE\",\"@id\":\"https:\/\/america2026.eu\/#\/schema\/person\/08b0307583a6353f0213d2613d9954fb\"},\"headline\":\"Washington Le premier des Am\u00e9ricains\",\"datePublished\":\"2026-04-03T08:57:48+00:00\",\"dateModified\":\"2026-04-03T08:58:28+00:00\",\"mainEntityOfPage\":{\"@id\":\"https:\/\/america2026.eu\/fr\/washington-le-premier-des-americains\/\"},\"wordCount\":169,\"commentCount\":0,\"publisher\":{\"@id\":\"https:\/\/america2026.eu\/#organization\"},\"image\":{\"@id\":\"https:\/\/america2026.eu\/fr\/washington-le-premier-des-americains\/#primaryimage\"},\"thumbnailUrl\":\"https:\/\/america2026.eu\/wp-content\/uploads\/2026\/04\/washington.jpg\",\"inLanguage\":\"fr-FR\",\"potentialAction\":[{\"@type\":\"CommentAction\",\"name\":\"Comment\",\"target\":[\"https:\/\/america2026.eu\/fr\/washington-le-premier-des-americains\/#respond\"]}]},{\"@type\":\"WebPage\",\"@id\":\"https:\/\/america2026.eu\/fr\/washington-le-premier-des-americains\/\",\"url\":\"https:\/\/america2026.eu\/fr\/washington-le-premier-des-americains\/\",\"name\":\"Washington Le premier des Am\u00e9ricains - America 2026\",\"isPartOf\":{\"@id\":\"https:\/\/america2026.eu\/#website\"},\"primaryImageOfPage\":{\"@id\":\"https:\/\/america2026.eu\/fr\/washington-le-premier-des-americains\/#primaryimage\"},\"image\":{\"@id\":\"https:\/\/america2026.eu\/fr\/washington-le-premier-des-americains\/#primaryimage\"},\"thumbnailUrl\":\"https:\/\/america2026.eu\/wp-content\/uploads\/2026\/04\/washington.jpg\",\"datePublished\":\"2026-04-03T08:57:48+00:00\",\"dateModified\":\"2026-04-03T08:58:28+00:00\",\"breadcrumb\":{\"@id\":\"https:\/\/america2026.eu\/fr\/washington-le-premier-des-americains\/#breadcrumb\"},\"inLanguage\":\"fr-FR\",\"potentialAction\":[{\"@type\":\"ReadAction\",\"target\":[\"https:\/\/america2026.eu\/fr\/washington-le-premier-des-americains\/\"]}]},{\"@type\":\"ImageObject\",\"inLanguage\":\"fr-FR\",\"@id\":\"https:\/\/america2026.eu\/fr\/washington-le-premier-des-americains\/#primaryimage\",\"url\":\"https:\/\/america2026.eu\/wp-content\/uploads\/2026\/04\/washington.jpg\",\"contentUrl\":\"https:\/\/america2026.eu\/wp-content\/uploads\/2026\/04\/washington.jpg\",\"width\":236,\"height\":350},{\"@type\":\"BreadcrumbList\",\"@id\":\"https:\/\/america2026.eu\/fr\/washington-le-premier-des-americains\/#breadcrumb\",\"itemListElement\":[{\"@type\":\"ListItem\",\"position\":1,\"name\":\"Accueil\",\"item\":\"https:\/\/america2026.eu\/fr\/\"},{\"@type\":\"ListItem\",\"position\":2,\"name\":\"Washington Le premier des Am\u00e9ricains\"}]},{\"@type\":\"WebSite\",\"@id\":\"https:\/\/america2026.eu\/#website\",\"url\":\"https:\/\/america2026.eu\/\",\"name\":\"America 2026\",\"description\":\"\",\"publisher\":{\"@id\":\"https:\/\/america2026.eu\/#organization\"},\"potentialAction\":[{\"@type\":\"SearchAction\",\"target\":{\"@type\":\"EntryPoint\",\"urlTemplate\":\"https:\/\/america2026.eu\/?s={search_term_string}\"},\"query-input\":{\"@type\":\"PropertyValueSpecification\",\"valueRequired\":true,\"valueName\":\"search_term_string\"}}],\"inLanguage\":\"fr-FR\"},{\"@type\":\"Organization\",\"@id\":\"https:\/\/america2026.eu\/#organization\",\"name\":\"America 2026\",\"url\":\"https:\/\/america2026.eu\/\",\"logo\":{\"@type\":\"ImageObject\",\"inLanguage\":\"fr-FR\",\"@id\":\"https:\/\/america2026.eu\/#\/schema\/logo\/image\/\",\"url\":\"https:\/\/america2026.eu\/wp-content\/uploads\/2024\/10\/Untitled-3.png\",\"contentUrl\":\"https:\/\/america2026.eu\/wp-content\/uploads\/2024\/10\/Untitled-3.png\",\"width\":6579,\"height\":1454,\"caption\":\"America 2026\"},\"image\":{\"@id\":\"https:\/\/america2026.eu\/#\/schema\/logo\/image\/\"}},{\"@type\":\"Person\",\"@id\":\"https:\/\/america2026.eu\/#\/schema\/person\/08b0307583a6353f0213d2613d9954fb\",\"name\":\"Agn\u00e8s DELAHAYE\",\"image\":{\"@type\":\"ImageObject\",\"inLanguage\":\"fr-FR\",\"@id\":\"https:\/\/america2026.eu\/#\/schema\/person\/image\/\",\"url\":\"https:\/\/secure.gravatar.com\/avatar\/85cf3b0fd579da5be8ad50af6d0108ff90e2b73c4f0f8d797c38669db16bd77d?s=96&d=mm&r=g\",\"contentUrl\":\"https:\/\/secure.gravatar.com\/avatar\/85cf3b0fd579da5be8ad50af6d0108ff90e2b73c4f0f8d797c38669db16bd77d?s=96&d=mm&r=g\",\"caption\":\"Agn\u00e8s DELAHAYE\"}}]}<\/script>\n<!-- \/ Yoast SEO plugin. -->","yoast_head_json":{"title":"Washington Le premier des Am\u00e9ricains - America 2026","robots":{"index":"index","follow":"follow","max-snippet":"max-snippet:-1","max-image-preview":"max-image-preview:large","max-video-preview":"max-video-preview:-1"},"canonical":"https:\/\/america2026.eu\/fr\/washington-le-premier-des-americains\/","og_locale":"fr_FR","og_type":"article","og_title":"Washington Le premier des Am\u00e9ricains - America 2026","og_description":"\u00ab Premier dans la guerre, premier dans la paix et premier dans le coeur de ses concitoyens \u00bb, George Washington (1732-1799) domine encore, plus de deux si\u00e8cles apr\u00e8s sa mort, le panth\u00e9on des Am\u00e9ricains.","og_url":"https:\/\/america2026.eu\/fr\/washington-le-premier-des-americains\/","og_site_name":"America 2026","article_published_time":"2026-04-03T08:57:48+00:00","article_modified_time":"2026-04-03T08:58:28+00:00","og_image":[{"width":236,"height":350,"url":"https:\/\/america2026.eu\/wp-content\/uploads\/2026\/04\/washington.jpg","type":"image\/jpeg"}],"author":"Agn\u00e8s DELAHAYE","twitter_misc":{"\u00c9crit par":"Agn\u00e8s DELAHAYE","Dur\u00e9e de lecture estim\u00e9e":"1 minute"},"schema":{"@context":"https:\/\/schema.org","@graph":[{"@type":"Article","@id":"https:\/\/america2026.eu\/fr\/washington-le-premier-des-americains\/#article","isPartOf":{"@id":"https:\/\/america2026.eu\/fr\/washington-le-premier-des-americains\/"},"author":{"name":"Agn\u00e8s DELAHAYE","@id":"https:\/\/america2026.eu\/#\/schema\/person\/08b0307583a6353f0213d2613d9954fb"},"headline":"Washington Le premier des Am\u00e9ricains","datePublished":"2026-04-03T08:57:48+00:00","dateModified":"2026-04-03T08:58:28+00:00","mainEntityOfPage":{"@id":"https:\/\/america2026.eu\/fr\/washington-le-premier-des-americains\/"},"wordCount":169,"commentCount":0,"publisher":{"@id":"https:\/\/america2026.eu\/#organization"},"image":{"@id":"https:\/\/america2026.eu\/fr\/washington-le-premier-des-americains\/#primaryimage"},"thumbnailUrl":"https:\/\/america2026.eu\/wp-content\/uploads\/2026\/04\/washington.jpg","inLanguage":"fr-FR","potentialAction":[{"@type":"CommentAction","name":"Comment","target":["https:\/\/america2026.eu\/fr\/washington-le-premier-des-americains\/#respond"]}]},{"@type":"WebPage","@id":"https:\/\/america2026.eu\/fr\/washington-le-premier-des-americains\/","url":"https:\/\/america2026.eu\/fr\/washington-le-premier-des-americains\/","name":"Washington Le premier des Am\u00e9ricains - America 2026","isPartOf":{"@id":"https:\/\/america2026.eu\/#website"},"primaryImageOfPage":{"@id":"https:\/\/america2026.eu\/fr\/washington-le-premier-des-americains\/#primaryimage"},"image":{"@id":"https:\/\/america2026.eu\/fr\/washington-le-premier-des-americains\/#primaryimage"},"thumbnailUrl":"https:\/\/america2026.eu\/wp-content\/uploads\/2026\/04\/washington.jpg","datePublished":"2026-04-03T08:57:48+00:00","dateModified":"2026-04-03T08:58:28+00:00","breadcrumb":{"@id":"https:\/\/america2026.eu\/fr\/washington-le-premier-des-americains\/#breadcrumb"},"inLanguage":"fr-FR","potentialAction":[{"@type":"ReadAction","target":["https:\/\/america2026.eu\/fr\/washington-le-premier-des-americains\/"]}]},{"@type":"ImageObject","inLanguage":"fr-FR","@id":"https:\/\/america2026.eu\/fr\/washington-le-premier-des-americains\/#primaryimage","url":"https:\/\/america2026.eu\/wp-content\/uploads\/2026\/04\/washington.jpg","contentUrl":"https:\/\/america2026.eu\/wp-content\/uploads\/2026\/04\/washington.jpg","width":236,"height":350},{"@type":"BreadcrumbList","@id":"https:\/\/america2026.eu\/fr\/washington-le-premier-des-americains\/#breadcrumb","itemListElement":[{"@type":"ListItem","position":1,"name":"Accueil","item":"https:\/\/america2026.eu\/fr\/"},{"@type":"ListItem","position":2,"name":"Washington Le premier des Am\u00e9ricains"}]},{"@type":"WebSite","@id":"https:\/\/america2026.eu\/#website","url":"https:\/\/america2026.eu\/","name":"America 2026","description":"","publisher":{"@id":"https:\/\/america2026.eu\/#organization"},"potentialAction":[{"@type":"SearchAction","target":{"@type":"EntryPoint","urlTemplate":"https:\/\/america2026.eu\/?s={search_term_string}"},"query-input":{"@type":"PropertyValueSpecification","valueRequired":true,"valueName":"search_term_string"}}],"inLanguage":"fr-FR"},{"@type":"Organization","@id":"https:\/\/america2026.eu\/#organization","name":"America 2026","url":"https:\/\/america2026.eu\/","logo":{"@type":"ImageObject","inLanguage":"fr-FR","@id":"https:\/\/america2026.eu\/#\/schema\/logo\/image\/","url":"https:\/\/america2026.eu\/wp-content\/uploads\/2024\/10\/Untitled-3.png","contentUrl":"https:\/\/america2026.eu\/wp-content\/uploads\/2024\/10\/Untitled-3.png","width":6579,"height":1454,"caption":"America 2026"},"image":{"@id":"https:\/\/america2026.eu\/#\/schema\/logo\/image\/"}},{"@type":"Person","@id":"https:\/\/america2026.eu\/#\/schema\/person\/08b0307583a6353f0213d2613d9954fb","name":"Agn\u00e8s DELAHAYE","image":{"@type":"ImageObject","inLanguage":"fr-FR","@id":"https:\/\/america2026.eu\/#\/schema\/person\/image\/","url":"https:\/\/secure.gravatar.com\/avatar\/85cf3b0fd579da5be8ad50af6d0108ff90e2b73c4f0f8d797c38669db16bd77d?s=96&d=mm&r=g","contentUrl":"https:\/\/secure.gravatar.com\/avatar\/85cf3b0fd579da5be8ad50af6d0108ff90e2b73c4f0f8d797c38669db16bd77d?s=96&d=mm&r=g","caption":"Agn\u00e8s DELAHAYE"}}]}},"_links":{"self":[{"href":"https:\/\/america2026.eu\/fr\/wp-json\/wp\/v2\/posts\/3229","targetHints":{"allow":["GET"]}}],"collection":[{"href":"https:\/\/america2026.eu\/fr\/wp-json\/wp\/v2\/posts"}],"about":[{"href":"https:\/\/america2026.eu\/fr\/wp-json\/wp\/v2\/types\/post"}],"author":[{"embeddable":true,"href":"https:\/\/america2026.eu\/fr\/wp-json\/wp\/v2\/users\/2"}],"replies":[{"embeddable":true,"href":"https:\/\/america2026.eu\/fr\/wp-json\/wp\/v2\/comments?post=3229"}],"version-history":[{"count":3,"href":"https:\/\/america2026.eu\/fr\/wp-json\/wp\/v2\/posts\/3229\/revisions"}],"predecessor-version":[{"id":3236,"href":"https:\/\/america2026.eu\/fr\/wp-json\/wp\/v2\/posts\/3229\/revisions\/3236"}],"wp:featuredmedia":[{"embeddable":true,"href":"https:\/\/america2026.eu\/fr\/wp-json\/wp\/v2\/media\/3231"}],"wp:attachment":[{"href":"https:\/\/america2026.eu\/fr\/wp-json\/wp\/v2\/media?parent=3229"}],"wp:term":[{"taxonomy":"groupes","embeddable":true,"href":"https:\/\/america2026.eu\/fr\/wp-json\/wp\/v2\/groupes?post=3229"}],"curies":[{"name":"wp","href":"https:\/\/api.w.org\/{rel}","templated":true}]}}