{"id":3043,"date":"2026-01-13T10:22:04","date_gmt":"2026-01-13T10:22:04","guid":{"rendered":"https:\/\/america2026.eu\/?p=3043"},"modified":"2026-01-13T10:22:14","modified_gmt":"2026-01-13T10:22:14","slug":"mesa-redonda-francia-espana-y-la-revolucion-estadounidense","status":"publish","type":"post","link":"https:\/\/america2026.eu\/fr\/mesa-redonda-francia-espana-y-la-revolucion-estadounidense\/","title":{"rendered":"Mesa redonda: \u00abFrancia, Espa\u00f1a y la Revoluci\u00f3n estadounidense\u00bb"},"content":{"rendered":"\n<p>Evento en franc\u00e9s con traducci\u00f3n<\/p>\n\n\n\n<p>Institut fran\u00e7ais de Barcelona &#8211; 13 martes 2026, 19h00<\/p>\n\n\n\n<p>En 2026, Estados Unidos celebrar\u00e1 el 250.\u00ba aniversario de su Declaraci\u00f3n de Independencia dirigida a Gran Breta\u00f1a, un punto de inflexi\u00f3n decisivo en la historia atl\u00e1ntica. Sin el apoyo determinante de Francia y de Espa\u00f1a, esta independencia proclamada en julio de 1776 dif\u00edcilmente habr\u00eda podido materializarse. \u00bfPor qu\u00e9 y c\u00f3mo estos dos imperios respaldaron una rebeli\u00f3n colonial en la Am\u00e9rica continental y qu\u00e9 efectos tuvo su intervenci\u00f3n en el equilibrio de poderes?<\/p>\n\n\n\n<p>Situada en la intersecci\u00f3n de la historia diplom\u00e1tica, econ\u00f3mica e intelectual, la mesa redonda del 13 de enero ofrecer\u00e1 la oportunidad de volver a situar la Revoluci\u00f3n estadounidense en el centro de las din\u00e1micas propias del espacio atl\u00e1ntico de finales del siglo XVIII. El debate en torno a investigaciones recientes sobre la circulaci\u00f3n de bienes, ideas, personas y modelos pol\u00edticos entre Europa y las Am\u00e9ricas permitir\u00e1 arrojar luz sobre la redefinici\u00f3n de los imperios y el surgimiento de nuevas naciones.<\/p>\n\n\n\n<p>Con Arnaud Bartolomei, Sandra Rebok y Bertrand Van Ruymbeke. Debate moderado por Juliette Tran.<\/p>\n\n\n\n<figure class=\"wp-block-embed is-type-wp-embed is-provider-institut-fran-ais-barcelona wp-block-embed-institut-fran-ais-barcelona\"><div class=\"wp-block-embed__wrapper\">\n<blockquote class=\"wp-embedded-content\" data-secret=\"0X9xjMzcs1\"><a href=\"https:\/\/www.institutfrancais.es\/barcelona\/evento\/mesa-redonda-francia-espana-y-la-revolucion-estadounidense\/\">Mesa redonda: \u00abFrancia, Espa\u00f1a y la Revoluci\u00f3n estadounidense\u00bb<\/a><\/blockquote><iframe loading=\"lazy\" class=\"wp-embedded-content\" sandbox=\"allow-scripts\" security=\"restricted\" style=\"position: absolute; visibility: hidden;\" title=\"\u00abMesa redonda: \u00abFrancia, Espa\u00f1a y la Revoluci\u00f3n estadounidense\u00bb\u00bb \u2014 Institut fran\u00e7ais Barcelona\" src=\"https:\/\/www.institutfrancais.es\/barcelona\/evento\/mesa-redonda-francia-espana-y-la-revolucion-estadounidense\/embed\/#?secret=dvKdyIOkdk#?secret=0X9xjMzcs1\" data-secret=\"0X9xjMzcs1\" width=\"600\" height=\"338\" frameborder=\"0\" marginwidth=\"0\" marginheight=\"0\" scrolling=\"no\"><\/iframe>\n<\/div><\/figure>\n\n\n\n<p><strong>Bertrand Van Ruymbeke<\/strong><br>Miembro honorario del Institut Universitaire de France y miembro de la American Philosophical Society (Filadelfia), Bertrand Van Ruymbeke es profesor de civilizaci\u00f3n e historia de Estados Unidos en la Universidad Par\u00eds 8. Es autor de\u00a0<em>L\u2019Am\u00e9rique avant les \u00c9tats-Unis. Une histoire de l\u2019Am\u00e9rique anglaise<\/em>\u00a0(2013) y de\u00a0<em>Histoire des \u00c9tats-Unis. De 1492 \u00e0 nos jours<\/em>\u00a0(2018). Su pr\u00f3ximo libro,\u00a0<em>1776. L\u2019ann\u00e9e am\u00e9ricaine<\/em>, se publicar\u00e1 en marzo de 2026.<\/p>\n\n\n\n<p><strong>Arnaud Bartolomei<\/strong><br>Especialista en comercio y migraciones en el imperio hisp\u00e1nico, Arnaud Bartolomei es antiguo miembro de la Casa de Vel\u00e1zquez (Madrid), profesor de historia moderna y contempor\u00e1nea en la Universidad C\u00f4te d\u2019Azur y miembro del Centre de la M\u00e9diterran\u00e9e Moderne et Contemporaine (Niza). Es autor de\u00a0<em>Les Marchands fran\u00e7ais de Cadix et la crise de la Carrera de Indias, 1778-1824<\/em>\u00a0(2017).<\/p>\n\n\n\n<p><strong>Sandra Rebok<\/strong><br>Sandra Rebok es historiadora, soci\u00f3loga\u00a0y antrop\u00f3loga; su trabajo se centra en las redes intelectuales transnacionales, los viajes de exploraci\u00f3n y la diplomacia cient\u00edfica entre Europa y las Am\u00e9ricas en los siglos XVIII y XIX, con un\u00a0enfoque particular en la historia del Imperio espa\u00f1ol\u00a0y de los EE. UU. Trabaj\u00f3 en el\u00a0Consejo Superior de Investigaciones Cient\u00edficas (CSIC, Madrid), en la Huntington Library, California, y actualmente es Senior Fellow en el\u00a0<em>Center for US-Mexican Studies,\u00a0<\/em>University of California San Diego. Es autora de numerosas obras, entre ellas\u00a0<em>Humboldt y Jefferson: una amistad transatl\u00e1ntica de la Ilustraci\u00f3n<\/em>\u00a0(2019), y su pr\u00f3ximo\u00a0libro\u00a0<em>Humboldt between Empires. From the Royal Spanish Court to the White House (2026).<\/em>\u00a0<\/p>\n","protected":false},"excerpt":{"rendered":"En 2026, Estados Unidos celebrar\u00e1 el 250.\u00ba aniversario de su Declaraci\u00f3n de Independencia dirigida a Gran Breta\u00f1a, un punto de inflexi\u00f3n decisivo en la historia atl\u00e1ntica. Sin el apoyo determinante de Francia y de Espa\u00f1a, esta independencia proclamada en julio de 1776 dif\u00edcilmente habr\u00eda podido materializarse. \u00bfPor qu\u00e9 y c\u00f3mo estos dos imperios respaldaron una rebeli\u00f3n colonial en la Am\u00e9rica continental y qu\u00e9 efectos tuvo su intervenci\u00f3n en el equilibrio de poderes?","protected":false},"author":2,"featured_media":3044,"comment_status":"open","ping_status":"open","sticky":false,"template":"","format":"standard","meta":{"_acf_changed":false,"footnotes":""},"groupes":[42],"class_list":["post-3043","post","type-post","status-publish","format-standard","has-post-thumbnail","hentry","groupes-au-dela-damerica-2026"],"acf":[],"yoast_head":"<!-- This site is optimized with the Yoast SEO plugin v24.3 - https:\/\/yoast.com\/wordpress\/plugins\/seo\/ -->\n<title>Mesa redonda: \u00abFrancia, Espa\u00f1a y la Revoluci\u00f3n estadounidense\u00bb - America 2026<\/title>\n<meta name=\"robots\" content=\"index, follow, max-snippet:-1, max-image-preview:large, max-video-preview:-1\" \/>\n<link rel=\"canonical\" href=\"https:\/\/america2026.eu\/fr\/mesa-redonda-francia-espana-y-la-revolucion-estadounidense\/\" \/>\n<meta property=\"og:locale\" content=\"fr_FR\" \/>\n<meta property=\"og:type\" content=\"article\" \/>\n<meta property=\"og:title\" content=\"Mesa redonda: \u00abFrancia, Espa\u00f1a y la Revoluci\u00f3n estadounidense\u00bb - America 2026\" \/>\n<meta property=\"og:description\" content=\"En 2026, Estados Unidos celebrar\u00e1 el 250.\u00ba aniversario de su Declaraci\u00f3n de Independencia dirigida a Gran Breta\u00f1a, un punto de inflexi\u00f3n decisivo en la historia atl\u00e1ntica. Sin el apoyo determinante de Francia y de Espa\u00f1a, esta independencia proclamada en julio de 1776 dif\u00edcilmente habr\u00eda podido materializarse. \u00bfPor qu\u00e9 y c\u00f3mo estos dos imperios respaldaron una rebeli\u00f3n colonial en la Am\u00e9rica continental y qu\u00e9 efectos tuvo su intervenci\u00f3n en el equilibrio de poderes?\" \/>\n<meta property=\"og:url\" content=\"https:\/\/america2026.eu\/fr\/mesa-redonda-francia-espana-y-la-revolucion-estadounidense\/\" \/>\n<meta property=\"og:site_name\" content=\"America 2026\" \/>\n<meta property=\"article:published_time\" content=\"2026-01-13T10:22:04+00:00\" \/>\n<meta property=\"article:modified_time\" content=\"2026-01-13T10:22:14+00:00\" \/>\n<meta property=\"og:image\" content=\"https:\/\/america2026.eu\/wp-content\/uploads\/2026\/01\/banniere-web-scaled-1.jpg\" \/>\n\t<meta property=\"og:image:width\" content=\"2560\" \/>\n\t<meta property=\"og:image:height\" content=\"800\" \/>\n\t<meta property=\"og:image:type\" content=\"image\/jpeg\" \/>\n<meta name=\"author\" content=\"Agn\u00e8s DELAHAYE\" \/>\n<meta name=\"twitter:label1\" content=\"\u00c9crit par\" \/>\n\t<meta name=\"twitter:data1\" content=\"Agn\u00e8s DELAHAYE\" \/>\n\t<meta name=\"twitter:label2\" content=\"Dur\u00e9e de lecture estim\u00e9e\" \/>\n\t<meta name=\"twitter:data2\" content=\"3 minutes\" \/>\n<script type=\"application\/ld+json\" class=\"yoast-schema-graph\">{\"@context\":\"https:\/\/schema.org\",\"@graph\":[{\"@type\":\"Article\",\"@id\":\"https:\/\/america2026.eu\/fr\/mesa-redonda-francia-espana-y-la-revolucion-estadounidense\/#article\",\"isPartOf\":{\"@id\":\"https:\/\/america2026.eu\/fr\/mesa-redonda-francia-espana-y-la-revolucion-estadounidense\/\"},\"author\":{\"name\":\"Agn\u00e8s DELAHAYE\",\"@id\":\"https:\/\/america2026.eu\/#\/schema\/person\/08b0307583a6353f0213d2613d9954fb\"},\"headline\":\"Mesa redonda: \u00abFrancia, Espa\u00f1a y la Revoluci\u00f3n estadounidense\u00bb\",\"datePublished\":\"2026-01-13T10:22:04+00:00\",\"dateModified\":\"2026-01-13T10:22:14+00:00\",\"mainEntityOfPage\":{\"@id\":\"https:\/\/america2026.eu\/fr\/mesa-redonda-francia-espana-y-la-revolucion-estadounidense\/\"},\"wordCount\":483,\"commentCount\":0,\"publisher\":{\"@id\":\"https:\/\/america2026.eu\/#organization\"},\"image\":{\"@id\":\"https:\/\/america2026.eu\/fr\/mesa-redonda-francia-espana-y-la-revolucion-estadounidense\/#primaryimage\"},\"thumbnailUrl\":\"https:\/\/america2026.eu\/wp-content\/uploads\/2026\/01\/banniere-web-scaled-1.jpg\",\"inLanguage\":\"fr-FR\",\"potentialAction\":[{\"@type\":\"CommentAction\",\"name\":\"Comment\",\"target\":[\"https:\/\/america2026.eu\/fr\/mesa-redonda-francia-espana-y-la-revolucion-estadounidense\/#respond\"]}]},{\"@type\":\"WebPage\",\"@id\":\"https:\/\/america2026.eu\/fr\/mesa-redonda-francia-espana-y-la-revolucion-estadounidense\/\",\"url\":\"https:\/\/america2026.eu\/fr\/mesa-redonda-francia-espana-y-la-revolucion-estadounidense\/\",\"name\":\"Mesa redonda: \u00abFrancia, Espa\u00f1a y la Revoluci\u00f3n estadounidense\u00bb - America 2026\",\"isPartOf\":{\"@id\":\"https:\/\/america2026.eu\/#website\"},\"primaryImageOfPage\":{\"@id\":\"https:\/\/america2026.eu\/fr\/mesa-redonda-francia-espana-y-la-revolucion-estadounidense\/#primaryimage\"},\"image\":{\"@id\":\"https:\/\/america2026.eu\/fr\/mesa-redonda-francia-espana-y-la-revolucion-estadounidense\/#primaryimage\"},\"thumbnailUrl\":\"https:\/\/america2026.eu\/wp-content\/uploads\/2026\/01\/banniere-web-scaled-1.jpg\",\"datePublished\":\"2026-01-13T10:22:04+00:00\",\"dateModified\":\"2026-01-13T10:22:14+00:00\",\"breadcrumb\":{\"@id\":\"https:\/\/america2026.eu\/fr\/mesa-redonda-francia-espana-y-la-revolucion-estadounidense\/#breadcrumb\"},\"inLanguage\":\"fr-FR\",\"potentialAction\":[{\"@type\":\"ReadAction\",\"target\":[\"https:\/\/america2026.eu\/fr\/mesa-redonda-francia-espana-y-la-revolucion-estadounidense\/\"]}]},{\"@type\":\"ImageObject\",\"inLanguage\":\"fr-FR\",\"@id\":\"https:\/\/america2026.eu\/fr\/mesa-redonda-francia-espana-y-la-revolucion-estadounidense\/#primaryimage\",\"url\":\"https:\/\/america2026.eu\/wp-content\/uploads\/2026\/01\/banniere-web-scaled-1.jpg\",\"contentUrl\":\"https:\/\/america2026.eu\/wp-content\/uploads\/2026\/01\/banniere-web-scaled-1.jpg\",\"width\":2560,\"height\":800},{\"@type\":\"BreadcrumbList\",\"@id\":\"https:\/\/america2026.eu\/fr\/mesa-redonda-francia-espana-y-la-revolucion-estadounidense\/#breadcrumb\",\"itemListElement\":[{\"@type\":\"ListItem\",\"position\":1,\"name\":\"Accueil\",\"item\":\"https:\/\/america2026.eu\/fr\/\"},{\"@type\":\"ListItem\",\"position\":2,\"name\":\"Mesa redonda: \u00abFrancia, Espa\u00f1a y la Revoluci\u00f3n estadounidense\u00bb\"}]},{\"@type\":\"WebSite\",\"@id\":\"https:\/\/america2026.eu\/#website\",\"url\":\"https:\/\/america2026.eu\/\",\"name\":\"America 2026\",\"description\":\"\",\"publisher\":{\"@id\":\"https:\/\/america2026.eu\/#organization\"},\"potentialAction\":[{\"@type\":\"SearchAction\",\"target\":{\"@type\":\"EntryPoint\",\"urlTemplate\":\"https:\/\/america2026.eu\/?s={search_term_string}\"},\"query-input\":{\"@type\":\"PropertyValueSpecification\",\"valueRequired\":true,\"valueName\":\"search_term_string\"}}],\"inLanguage\":\"fr-FR\"},{\"@type\":\"Organization\",\"@id\":\"https:\/\/america2026.eu\/#organization\",\"name\":\"America 2026\",\"url\":\"https:\/\/america2026.eu\/\",\"logo\":{\"@type\":\"ImageObject\",\"inLanguage\":\"fr-FR\",\"@id\":\"https:\/\/america2026.eu\/#\/schema\/logo\/image\/\",\"url\":\"https:\/\/america2026.eu\/wp-content\/uploads\/2024\/10\/Untitled-3.png\",\"contentUrl\":\"https:\/\/america2026.eu\/wp-content\/uploads\/2024\/10\/Untitled-3.png\",\"width\":6579,\"height\":1454,\"caption\":\"America 2026\"},\"image\":{\"@id\":\"https:\/\/america2026.eu\/#\/schema\/logo\/image\/\"}},{\"@type\":\"Person\",\"@id\":\"https:\/\/america2026.eu\/#\/schema\/person\/08b0307583a6353f0213d2613d9954fb\",\"name\":\"Agn\u00e8s DELAHAYE\",\"image\":{\"@type\":\"ImageObject\",\"inLanguage\":\"fr-FR\",\"@id\":\"https:\/\/america2026.eu\/#\/schema\/person\/image\/\",\"url\":\"https:\/\/secure.gravatar.com\/avatar\/85cf3b0fd579da5be8ad50af6d0108ff90e2b73c4f0f8d797c38669db16bd77d?s=96&d=mm&r=g\",\"contentUrl\":\"https:\/\/secure.gravatar.com\/avatar\/85cf3b0fd579da5be8ad50af6d0108ff90e2b73c4f0f8d797c38669db16bd77d?s=96&d=mm&r=g\",\"caption\":\"Agn\u00e8s DELAHAYE\"}}]}<\/script>\n<!-- \/ Yoast SEO plugin. -->","yoast_head_json":{"title":"Mesa redonda: \u00abFrancia, Espa\u00f1a y la Revoluci\u00f3n estadounidense\u00bb - America 2026","robots":{"index":"index","follow":"follow","max-snippet":"max-snippet:-1","max-image-preview":"max-image-preview:large","max-video-preview":"max-video-preview:-1"},"canonical":"https:\/\/america2026.eu\/fr\/mesa-redonda-francia-espana-y-la-revolucion-estadounidense\/","og_locale":"fr_FR","og_type":"article","og_title":"Mesa redonda: \u00abFrancia, Espa\u00f1a y la Revoluci\u00f3n estadounidense\u00bb - America 2026","og_description":"En 2026, Estados Unidos celebrar\u00e1 el 250.\u00ba aniversario de su Declaraci\u00f3n de Independencia dirigida a Gran Breta\u00f1a, un punto de inflexi\u00f3n decisivo en la historia atl\u00e1ntica. Sin el apoyo determinante de Francia y de Espa\u00f1a, esta independencia proclamada en julio de 1776 dif\u00edcilmente habr\u00eda podido materializarse. \u00bfPor qu\u00e9 y c\u00f3mo estos dos imperios respaldaron una rebeli\u00f3n colonial en la Am\u00e9rica continental y qu\u00e9 efectos tuvo su intervenci\u00f3n en el equilibrio de poderes?","og_url":"https:\/\/america2026.eu\/fr\/mesa-redonda-francia-espana-y-la-revolucion-estadounidense\/","og_site_name":"America 2026","article_published_time":"2026-01-13T10:22:04+00:00","article_modified_time":"2026-01-13T10:22:14+00:00","og_image":[{"width":2560,"height":800,"url":"https:\/\/america2026.eu\/wp-content\/uploads\/2026\/01\/banniere-web-scaled-1.jpg","type":"image\/jpeg"}],"author":"Agn\u00e8s DELAHAYE","twitter_misc":{"\u00c9crit par":"Agn\u00e8s DELAHAYE","Dur\u00e9e de lecture estim\u00e9e":"3 minutes"},"schema":{"@context":"https:\/\/schema.org","@graph":[{"@type":"Article","@id":"https:\/\/america2026.eu\/fr\/mesa-redonda-francia-espana-y-la-revolucion-estadounidense\/#article","isPartOf":{"@id":"https:\/\/america2026.eu\/fr\/mesa-redonda-francia-espana-y-la-revolucion-estadounidense\/"},"author":{"name":"Agn\u00e8s DELAHAYE","@id":"https:\/\/america2026.eu\/#\/schema\/person\/08b0307583a6353f0213d2613d9954fb"},"headline":"Mesa redonda: \u00abFrancia, Espa\u00f1a y la Revoluci\u00f3n estadounidense\u00bb","datePublished":"2026-01-13T10:22:04+00:00","dateModified":"2026-01-13T10:22:14+00:00","mainEntityOfPage":{"@id":"https:\/\/america2026.eu\/fr\/mesa-redonda-francia-espana-y-la-revolucion-estadounidense\/"},"wordCount":483,"commentCount":0,"publisher":{"@id":"https:\/\/america2026.eu\/#organization"},"image":{"@id":"https:\/\/america2026.eu\/fr\/mesa-redonda-francia-espana-y-la-revolucion-estadounidense\/#primaryimage"},"thumbnailUrl":"https:\/\/america2026.eu\/wp-content\/uploads\/2026\/01\/banniere-web-scaled-1.jpg","inLanguage":"fr-FR","potentialAction":[{"@type":"CommentAction","name":"Comment","target":["https:\/\/america2026.eu\/fr\/mesa-redonda-francia-espana-y-la-revolucion-estadounidense\/#respond"]}]},{"@type":"WebPage","@id":"https:\/\/america2026.eu\/fr\/mesa-redonda-francia-espana-y-la-revolucion-estadounidense\/","url":"https:\/\/america2026.eu\/fr\/mesa-redonda-francia-espana-y-la-revolucion-estadounidense\/","name":"Mesa redonda: \u00abFrancia, Espa\u00f1a y la Revoluci\u00f3n estadounidense\u00bb - America 2026","isPartOf":{"@id":"https:\/\/america2026.eu\/#website"},"primaryImageOfPage":{"@id":"https:\/\/america2026.eu\/fr\/mesa-redonda-francia-espana-y-la-revolucion-estadounidense\/#primaryimage"},"image":{"@id":"https:\/\/america2026.eu\/fr\/mesa-redonda-francia-espana-y-la-revolucion-estadounidense\/#primaryimage"},"thumbnailUrl":"https:\/\/america2026.eu\/wp-content\/uploads\/2026\/01\/banniere-web-scaled-1.jpg","datePublished":"2026-01-13T10:22:04+00:00","dateModified":"2026-01-13T10:22:14+00:00","breadcrumb":{"@id":"https:\/\/america2026.eu\/fr\/mesa-redonda-francia-espana-y-la-revolucion-estadounidense\/#breadcrumb"},"inLanguage":"fr-FR","potentialAction":[{"@type":"ReadAction","target":["https:\/\/america2026.eu\/fr\/mesa-redonda-francia-espana-y-la-revolucion-estadounidense\/"]}]},{"@type":"ImageObject","inLanguage":"fr-FR","@id":"https:\/\/america2026.eu\/fr\/mesa-redonda-francia-espana-y-la-revolucion-estadounidense\/#primaryimage","url":"https:\/\/america2026.eu\/wp-content\/uploads\/2026\/01\/banniere-web-scaled-1.jpg","contentUrl":"https:\/\/america2026.eu\/wp-content\/uploads\/2026\/01\/banniere-web-scaled-1.jpg","width":2560,"height":800},{"@type":"BreadcrumbList","@id":"https:\/\/america2026.eu\/fr\/mesa-redonda-francia-espana-y-la-revolucion-estadounidense\/#breadcrumb","itemListElement":[{"@type":"ListItem","position":1,"name":"Accueil","item":"https:\/\/america2026.eu\/fr\/"},{"@type":"ListItem","position":2,"name":"Mesa redonda: \u00abFrancia, Espa\u00f1a y la Revoluci\u00f3n estadounidense\u00bb"}]},{"@type":"WebSite","@id":"https:\/\/america2026.eu\/#website","url":"https:\/\/america2026.eu\/","name":"America 2026","description":"","publisher":{"@id":"https:\/\/america2026.eu\/#organization"},"potentialAction":[{"@type":"SearchAction","target":{"@type":"EntryPoint","urlTemplate":"https:\/\/america2026.eu\/?s={search_term_string}"},"query-input":{"@type":"PropertyValueSpecification","valueRequired":true,"valueName":"search_term_string"}}],"inLanguage":"fr-FR"},{"@type":"Organization","@id":"https:\/\/america2026.eu\/#organization","name":"America 2026","url":"https:\/\/america2026.eu\/","logo":{"@type":"ImageObject","inLanguage":"fr-FR","@id":"https:\/\/america2026.eu\/#\/schema\/logo\/image\/","url":"https:\/\/america2026.eu\/wp-content\/uploads\/2024\/10\/Untitled-3.png","contentUrl":"https:\/\/america2026.eu\/wp-content\/uploads\/2024\/10\/Untitled-3.png","width":6579,"height":1454,"caption":"America 2026"},"image":{"@id":"https:\/\/america2026.eu\/#\/schema\/logo\/image\/"}},{"@type":"Person","@id":"https:\/\/america2026.eu\/#\/schema\/person\/08b0307583a6353f0213d2613d9954fb","name":"Agn\u00e8s DELAHAYE","image":{"@type":"ImageObject","inLanguage":"fr-FR","@id":"https:\/\/america2026.eu\/#\/schema\/person\/image\/","url":"https:\/\/secure.gravatar.com\/avatar\/85cf3b0fd579da5be8ad50af6d0108ff90e2b73c4f0f8d797c38669db16bd77d?s=96&d=mm&r=g","contentUrl":"https:\/\/secure.gravatar.com\/avatar\/85cf3b0fd579da5be8ad50af6d0108ff90e2b73c4f0f8d797c38669db16bd77d?s=96&d=mm&r=g","caption":"Agn\u00e8s DELAHAYE"}}]}},"_links":{"self":[{"href":"https:\/\/america2026.eu\/fr\/wp-json\/wp\/v2\/posts\/3043","targetHints":{"allow":["GET"]}}],"collection":[{"href":"https:\/\/america2026.eu\/fr\/wp-json\/wp\/v2\/posts"}],"about":[{"href":"https:\/\/america2026.eu\/fr\/wp-json\/wp\/v2\/types\/post"}],"author":[{"embeddable":true,"href":"https:\/\/america2026.eu\/fr\/wp-json\/wp\/v2\/users\/2"}],"replies":[{"embeddable":true,"href":"https:\/\/america2026.eu\/fr\/wp-json\/wp\/v2\/comments?post=3043"}],"version-history":[{"count":1,"href":"https:\/\/america2026.eu\/fr\/wp-json\/wp\/v2\/posts\/3043\/revisions"}],"predecessor-version":[{"id":3046,"href":"https:\/\/america2026.eu\/fr\/wp-json\/wp\/v2\/posts\/3043\/revisions\/3046"}],"wp:featuredmedia":[{"embeddable":true,"href":"https:\/\/america2026.eu\/fr\/wp-json\/wp\/v2\/media\/3044"}],"wp:attachment":[{"href":"https:\/\/america2026.eu\/fr\/wp-json\/wp\/v2\/media?parent=3043"}],"wp:term":[{"taxonomy":"groupes","embeddable":true,"href":"https:\/\/america2026.eu\/fr\/wp-json\/wp\/v2\/groupes?post=3043"}],"curies":[{"name":"wp","href":"https:\/\/api.w.org\/{rel}","templated":true}]}}