{"id":2770,"date":"2025-06-11T16:20:32","date_gmt":"2025-06-11T16:20:32","guid":{"rendered":"https:\/\/america2026.eu\/dublin-seminar-for-new-england-folklife-recalling-the-revolution-in-new-england-announcement\/"},"modified":"2025-06-11T16:21:08","modified_gmt":"2025-06-11T16:21:08","slug":"dublin-seminar-for-new-england-folklife-recalling-the-revolution-in-new-england-announcement","status":"publish","type":"post","link":"https:\/\/america2026.eu\/fr\/dublin-seminar-for-new-england-folklife-recalling-the-revolution-in-new-england-announcement\/","title":{"rendered":"Dublin Seminar for New England Folklife: Recalling the Revolution in New England [Announcement]"},"content":{"rendered":"\n<p>Erika Gasser                                                                                                                                                         Location<\/p>\n\n\n\n<p>MA<br>United States<\/p>\n\n\n\n<p><strong>Dublin Seminar for New England Folklife:&nbsp;<em>Recalling the Revolution in New England<\/em><\/strong><\/p>\n\n\n\n<p><strong>June 27 &#8211; June 28, 2025<\/strong><\/p>\n\n\n\n<p>Deerfield Community Center 16 Memorial Street Deerfield, MA 01342<\/p>\n\n\n\n<p>The Dublin Seminar for New England Folklife\u2019s 2025 gathering,&nbsp;<em>Recalling the Revolution in New England<\/em>, will be held June 27\u201328 at Historic Deerfield. The conference keynote will be provided by Dr. Zara Anishanslin of the University of Delaware, author of the forthcoming book&nbsp;<em>The Painter\u2019s Fire: A Forgotten History of the Artists who Championed the American Revolution<\/em>. Learn about the broad range of ways the people of New England have looked back on the nation\u2019s founding \u2014and what they forgot, or chose to forget, in the process. We will explore how the peoples of the region have commemorated, memorialized, documented, invoked, fictionalized, and even forgotten the American Revolution through the Bicentennial period.<\/p>\n\n\n\n<p><a href=\"https:\/\/www.historic-deerfield.org\/events\/dublin-seminar-for-new-england-folklife-recalling-the-revolution-in-new-england\/\" target=\"_blank\" rel=\"noreferrer noopener\">REGISTER HERE<\/a><\/p>\n\n\n\n<p><strong><u>Friday, June 27<\/u><\/strong><\/p>\n\n\n\n<p><strong>Optional Morning Activities<\/strong>&nbsp;Each option is repeated. Each group is limited to 15 people.<\/p>\n\n\n\n<p>10\u201310:45 am \u2014 Walking Tour Group A meets at Historic Deerfield\u2019s Visitor Center for \u201cA Town Divided: Deerfield in the American Revolution.\u201d<\/p>\n\n\n\n<p>Join James Golden, Director of Interpretation, on a special guided tour along Old Main Street that explores the lives of ordinary people, Patriot and Loyalist, enslaved and free, male and female, when the small town of Deerfield was divided by the American Revolution. As one Deerfielder lamented, \u201call nature seems to be in confusion; every person in fear of what his neighbor will do to him. Such times were never seen in New England.\u201d<\/p>\n\n\n\n<p>10\u201310:45 am \u2014 Library Group A meets at the Memorial Libraries for \u201cDeerfield In and After the Revolution.\u201d<\/p>\n\n\n\n<p>Join librarian Jeanne Solensky for an exploration of materials that illuminate life in Deerfield and neighboring towns during the Revolution. Primary sources such as diaries and account books detail daily activities while muster rolls, letters, and supply lists show the military response of local residents. Histories written by Deerfield citizens in the nineteenth century then reveal how they remembered the Revolution.<\/p>\n\n\n\n<p>11\u201311:45 am \u2014 Walking Tour Group B meets at Historic Deerfield\u2019s Visitor Center for \u201cA Town Divided: Deerfield in the American Revolution\u201d with Director of Interpretation James Golden<\/p>\n\n\n\n<p>11\u201311:45 am \u2014 Library Group B meets at the Memorial Libraries for \u201cDeerfield In and After the Revolution\u201d with librarian, Jeanne Solensky<\/p>\n\n\n\n<p>12\u20131:00 pm \u2014 Lunch on your own<\/p>\n\n\n\n<p>12:30 pm \u2014 Registration opens for in-person attendees to pick up their name badges and information packets at the Deerfield Community Center. Refreshments available.<\/p>\n\n\n\n<p>1:10 pm \u2014 Virtual sign-in opens for online attendees<\/p>\n\n\n\n<p>1:15\u20131:30 pm \u2014&nbsp;<strong>Conference Welcome<\/strong>: Marla Miller, Associate Dean for Strategic Initiatives, UMass Amherst, and President of Dublin Seminar for New England Folklife<\/p>\n\n\n\n<p>1:30\u20133 pm \u2014&nbsp;<strong>Panel 1: \u201cInstitutions of Memory\u201d<\/strong><\/p>\n\n\n\n<p>David Wood, Concord Museum: \u201cMisremembering April 19th\u201d<\/p>\n\n\n\n<p>Elizabeth Pangburn, Ph.D. Candidate, UMass Amherst: \u201cPast-keeping and the Revolutionary Era at the Porter-Phelps-Huntington Museum\u201d<\/p>\n\n\n\n<p>Beth Folsom, History Cambridge: \u201cRemembering the Revolution in Cambridge: Commemoration and the Creation of Historical Narratives\u201d<\/p>\n\n\n\n<p>3\u20133:15 pm \u2014&nbsp;<strong>Break<\/strong><\/p>\n\n\n\n<p>3:15\u20134:45 pm \u2014&nbsp;<strong>Panel 2: \u201cGender and Memory\u201d<\/strong><\/p>\n\n\n\n<p>Mariah Kupfner, Assistant Professor, Penn State Harrisburg: \u201cPiecing the Past: Tactility, Fragmentation, and Remembrance of the Revolutionary Era\u201d<\/p>\n\n\n\n<p>Sarah J. Purcell, Professor, Grinnell College: \u201c\u2018Personable and Dignified Ladies\u2019: Women, Gender, and the Material Culture of Memory at the Bunker Hill Monument\u201d<\/p>\n\n\n\n<p>4:45\u20137 pm \u2014 Dinner on your own<\/p>\n\n\n\n<p>7\u20138 pm \u2014&nbsp;<strong>Keynote Address<\/strong><\/p>\n\n\n\n<p>\u201cThe Painter\u2019s Fire: A Forgotten History of the Artists who Championed the American Revolution\u201d by Zara Anishanslin, Professor, University of Delaware<\/p>\n\n\n\n<p><\/p>\n\n\n\n<p><strong><u>Saturday, June 28<\/u><\/strong><\/p>\n\n\n\n<p>8:30 am \u2014 Deerfield Community Center opens. In-person attendees may pick up name badges and information packets. Refreshments available.<\/p>\n\n\n\n<p>8:55 pm \u2014 Virtual sign-in for online attendees<\/p>\n\n\n\n<p>9\u201310:30 am \u2014&nbsp;<strong>Panel 3: \u201cMemories Reconsidered\u201d<\/strong><\/p>\n\n\n\n<p>Gerald W.R. Ward, Portsmouth Historical Society: \u201cCaptain, Celebrity, Clich\u00e9: The Birth, Death, and Resurrection of John Paul Jones\u201d<\/p>\n\n\n\n<p>Ben Haley, Massachusetts Historical Commission: \u201cThe \u2018Real\u2019 Knox Trail\u201d<\/p>\n\n\n\n<p>10:30\u201310:45 am \u2014&nbsp;<strong>Break<\/strong><\/p>\n\n\n\n<p>10:45 am\u201312:15 pm \u2014&nbsp;<strong>Panel 4: \u201cPerformances of Memory\u201d<\/strong><\/p>\n\n\n\n<p>Kate Criscitiello, Lexington Historical Society: \u201cRecalling the Revolution: Lexington\u2019s Two Pageants\u201d<\/p>\n\n\n\n<p>James Bennett, Independent Scholar: \u201cTo Become as American as the Fourth of July: Boston School Children and the Public Reading of the Declaration of Independence at the Old State House, 1910-1976\u201d<\/p>\n\n\n\n<p>Alexandra Cade, Ph.D. Candidate, University of Delaware: \u201cRedowa at the Relic: Sensory Performance of Revolutionary Memory in Nineteenth-Century American Tourism\u201d<\/p>\n\n\n\n<p>12:15\u20131:45 pm \u2014 Lunch (buffet provided at the Deerfield Inn)<\/p>\n\n\n\n<p>1:45\u20133:15pm \u2014&nbsp;<strong>Panel 5: \u201cRecovering Memories\u201d<\/strong><\/p>\n\n\n\n<p>Timothy Hastings, Ph.D. Candidate, UMass Amherst: \u201cThe Spirit of \u201975: Slavery, Freedom, and the Meaning of the Revolution in Early New Hampshire\u201d<\/p>\n\n\n\n<p>David Naumec, Research Fellow, Historic New England: \u201cRecovering New England\u2019s Voices: Revolutionary War Veterans of Color\u201d<\/p>\n\n\n\n<p>Barbara Rimkunas, Exeter Historical Society: \u201cReviving Exeter\u2019s Black Revolutionary War Veterans and Their Families\u201d<\/p>\n\n\n\n<p>3:15\u20133:30 pm \u2014 Break<\/p>\n\n\n\n<p>3:30\u20135 pm \u2014&nbsp;<strong>Panel 6: \u201cObjects of Memory\u201d<\/strong><\/p>\n\n\n\n<p>Cynthia Falk, Cooperstown Graduate Program, SUNY Oneonta, \u201cMemories of Massacres in New York\u2019s Mohawk Valley\u201d<\/p>\n\n\n\n<p>Stephen O\u2019Neill, Hanover Historical Society and Dyer Memorial Library, \u201cDrums in the Revolution and Early Republic: Sounds and Symbols of Patriotism\u201d<\/p>\n\n\n\n<p>Philip Zea, President Emeritus, Historic Deerfield, \u201cWhen Bows and Weighty Spears: The Messages of Putnam\u2019s Horn\u201d<\/p>\n\n\n\n<p>5\u20135:05 pm \u2014&nbsp;<strong>Closing Remarks<\/strong>: John Davis, President &amp; CEO, Historic Deerfield<\/p>\n\n\n\n<p>Contact Information                                                                                                                                                         Erika Gasser, Director of Academic Programs<\/p>\n\n\n\n<p>Contact Email                                                                                                                                                         egasser@historic-deerfield.org<\/p>\n\n\n\n<p>URL : <a href=\"https:\/\/www.historic-deerfield.org\/events\/dublin-seminar-for-new-england-folkli\u2026\">https:\/\/www.historic-deerfield.org\/events\/dublin-seminar-for-new-england-folkli\u2026<\/a><\/p>\n","protected":false},"excerpt":{"rendered":"The Dublin Seminar for New England Folklife\u2019s 2025 gathering,\u00a0Recalling the Revolution in New England, will be held June 27\u201328 at Historic Deerfield. The conference keynote will be provided by Dr. Zara Anishanslin of the University of Delaware, author of the forthcoming book\u00a0The Painter\u2019s Fire: A Forgotten History of the Artists who Championed the American Revolution. Learn about the broad range of ways the people of New England have looked back on the nation\u2019s founding \u2014and what they forgot, or chose to forget, in the process. We will explore how the peoples of the region have commemorated, memorialized, documented, invoked, fictionalized, and even forgotten the American Revolution through the Bicentennial period.","protected":false},"author":2,"featured_media":921,"comment_status":"open","ping_status":"open","sticky":false,"template":"","format":"standard","meta":{"_acf_changed":false,"footnotes":""},"groupes":[65],"class_list":["post-2770","post","type-post","status-publish","format-standard","has-post-thumbnail","hentry","groupes-opportunites-de-recherche"],"acf":[],"yoast_head":"<!-- This site is optimized with the Yoast SEO plugin v24.3 - https:\/\/yoast.com\/wordpress\/plugins\/seo\/ -->\n<title>Dublin Seminar for New England Folklife: Recalling the Revolution in New England [Announcement] - America 2026<\/title>\n<meta name=\"robots\" content=\"index, follow, max-snippet:-1, max-image-preview:large, max-video-preview:-1\" \/>\n<link rel=\"canonical\" href=\"https:\/\/america2026.eu\/fr\/dublin-seminar-for-new-england-folklife-recalling-the-revolution-in-new-england-announcement\/\" \/>\n<meta property=\"og:locale\" content=\"fr_FR\" \/>\n<meta property=\"og:type\" content=\"article\" \/>\n<meta property=\"og:title\" content=\"Dublin Seminar for New England Folklife: Recalling the Revolution in New England [Announcement] - America 2026\" \/>\n<meta property=\"og:description\" content=\"The Dublin Seminar for New England Folklife\u2019s 2025 gathering,\u00a0Recalling the Revolution in New England, will be held June 27\u201328 at Historic Deerfield. The conference keynote will be provided by Dr. Zara Anishanslin of the University of Delaware, author of the forthcoming book\u00a0The Painter\u2019s Fire: A Forgotten History of the Artists who Championed the American Revolution. Learn about the broad range of ways the people of New England have looked back on the nation\u2019s founding \u2014and what they forgot, or chose to forget, in the process. We will explore how the peoples of the region have commemorated, memorialized, documented, invoked, fictionalized, and even forgotten the American Revolution through the Bicentennial period.\" \/>\n<meta property=\"og:url\" content=\"https:\/\/america2026.eu\/fr\/dublin-seminar-for-new-england-folklife-recalling-the-revolution-in-new-england-announcement\/\" \/>\n<meta property=\"og:site_name\" content=\"America 2026\" \/>\n<meta property=\"article:published_time\" content=\"2025-06-11T16:20:32+00:00\" \/>\n<meta property=\"article:modified_time\" content=\"2025-06-11T16:21:08+00:00\" \/>\n<meta property=\"og:image\" content=\"https:\/\/america2026.eu\/wp-content\/uploads\/2024\/10\/2e8aeafdac83564ae5481cf05d7d9ba0.jpg\" \/>\n\t<meta property=\"og:image:width\" content=\"664\" \/>\n\t<meta property=\"og:image:height\" content=\"442\" \/>\n\t<meta property=\"og:image:type\" content=\"image\/jpeg\" \/>\n<meta name=\"author\" content=\"Agn\u00e8s DELAHAYE\" \/>\n<meta name=\"twitter:label1\" content=\"\u00c9crit par\" \/>\n\t<meta name=\"twitter:data1\" content=\"Agn\u00e8s DELAHAYE\" \/>\n\t<meta name=\"twitter:label2\" content=\"Dur\u00e9e de lecture estim\u00e9e\" \/>\n\t<meta name=\"twitter:data2\" content=\"4 minutes\" \/>\n<script type=\"application\/ld+json\" class=\"yoast-schema-graph\">{\"@context\":\"https:\/\/schema.org\",\"@graph\":[{\"@type\":\"Article\",\"@id\":\"https:\/\/america2026.eu\/fr\/dublin-seminar-for-new-england-folklife-recalling-the-revolution-in-new-england-announcement\/#article\",\"isPartOf\":{\"@id\":\"https:\/\/america2026.eu\/fr\/dublin-seminar-for-new-england-folklife-recalling-the-revolution-in-new-england-announcement\/\"},\"author\":{\"name\":\"Agn\u00e8s DELAHAYE\",\"@id\":\"https:\/\/america2026.eu\/#\/schema\/person\/08b0307583a6353f0213d2613d9954fb\"},\"headline\":\"Dublin Seminar for New England Folklife: Recalling the Revolution in New England [Announcement]\",\"datePublished\":\"2025-06-11T16:20:32+00:00\",\"dateModified\":\"2025-06-11T16:21:08+00:00\",\"mainEntityOfPage\":{\"@id\":\"https:\/\/america2026.eu\/fr\/dublin-seminar-for-new-england-folklife-recalling-the-revolution-in-new-england-announcement\/\"},\"wordCount\":868,\"commentCount\":0,\"publisher\":{\"@id\":\"https:\/\/america2026.eu\/#organization\"},\"image\":{\"@id\":\"https:\/\/america2026.eu\/fr\/dublin-seminar-for-new-england-folklife-recalling-the-revolution-in-new-england-announcement\/#primaryimage\"},\"thumbnailUrl\":\"https:\/\/america2026.eu\/wp-content\/uploads\/2024\/10\/2e8aeafdac83564ae5481cf05d7d9ba0.jpg\",\"inLanguage\":\"fr-FR\",\"potentialAction\":[{\"@type\":\"CommentAction\",\"name\":\"Comment\",\"target\":[\"https:\/\/america2026.eu\/fr\/dublin-seminar-for-new-england-folklife-recalling-the-revolution-in-new-england-announcement\/#respond\"]}]},{\"@type\":\"WebPage\",\"@id\":\"https:\/\/america2026.eu\/fr\/dublin-seminar-for-new-england-folklife-recalling-the-revolution-in-new-england-announcement\/\",\"url\":\"https:\/\/america2026.eu\/fr\/dublin-seminar-for-new-england-folklife-recalling-the-revolution-in-new-england-announcement\/\",\"name\":\"Dublin Seminar for New England Folklife: Recalling the Revolution in New England [Announcement] - America 2026\",\"isPartOf\":{\"@id\":\"https:\/\/america2026.eu\/#website\"},\"primaryImageOfPage\":{\"@id\":\"https:\/\/america2026.eu\/fr\/dublin-seminar-for-new-england-folklife-recalling-the-revolution-in-new-england-announcement\/#primaryimage\"},\"image\":{\"@id\":\"https:\/\/america2026.eu\/fr\/dublin-seminar-for-new-england-folklife-recalling-the-revolution-in-new-england-announcement\/#primaryimage\"},\"thumbnailUrl\":\"https:\/\/america2026.eu\/wp-content\/uploads\/2024\/10\/2e8aeafdac83564ae5481cf05d7d9ba0.jpg\",\"datePublished\":\"2025-06-11T16:20:32+00:00\",\"dateModified\":\"2025-06-11T16:21:08+00:00\",\"breadcrumb\":{\"@id\":\"https:\/\/america2026.eu\/fr\/dublin-seminar-for-new-england-folklife-recalling-the-revolution-in-new-england-announcement\/#breadcrumb\"},\"inLanguage\":\"fr-FR\",\"potentialAction\":[{\"@type\":\"ReadAction\",\"target\":[\"https:\/\/america2026.eu\/fr\/dublin-seminar-for-new-england-folklife-recalling-the-revolution-in-new-england-announcement\/\"]}]},{\"@type\":\"ImageObject\",\"inLanguage\":\"fr-FR\",\"@id\":\"https:\/\/america2026.eu\/fr\/dublin-seminar-for-new-england-folklife-recalling-the-revolution-in-new-england-announcement\/#primaryimage\",\"url\":\"https:\/\/america2026.eu\/wp-content\/uploads\/2024\/10\/2e8aeafdac83564ae5481cf05d7d9ba0.jpg\",\"contentUrl\":\"https:\/\/america2026.eu\/wp-content\/uploads\/2024\/10\/2e8aeafdac83564ae5481cf05d7d9ba0.jpg\",\"width\":664,\"height\":442,\"caption\":\"https:\/\/unsplash.com\/photos\/Lo2SauLBP7g\"},{\"@type\":\"BreadcrumbList\",\"@id\":\"https:\/\/america2026.eu\/fr\/dublin-seminar-for-new-england-folklife-recalling-the-revolution-in-new-england-announcement\/#breadcrumb\",\"itemListElement\":[{\"@type\":\"ListItem\",\"position\":1,\"name\":\"Accueil\",\"item\":\"https:\/\/america2026.eu\/fr\/\"},{\"@type\":\"ListItem\",\"position\":2,\"name\":\"Dublin Seminar for New England Folklife: Recalling the Revolution in New England [Announcement]\"}]},{\"@type\":\"WebSite\",\"@id\":\"https:\/\/america2026.eu\/#website\",\"url\":\"https:\/\/america2026.eu\/\",\"name\":\"America 2026\",\"description\":\"\",\"publisher\":{\"@id\":\"https:\/\/america2026.eu\/#organization\"},\"potentialAction\":[{\"@type\":\"SearchAction\",\"target\":{\"@type\":\"EntryPoint\",\"urlTemplate\":\"https:\/\/america2026.eu\/?s={search_term_string}\"},\"query-input\":{\"@type\":\"PropertyValueSpecification\",\"valueRequired\":true,\"valueName\":\"search_term_string\"}}],\"inLanguage\":\"fr-FR\"},{\"@type\":\"Organization\",\"@id\":\"https:\/\/america2026.eu\/#organization\",\"name\":\"America 2026\",\"url\":\"https:\/\/america2026.eu\/\",\"logo\":{\"@type\":\"ImageObject\",\"inLanguage\":\"fr-FR\",\"@id\":\"https:\/\/america2026.eu\/#\/schema\/logo\/image\/\",\"url\":\"https:\/\/america2026.eu\/wp-content\/uploads\/2024\/10\/Untitled-3.png\",\"contentUrl\":\"https:\/\/america2026.eu\/wp-content\/uploads\/2024\/10\/Untitled-3.png\",\"width\":6579,\"height\":1454,\"caption\":\"America 2026\"},\"image\":{\"@id\":\"https:\/\/america2026.eu\/#\/schema\/logo\/image\/\"}},{\"@type\":\"Person\",\"@id\":\"https:\/\/america2026.eu\/#\/schema\/person\/08b0307583a6353f0213d2613d9954fb\",\"name\":\"Agn\u00e8s DELAHAYE\",\"image\":{\"@type\":\"ImageObject\",\"inLanguage\":\"fr-FR\",\"@id\":\"https:\/\/america2026.eu\/#\/schema\/person\/image\/\",\"url\":\"https:\/\/secure.gravatar.com\/avatar\/85cf3b0fd579da5be8ad50af6d0108ff90e2b73c4f0f8d797c38669db16bd77d?s=96&d=mm&r=g\",\"contentUrl\":\"https:\/\/secure.gravatar.com\/avatar\/85cf3b0fd579da5be8ad50af6d0108ff90e2b73c4f0f8d797c38669db16bd77d?s=96&d=mm&r=g\",\"caption\":\"Agn\u00e8s DELAHAYE\"}}]}<\/script>\n<!-- \/ Yoast SEO plugin. -->","yoast_head_json":{"title":"Dublin Seminar for New England Folklife: Recalling the Revolution in New England [Announcement] - America 2026","robots":{"index":"index","follow":"follow","max-snippet":"max-snippet:-1","max-image-preview":"max-image-preview:large","max-video-preview":"max-video-preview:-1"},"canonical":"https:\/\/america2026.eu\/fr\/dublin-seminar-for-new-england-folklife-recalling-the-revolution-in-new-england-announcement\/","og_locale":"fr_FR","og_type":"article","og_title":"Dublin Seminar for New England Folklife: Recalling the Revolution in New England [Announcement] - America 2026","og_description":"The Dublin Seminar for New England Folklife\u2019s 2025 gathering,\u00a0Recalling the Revolution in New England, will be held June 27\u201328 at Historic Deerfield. The conference keynote will be provided by Dr. Zara Anishanslin of the University of Delaware, author of the forthcoming book\u00a0The Painter\u2019s Fire: A Forgotten History of the Artists who Championed the American Revolution. Learn about the broad range of ways the people of New England have looked back on the nation\u2019s founding \u2014and what they forgot, or chose to forget, in the process. We will explore how the peoples of the region have commemorated, memorialized, documented, invoked, fictionalized, and even forgotten the American Revolution through the Bicentennial period.","og_url":"https:\/\/america2026.eu\/fr\/dublin-seminar-for-new-england-folklife-recalling-the-revolution-in-new-england-announcement\/","og_site_name":"America 2026","article_published_time":"2025-06-11T16:20:32+00:00","article_modified_time":"2025-06-11T16:21:08+00:00","og_image":[{"width":664,"height":442,"url":"https:\/\/america2026.eu\/wp-content\/uploads\/2024\/10\/2e8aeafdac83564ae5481cf05d7d9ba0.jpg","type":"image\/jpeg"}],"author":"Agn\u00e8s DELAHAYE","twitter_misc":{"\u00c9crit par":"Agn\u00e8s DELAHAYE","Dur\u00e9e de lecture estim\u00e9e":"4 minutes"},"schema":{"@context":"https:\/\/schema.org","@graph":[{"@type":"Article","@id":"https:\/\/america2026.eu\/fr\/dublin-seminar-for-new-england-folklife-recalling-the-revolution-in-new-england-announcement\/#article","isPartOf":{"@id":"https:\/\/america2026.eu\/fr\/dublin-seminar-for-new-england-folklife-recalling-the-revolution-in-new-england-announcement\/"},"author":{"name":"Agn\u00e8s DELAHAYE","@id":"https:\/\/america2026.eu\/#\/schema\/person\/08b0307583a6353f0213d2613d9954fb"},"headline":"Dublin Seminar for New England Folklife: Recalling the Revolution in New England [Announcement]","datePublished":"2025-06-11T16:20:32+00:00","dateModified":"2025-06-11T16:21:08+00:00","mainEntityOfPage":{"@id":"https:\/\/america2026.eu\/fr\/dublin-seminar-for-new-england-folklife-recalling-the-revolution-in-new-england-announcement\/"},"wordCount":868,"commentCount":0,"publisher":{"@id":"https:\/\/america2026.eu\/#organization"},"image":{"@id":"https:\/\/america2026.eu\/fr\/dublin-seminar-for-new-england-folklife-recalling-the-revolution-in-new-england-announcement\/#primaryimage"},"thumbnailUrl":"https:\/\/america2026.eu\/wp-content\/uploads\/2024\/10\/2e8aeafdac83564ae5481cf05d7d9ba0.jpg","inLanguage":"fr-FR","potentialAction":[{"@type":"CommentAction","name":"Comment","target":["https:\/\/america2026.eu\/fr\/dublin-seminar-for-new-england-folklife-recalling-the-revolution-in-new-england-announcement\/#respond"]}]},{"@type":"WebPage","@id":"https:\/\/america2026.eu\/fr\/dublin-seminar-for-new-england-folklife-recalling-the-revolution-in-new-england-announcement\/","url":"https:\/\/america2026.eu\/fr\/dublin-seminar-for-new-england-folklife-recalling-the-revolution-in-new-england-announcement\/","name":"Dublin Seminar for New England Folklife: Recalling the Revolution in New England [Announcement] - America 2026","isPartOf":{"@id":"https:\/\/america2026.eu\/#website"},"primaryImageOfPage":{"@id":"https:\/\/america2026.eu\/fr\/dublin-seminar-for-new-england-folklife-recalling-the-revolution-in-new-england-announcement\/#primaryimage"},"image":{"@id":"https:\/\/america2026.eu\/fr\/dublin-seminar-for-new-england-folklife-recalling-the-revolution-in-new-england-announcement\/#primaryimage"},"thumbnailUrl":"https:\/\/america2026.eu\/wp-content\/uploads\/2024\/10\/2e8aeafdac83564ae5481cf05d7d9ba0.jpg","datePublished":"2025-06-11T16:20:32+00:00","dateModified":"2025-06-11T16:21:08+00:00","breadcrumb":{"@id":"https:\/\/america2026.eu\/fr\/dublin-seminar-for-new-england-folklife-recalling-the-revolution-in-new-england-announcement\/#breadcrumb"},"inLanguage":"fr-FR","potentialAction":[{"@type":"ReadAction","target":["https:\/\/america2026.eu\/fr\/dublin-seminar-for-new-england-folklife-recalling-the-revolution-in-new-england-announcement\/"]}]},{"@type":"ImageObject","inLanguage":"fr-FR","@id":"https:\/\/america2026.eu\/fr\/dublin-seminar-for-new-england-folklife-recalling-the-revolution-in-new-england-announcement\/#primaryimage","url":"https:\/\/america2026.eu\/wp-content\/uploads\/2024\/10\/2e8aeafdac83564ae5481cf05d7d9ba0.jpg","contentUrl":"https:\/\/america2026.eu\/wp-content\/uploads\/2024\/10\/2e8aeafdac83564ae5481cf05d7d9ba0.jpg","width":664,"height":442,"caption":"https:\/\/unsplash.com\/photos\/Lo2SauLBP7g"},{"@type":"BreadcrumbList","@id":"https:\/\/america2026.eu\/fr\/dublin-seminar-for-new-england-folklife-recalling-the-revolution-in-new-england-announcement\/#breadcrumb","itemListElement":[{"@type":"ListItem","position":1,"name":"Accueil","item":"https:\/\/america2026.eu\/fr\/"},{"@type":"ListItem","position":2,"name":"Dublin Seminar for New England Folklife: Recalling the Revolution in New England [Announcement]"}]},{"@type":"WebSite","@id":"https:\/\/america2026.eu\/#website","url":"https:\/\/america2026.eu\/","name":"America 2026","description":"","publisher":{"@id":"https:\/\/america2026.eu\/#organization"},"potentialAction":[{"@type":"SearchAction","target":{"@type":"EntryPoint","urlTemplate":"https:\/\/america2026.eu\/?s={search_term_string}"},"query-input":{"@type":"PropertyValueSpecification","valueRequired":true,"valueName":"search_term_string"}}],"inLanguage":"fr-FR"},{"@type":"Organization","@id":"https:\/\/america2026.eu\/#organization","name":"America 2026","url":"https:\/\/america2026.eu\/","logo":{"@type":"ImageObject","inLanguage":"fr-FR","@id":"https:\/\/america2026.eu\/#\/schema\/logo\/image\/","url":"https:\/\/america2026.eu\/wp-content\/uploads\/2024\/10\/Untitled-3.png","contentUrl":"https:\/\/america2026.eu\/wp-content\/uploads\/2024\/10\/Untitled-3.png","width":6579,"height":1454,"caption":"America 2026"},"image":{"@id":"https:\/\/america2026.eu\/#\/schema\/logo\/image\/"}},{"@type":"Person","@id":"https:\/\/america2026.eu\/#\/schema\/person\/08b0307583a6353f0213d2613d9954fb","name":"Agn\u00e8s DELAHAYE","image":{"@type":"ImageObject","inLanguage":"fr-FR","@id":"https:\/\/america2026.eu\/#\/schema\/person\/image\/","url":"https:\/\/secure.gravatar.com\/avatar\/85cf3b0fd579da5be8ad50af6d0108ff90e2b73c4f0f8d797c38669db16bd77d?s=96&d=mm&r=g","contentUrl":"https:\/\/secure.gravatar.com\/avatar\/85cf3b0fd579da5be8ad50af6d0108ff90e2b73c4f0f8d797c38669db16bd77d?s=96&d=mm&r=g","caption":"Agn\u00e8s DELAHAYE"}}]}},"_links":{"self":[{"href":"https:\/\/america2026.eu\/fr\/wp-json\/wp\/v2\/posts\/2770","targetHints":{"allow":["GET"]}}],"collection":[{"href":"https:\/\/america2026.eu\/fr\/wp-json\/wp\/v2\/posts"}],"about":[{"href":"https:\/\/america2026.eu\/fr\/wp-json\/wp\/v2\/types\/post"}],"author":[{"embeddable":true,"href":"https:\/\/america2026.eu\/fr\/wp-json\/wp\/v2\/users\/2"}],"replies":[{"embeddable":true,"href":"https:\/\/america2026.eu\/fr\/wp-json\/wp\/v2\/comments?post=2770"}],"version-history":[{"count":1,"href":"https:\/\/america2026.eu\/fr\/wp-json\/wp\/v2\/posts\/2770\/revisions"}],"predecessor-version":[{"id":2771,"href":"https:\/\/america2026.eu\/fr\/wp-json\/wp\/v2\/posts\/2770\/revisions\/2771"}],"wp:featuredmedia":[{"embeddable":true,"href":"https:\/\/america2026.eu\/fr\/wp-json\/wp\/v2\/media\/921"}],"wp:attachment":[{"href":"https:\/\/america2026.eu\/fr\/wp-json\/wp\/v2\/media?parent=2770"}],"wp:term":[{"taxonomy":"groupes","embeddable":true,"href":"https:\/\/america2026.eu\/fr\/wp-json\/wp\/v2\/groupes?post=2770"}],"curies":[{"name":"wp","href":"https:\/\/api.w.org\/{rel}","templated":true}]}}