{"id":2761,"date":"2025-06-06T16:05:34","date_gmt":"2025-06-06T16:05:34","guid":{"rendered":"https:\/\/america2026.eu\/?p=2761"},"modified":"2025-06-06T16:06:09","modified_gmt":"2025-06-06T16:06:09","slug":"cfp-washington-early-american-seminar-2025-26-announcement","status":"publish","type":"post","link":"https:\/\/america2026.eu\/fr\/cfp-washington-early-american-seminar-2025-26-announcement\/","title":{"rendered":"CFP: Washington Early American Seminar 2025-26 [Announcement]"},"content":{"rendered":"\n<p>Richard Bell                                                                                                                                                                                                        Location<\/p>\n\n\n\n<p>MD               <br>United States<\/p>\n\n\n\n<p>The Washington Area Early American Seminar, hosted by the University of Maryland, invites proposals from scholars wishing to present work in progress in this special semiquincentennial year on any topic connected to the American Revolution broadly construed.&nbsp;<\/p>\n\n\n\n<p>Genuine work in progress is preferable to polished, already-accepted pieces and we especially welcome proposals from scholars farther afield who will be visiting the DC area for research this coming year.<\/p>\n\n\n\n<p>To propose a paper, please upload a brief, one-page cv and submit a title along with a 300-word description of the paper here:&nbsp;<a target=\"_blank\" href=\"https:\/\/forms.gle\/y5xWDnq35gt28P1v5\" rel=\"noreferrer noopener\">https:\/\/forms.gle\/y5xWDnq35gt28P1v5<\/a><\/p>\n\n\n\n<p>Deadline for submissions is July 1.<\/p>\n\n\n\n<p>If you want to be added to the mailing list or if you have questions please contact any of this year&rsquo;s conveners: Rick Bell (<a href=\"mailto:rjbell@umd.edu\" target=\"_blank\" rel=\"noreferrer noopener\">rjbell@umd.edu<\/a>), Holly Brewer (<a href=\"mailto:hbrewer@umd.edu\" target=\"_blank\" rel=\"noreferrer noopener\">hbrewer@umd.edu<\/a>), or&nbsp;Zack Dorner (<a href=\"mailto:zdorner@umd.edu\" target=\"_blank\" rel=\"noreferrer noopener\">zdorner@umd.edu<\/a>).&nbsp;<\/p>\n","protected":false},"excerpt":{"rendered":"Richard Bell Location MD United States The Washington Area Early American Seminar, hosted by the University of Maryland, invites proposals from scholars wishing to present work in progress in this special semiquincentennial year on any topic connected to the American&#8230;","protected":false},"author":2,"featured_media":924,"comment_status":"open","ping_status":"open","sticky":false,"template":"","format":"standard","meta":{"_acf_changed":false,"footnotes":""},"groupes":[65],"class_list":["post-2761","post","type-post","status-publish","format-standard","has-post-thumbnail","hentry","groupes-opportunites-de-recherche"],"acf":[],"yoast_head":"<!-- This site is optimized with the Yoast SEO plugin v24.3 - https:\/\/yoast.com\/wordpress\/plugins\/seo\/ -->\n<title>CFP: Washington Early American Seminar 2025-26 [Announcement] - America 2026<\/title>\n<meta name=\"robots\" content=\"index, follow, max-snippet:-1, max-image-preview:large, max-video-preview:-1\" \/>\n<link rel=\"canonical\" href=\"https:\/\/america2026.eu\/fr\/cfp-washington-early-american-seminar-2025-26-announcement\/\" \/>\n<meta property=\"og:locale\" content=\"fr_FR\" \/>\n<meta property=\"og:type\" content=\"article\" \/>\n<meta property=\"og:title\" content=\"CFP: Washington Early American Seminar 2025-26 [Announcement] - America 2026\" \/>\n<meta property=\"og:description\" content=\"Richard Bell Location MD United States The Washington Area Early American Seminar, hosted by the University of Maryland, invites proposals from scholars wishing to present work in progress in this special semiquincentennial year on any topic connected to the American...\" \/>\n<meta property=\"og:url\" content=\"https:\/\/america2026.eu\/fr\/cfp-washington-early-american-seminar-2025-26-announcement\/\" \/>\n<meta property=\"og:site_name\" content=\"America 2026\" \/>\n<meta property=\"article:published_time\" content=\"2025-06-06T16:05:34+00:00\" \/>\n<meta property=\"article:modified_time\" content=\"2025-06-06T16:06:09+00:00\" \/>\n<meta property=\"og:image\" content=\"https:\/\/america2026.eu\/wp-content\/uploads\/2024\/10\/1918dc3e18eef5977252441ece100403.jpg\" \/>\n\t<meta property=\"og:image:width\" content=\"664\" \/>\n\t<meta property=\"og:image:height\" content=\"442\" \/>\n\t<meta property=\"og:image:type\" content=\"image\/jpeg\" \/>\n<meta name=\"author\" content=\"Agn\u00e8s DELAHAYE\" \/>\n<meta name=\"twitter:label1\" content=\"\u00c9crit par\" \/>\n\t<meta name=\"twitter:data1\" content=\"Agn\u00e8s DELAHAYE\" \/>\n\t<meta name=\"twitter:label2\" content=\"Dur\u00e9e de lecture estim\u00e9e\" \/>\n\t<meta name=\"twitter:data2\" content=\"1 minute\" \/>\n<script type=\"application\/ld+json\" class=\"yoast-schema-graph\">{\"@context\":\"https:\/\/schema.org\",\"@graph\":[{\"@type\":\"Article\",\"@id\":\"https:\/\/america2026.eu\/fr\/cfp-washington-early-american-seminar-2025-26-announcement\/#article\",\"isPartOf\":{\"@id\":\"https:\/\/america2026.eu\/fr\/cfp-washington-early-american-seminar-2025-26-announcement\/\"},\"author\":{\"name\":\"Agn\u00e8s DELAHAYE\",\"@id\":\"https:\/\/america2026.eu\/#\/schema\/person\/08b0307583a6353f0213d2613d9954fb\"},\"headline\":\"CFP: Washington Early American Seminar 2025-26 [Announcement]\",\"datePublished\":\"2025-06-06T16:05:34+00:00\",\"dateModified\":\"2025-06-06T16:06:09+00:00\",\"mainEntityOfPage\":{\"@id\":\"https:\/\/america2026.eu\/fr\/cfp-washington-early-american-seminar-2025-26-announcement\/\"},\"wordCount\":160,\"commentCount\":0,\"publisher\":{\"@id\":\"https:\/\/america2026.eu\/#organization\"},\"image\":{\"@id\":\"https:\/\/america2026.eu\/fr\/cfp-washington-early-american-seminar-2025-26-announcement\/#primaryimage\"},\"thumbnailUrl\":\"https:\/\/america2026.eu\/wp-content\/uploads\/2024\/10\/1918dc3e18eef5977252441ece100403.jpg\",\"inLanguage\":\"fr-FR\",\"potentialAction\":[{\"@type\":\"CommentAction\",\"name\":\"Comment\",\"target\":[\"https:\/\/america2026.eu\/fr\/cfp-washington-early-american-seminar-2025-26-announcement\/#respond\"]}]},{\"@type\":\"WebPage\",\"@id\":\"https:\/\/america2026.eu\/fr\/cfp-washington-early-american-seminar-2025-26-announcement\/\",\"url\":\"https:\/\/america2026.eu\/fr\/cfp-washington-early-american-seminar-2025-26-announcement\/\",\"name\":\"CFP: Washington Early American Seminar 2025-26 [Announcement] - America 2026\",\"isPartOf\":{\"@id\":\"https:\/\/america2026.eu\/#website\"},\"primaryImageOfPage\":{\"@id\":\"https:\/\/america2026.eu\/fr\/cfp-washington-early-american-seminar-2025-26-announcement\/#primaryimage\"},\"image\":{\"@id\":\"https:\/\/america2026.eu\/fr\/cfp-washington-early-american-seminar-2025-26-announcement\/#primaryimage\"},\"thumbnailUrl\":\"https:\/\/america2026.eu\/wp-content\/uploads\/2024\/10\/1918dc3e18eef5977252441ece100403.jpg\",\"datePublished\":\"2025-06-06T16:05:34+00:00\",\"dateModified\":\"2025-06-06T16:06:09+00:00\",\"breadcrumb\":{\"@id\":\"https:\/\/america2026.eu\/fr\/cfp-washington-early-american-seminar-2025-26-announcement\/#breadcrumb\"},\"inLanguage\":\"fr-FR\",\"potentialAction\":[{\"@type\":\"ReadAction\",\"target\":[\"https:\/\/america2026.eu\/fr\/cfp-washington-early-american-seminar-2025-26-announcement\/\"]}]},{\"@type\":\"ImageObject\",\"inLanguage\":\"fr-FR\",\"@id\":\"https:\/\/america2026.eu\/fr\/cfp-washington-early-american-seminar-2025-26-announcement\/#primaryimage\",\"url\":\"https:\/\/america2026.eu\/wp-content\/uploads\/2024\/10\/1918dc3e18eef5977252441ece100403.jpg\",\"contentUrl\":\"https:\/\/america2026.eu\/wp-content\/uploads\/2024\/10\/1918dc3e18eef5977252441ece100403.jpg\",\"width\":664,\"height\":442,\"caption\":\"https:\/\/unsplash.com\/photos\/F5QBwO8X1KE\"},{\"@type\":\"BreadcrumbList\",\"@id\":\"https:\/\/america2026.eu\/fr\/cfp-washington-early-american-seminar-2025-26-announcement\/#breadcrumb\",\"itemListElement\":[{\"@type\":\"ListItem\",\"position\":1,\"name\":\"Accueil\",\"item\":\"https:\/\/america2026.eu\/fr\/\"},{\"@type\":\"ListItem\",\"position\":2,\"name\":\"CFP: Washington Early American Seminar 2025-26 [Announcement]\"}]},{\"@type\":\"WebSite\",\"@id\":\"https:\/\/america2026.eu\/#website\",\"url\":\"https:\/\/america2026.eu\/\",\"name\":\"America 2026\",\"description\":\"\",\"publisher\":{\"@id\":\"https:\/\/america2026.eu\/#organization\"},\"potentialAction\":[{\"@type\":\"SearchAction\",\"target\":{\"@type\":\"EntryPoint\",\"urlTemplate\":\"https:\/\/america2026.eu\/?s={search_term_string}\"},\"query-input\":{\"@type\":\"PropertyValueSpecification\",\"valueRequired\":true,\"valueName\":\"search_term_string\"}}],\"inLanguage\":\"fr-FR\"},{\"@type\":\"Organization\",\"@id\":\"https:\/\/america2026.eu\/#organization\",\"name\":\"America 2026\",\"url\":\"https:\/\/america2026.eu\/\",\"logo\":{\"@type\":\"ImageObject\",\"inLanguage\":\"fr-FR\",\"@id\":\"https:\/\/america2026.eu\/#\/schema\/logo\/image\/\",\"url\":\"https:\/\/america2026.eu\/wp-content\/uploads\/2024\/10\/Untitled-3.png\",\"contentUrl\":\"https:\/\/america2026.eu\/wp-content\/uploads\/2024\/10\/Untitled-3.png\",\"width\":6579,\"height\":1454,\"caption\":\"America 2026\"},\"image\":{\"@id\":\"https:\/\/america2026.eu\/#\/schema\/logo\/image\/\"}},{\"@type\":\"Person\",\"@id\":\"https:\/\/america2026.eu\/#\/schema\/person\/08b0307583a6353f0213d2613d9954fb\",\"name\":\"Agn\u00e8s DELAHAYE\",\"image\":{\"@type\":\"ImageObject\",\"inLanguage\":\"fr-FR\",\"@id\":\"https:\/\/america2026.eu\/#\/schema\/person\/image\/\",\"url\":\"https:\/\/secure.gravatar.com\/avatar\/85cf3b0fd579da5be8ad50af6d0108ff90e2b73c4f0f8d797c38669db16bd77d?s=96&d=mm&r=g\",\"contentUrl\":\"https:\/\/secure.gravatar.com\/avatar\/85cf3b0fd579da5be8ad50af6d0108ff90e2b73c4f0f8d797c38669db16bd77d?s=96&d=mm&r=g\",\"caption\":\"Agn\u00e8s DELAHAYE\"}}]}<\/script>\n<!-- \/ Yoast SEO plugin. -->","yoast_head_json":{"title":"CFP: Washington Early American Seminar 2025-26 [Announcement] - America 2026","robots":{"index":"index","follow":"follow","max-snippet":"max-snippet:-1","max-image-preview":"max-image-preview:large","max-video-preview":"max-video-preview:-1"},"canonical":"https:\/\/america2026.eu\/fr\/cfp-washington-early-american-seminar-2025-26-announcement\/","og_locale":"fr_FR","og_type":"article","og_title":"CFP: Washington Early American Seminar 2025-26 [Announcement] - America 2026","og_description":"Richard Bell Location MD United States The Washington Area Early American Seminar, hosted by the University of Maryland, invites proposals from scholars wishing to present work in progress in this special semiquincentennial year on any topic connected to the American...","og_url":"https:\/\/america2026.eu\/fr\/cfp-washington-early-american-seminar-2025-26-announcement\/","og_site_name":"America 2026","article_published_time":"2025-06-06T16:05:34+00:00","article_modified_time":"2025-06-06T16:06:09+00:00","og_image":[{"width":664,"height":442,"url":"https:\/\/america2026.eu\/wp-content\/uploads\/2024\/10\/1918dc3e18eef5977252441ece100403.jpg","type":"image\/jpeg"}],"author":"Agn\u00e8s DELAHAYE","twitter_misc":{"\u00c9crit par":"Agn\u00e8s DELAHAYE","Dur\u00e9e de lecture estim\u00e9e":"1 minute"},"schema":{"@context":"https:\/\/schema.org","@graph":[{"@type":"Article","@id":"https:\/\/america2026.eu\/fr\/cfp-washington-early-american-seminar-2025-26-announcement\/#article","isPartOf":{"@id":"https:\/\/america2026.eu\/fr\/cfp-washington-early-american-seminar-2025-26-announcement\/"},"author":{"name":"Agn\u00e8s DELAHAYE","@id":"https:\/\/america2026.eu\/#\/schema\/person\/08b0307583a6353f0213d2613d9954fb"},"headline":"CFP: Washington Early American Seminar 2025-26 [Announcement]","datePublished":"2025-06-06T16:05:34+00:00","dateModified":"2025-06-06T16:06:09+00:00","mainEntityOfPage":{"@id":"https:\/\/america2026.eu\/fr\/cfp-washington-early-american-seminar-2025-26-announcement\/"},"wordCount":160,"commentCount":0,"publisher":{"@id":"https:\/\/america2026.eu\/#organization"},"image":{"@id":"https:\/\/america2026.eu\/fr\/cfp-washington-early-american-seminar-2025-26-announcement\/#primaryimage"},"thumbnailUrl":"https:\/\/america2026.eu\/wp-content\/uploads\/2024\/10\/1918dc3e18eef5977252441ece100403.jpg","inLanguage":"fr-FR","potentialAction":[{"@type":"CommentAction","name":"Comment","target":["https:\/\/america2026.eu\/fr\/cfp-washington-early-american-seminar-2025-26-announcement\/#respond"]}]},{"@type":"WebPage","@id":"https:\/\/america2026.eu\/fr\/cfp-washington-early-american-seminar-2025-26-announcement\/","url":"https:\/\/america2026.eu\/fr\/cfp-washington-early-american-seminar-2025-26-announcement\/","name":"CFP: Washington Early American Seminar 2025-26 [Announcement] - America 2026","isPartOf":{"@id":"https:\/\/america2026.eu\/#website"},"primaryImageOfPage":{"@id":"https:\/\/america2026.eu\/fr\/cfp-washington-early-american-seminar-2025-26-announcement\/#primaryimage"},"image":{"@id":"https:\/\/america2026.eu\/fr\/cfp-washington-early-american-seminar-2025-26-announcement\/#primaryimage"},"thumbnailUrl":"https:\/\/america2026.eu\/wp-content\/uploads\/2024\/10\/1918dc3e18eef5977252441ece100403.jpg","datePublished":"2025-06-06T16:05:34+00:00","dateModified":"2025-06-06T16:06:09+00:00","breadcrumb":{"@id":"https:\/\/america2026.eu\/fr\/cfp-washington-early-american-seminar-2025-26-announcement\/#breadcrumb"},"inLanguage":"fr-FR","potentialAction":[{"@type":"ReadAction","target":["https:\/\/america2026.eu\/fr\/cfp-washington-early-american-seminar-2025-26-announcement\/"]}]},{"@type":"ImageObject","inLanguage":"fr-FR","@id":"https:\/\/america2026.eu\/fr\/cfp-washington-early-american-seminar-2025-26-announcement\/#primaryimage","url":"https:\/\/america2026.eu\/wp-content\/uploads\/2024\/10\/1918dc3e18eef5977252441ece100403.jpg","contentUrl":"https:\/\/america2026.eu\/wp-content\/uploads\/2024\/10\/1918dc3e18eef5977252441ece100403.jpg","width":664,"height":442,"caption":"https:\/\/unsplash.com\/photos\/F5QBwO8X1KE"},{"@type":"BreadcrumbList","@id":"https:\/\/america2026.eu\/fr\/cfp-washington-early-american-seminar-2025-26-announcement\/#breadcrumb","itemListElement":[{"@type":"ListItem","position":1,"name":"Accueil","item":"https:\/\/america2026.eu\/fr\/"},{"@type":"ListItem","position":2,"name":"CFP: Washington Early American Seminar 2025-26 [Announcement]"}]},{"@type":"WebSite","@id":"https:\/\/america2026.eu\/#website","url":"https:\/\/america2026.eu\/","name":"America 2026","description":"","publisher":{"@id":"https:\/\/america2026.eu\/#organization"},"potentialAction":[{"@type":"SearchAction","target":{"@type":"EntryPoint","urlTemplate":"https:\/\/america2026.eu\/?s={search_term_string}"},"query-input":{"@type":"PropertyValueSpecification","valueRequired":true,"valueName":"search_term_string"}}],"inLanguage":"fr-FR"},{"@type":"Organization","@id":"https:\/\/america2026.eu\/#organization","name":"America 2026","url":"https:\/\/america2026.eu\/","logo":{"@type":"ImageObject","inLanguage":"fr-FR","@id":"https:\/\/america2026.eu\/#\/schema\/logo\/image\/","url":"https:\/\/america2026.eu\/wp-content\/uploads\/2024\/10\/Untitled-3.png","contentUrl":"https:\/\/america2026.eu\/wp-content\/uploads\/2024\/10\/Untitled-3.png","width":6579,"height":1454,"caption":"America 2026"},"image":{"@id":"https:\/\/america2026.eu\/#\/schema\/logo\/image\/"}},{"@type":"Person","@id":"https:\/\/america2026.eu\/#\/schema\/person\/08b0307583a6353f0213d2613d9954fb","name":"Agn\u00e8s DELAHAYE","image":{"@type":"ImageObject","inLanguage":"fr-FR","@id":"https:\/\/america2026.eu\/#\/schema\/person\/image\/","url":"https:\/\/secure.gravatar.com\/avatar\/85cf3b0fd579da5be8ad50af6d0108ff90e2b73c4f0f8d797c38669db16bd77d?s=96&d=mm&r=g","contentUrl":"https:\/\/secure.gravatar.com\/avatar\/85cf3b0fd579da5be8ad50af6d0108ff90e2b73c4f0f8d797c38669db16bd77d?s=96&d=mm&r=g","caption":"Agn\u00e8s DELAHAYE"}}]}},"_links":{"self":[{"href":"https:\/\/america2026.eu\/fr\/wp-json\/wp\/v2\/posts\/2761","targetHints":{"allow":["GET"]}}],"collection":[{"href":"https:\/\/america2026.eu\/fr\/wp-json\/wp\/v2\/posts"}],"about":[{"href":"https:\/\/america2026.eu\/fr\/wp-json\/wp\/v2\/types\/post"}],"author":[{"embeddable":true,"href":"https:\/\/america2026.eu\/fr\/wp-json\/wp\/v2\/users\/2"}],"replies":[{"embeddable":true,"href":"https:\/\/america2026.eu\/fr\/wp-json\/wp\/v2\/comments?post=2761"}],"version-history":[{"count":1,"href":"https:\/\/america2026.eu\/fr\/wp-json\/wp\/v2\/posts\/2761\/revisions"}],"predecessor-version":[{"id":2762,"href":"https:\/\/america2026.eu\/fr\/wp-json\/wp\/v2\/posts\/2761\/revisions\/2762"}],"wp:featuredmedia":[{"embeddable":true,"href":"https:\/\/america2026.eu\/fr\/wp-json\/wp\/v2\/media\/924"}],"wp:attachment":[{"href":"https:\/\/america2026.eu\/fr\/wp-json\/wp\/v2\/media?parent=2761"}],"wp:term":[{"taxonomy":"groupes","embeddable":true,"href":"https:\/\/america2026.eu\/fr\/wp-json\/wp\/v2\/groupes?post=2761"}],"curies":[{"name":"wp","href":"https:\/\/api.w.org\/{rel}","templated":true}]}}