{"id":2756,"date":"2025-06-01T22:17:45","date_gmt":"2025-06-01T22:17:45","guid":{"rendered":"https:\/\/america2026.eu\/newsletter-28\/"},"modified":"2025-06-01T22:21:44","modified_gmt":"2025-06-01T22:21:44","slug":"newsletter-28","status":"publish","type":"post","link":"https:\/\/america2026.eu\/fr\/newsletter-28\/","title":{"rendered":"Newsletter #28"},"content":{"rendered":"\n<p>Ch\u00e8res abonn\u00e9es, chers abonn\u00e9s,<\/p>\n\n\n\n<p>Nous sommes heureux de partager avec vous notre newsletter de juin 2025, la derni\u00e8re avant l&rsquo;\u00e9t\u00e9. Voici les annonces et les rappels de ce mois :&nbsp;<\/p>\n\n\n\n<p><strong>\u00c9v\u00e9nements du mois<\/strong><\/p>\n\n\n\n<p><strong>The Fourteenth Biennial Conference of the Society of Early Americanists<\/strong>                                      Date:<strong> <\/strong>5-8 juin 2025                                                                                                                                                      Lieu: University of Notre Dame, South Bend, Indiana.                                                                                                                                                      Le programme inclut un panel intitul\u00e9 \u201c1776 and the Age of Revolutions\u201d o\u00f9 interviendront des membres du consortium AMERICA2026                                                                                                                                                      Plus d\u2019informations <a href=\"https:\/\/www.societyofearlyamericanists.org\/conferences\/sea-2025-biennial\">ici<\/a>.<\/p>\n\n\n\n<p><strong>Currents and Exchanges in Vast Early America. OI 28th Annual Conference.<\/strong>                                                                                                                                                      Date: 12-14 juin 2025                                                                                                                                                      Lieu: College of Charleston \u00e0 Charleston, Caroline du Sud.                                                                                                                                                      Plus d\u2019informations <a href=\"https:\/\/oieahc.wm.edu\/events-overview\/events\/oi-28th-annual-conference\/\">ici<\/a>.<\/p>\n\n\n\n<p><strong>Archiving America\/American Archives<\/strong>                                                                                                                                                      Congr\u00e8s annuel de la German Association of American Studies                                                                                                                                                      Date: 12-14 juin 2025                                                                                                                                                      Lieu: Uni. Siegen (Allemagne).                                                                                                                                                      Plus d\u2019informations <a href=\"https:\/\/www.uni-siegen.de\/phil\/anglistik\/dgfa2025\/program.html?lang=de\">ici<\/a>.<\/p>\n\n\n\n<p><strong>Thomas Sully\u2019s Philadelphians: Painting the Athens of America<\/strong>                                                                                                                                                      <strong>\u201c<\/strong>Lunch at the Library\u201d avec Peter Conn                                                                                                                                                      Date: 12 juin 2025, 12-13h (c\u00f4te est)                                                                                                                                                      Lieu: hybride, Benjamin Franklin Hall, 427 Chestnut St., Philadelphie et en ligne.                                                                                                                                                      Plus d\u2019informations <a href=\"https:\/\/www.amphilsoc.org\/events\/thomas-sullys-philadelphians-painting-athens-america\">ici<\/a>.<\/p>\n\n\n\n<p><strong>Annonces de postes et de bourses de recherche&nbsp;<\/strong><\/p>\n\n\n\n<p><strong>2025 Rachel Hines Prize<\/strong>                                                                                                                                                      Le Carolina Lowcountry and Atlantic World Program et les Presses de l&rsquo;Universit\u00e9 de Caroline du Sud ont le plaisir d&rsquo;annoncer qu&rsquo;ils lancent un appel \u00e0 candidatures pour le prix Rachel Hines, d\u00e9cern\u00e9 tous les deux ans, pour des manuscrits sur les Lowcountry et\/ou le monde atlantique.                                                                                                                                                      Plus d\u2019information sur le fichier joint.                                                                                                                                                      Date butoir: <strong>1er juin 2025<\/strong><\/p>\n\n\n\n<p><strong>Obama Fellowship at the Obama Institute for Transnational American Studies<\/strong>                                                                                                                                                      Date butoir: <strong>1er juillet 2025<\/strong>                                                                                                                                                      Plus d\u2019informations concernant l\u2019institut, la bourse et la candidature <a href=\"https:\/\/www.obama-institute.com\/opportunities\/obama-fellowship\/\">ici<\/a>.<\/p>\n\n\n\n<p><strong>Publications<\/strong><\/p>\n\n\n\n<p>Seynabou Thiam-Pereira,\u00a0 <strong><em>Les Loyalistes noirs et la Guerre d\u2019Ind\u00e9pendance des Etats-Unis. Etude compar\u00e9e d\u2019une communaut\u00e9 r\u00e9fugi\u00e9e au Canada (1775-1815)<\/em><\/strong><em>, <\/em>Paris, Honor\u00e9 Champion (parution le 25 avril 2025)                                                                                                                                                                                                                                                                                                            Plus d\u2019informations <a href=\"https:\/\/www.honorechampion.com\/fr\/editions-honore-champion\/13315-book-08536325-9782745363251.html\">ici<\/a>.<\/p>\n\n\n\n<p>Le dernier num\u00e9ro de la revue italienne <strong><em>Journal of Constitutional History \/ Giornale di Storia Constituzionale<\/em><\/strong> vient de para\u00eetre <a href=\"http:\/\/www.storiacostituzionale.it\/GSC49.html\">en acc\u00e8s libre<\/a>. Ce num\u00e9ro (49, April 2025) inclut les contributions pr\u00e9sent\u00e9es lors du colloque organis\u00e9 conjointement par Manuela Albertone et Bertrand Van Ruymbeke (en partenariat avec AMERICA2026) en mai 2023, \u00e0 Turin. Parmi ces publications, celles d\u2019Agn\u00e8s Delahaye, \u00ab\u00a0La r\u00e9volution am\u00e9ricaine sous le prisme du peuplement\u00a0\u00bb, de Ghislain Potriquet, \u00ab\u00a0The Franco-American Alliance: a Century After\u00a0\u00bb, et de Bertrand Van Ruymbeke et Irma Toti, \u00ab\u00a0L\u2019Am\u00e9rique au concours. Prix acad\u00e9miques sur la \u00ab\u00a0d\u00e9couverte\u00a0\u00bb du Nouveau Monde et la R\u00e9volution am\u00e9ricaine en France et en Toscane (1774-1792)\u00a0\u00bb.&nbsp;<\/p>\n\n\n\n<p>Volker Depkat, Karsten Fitz, and Susanne Lachenicht, eds., <strong><em>Representations and Uses of the American Revolution in Past and Present<\/em> <\/strong>(Heidelberg, 2025)                                                                                                                                                                                      Plus d\u2019informations <a href=\"https:\/\/winter-verlag.de\/en\/detail\/978-3-8253-9623-7\/Depkat_ea_Eds_American_Revolution\/\">ici<\/a>.<\/p>\n\n\n\n<p>Pensez \u00e0 nous envoyer les informations relatives \u00e0 vos publications afin que nous les diffusions !<\/p>\n\n\n\n<p><strong>\u00c9v\u00e9nements \u00e0 venir<\/strong><\/p>\n\n\n\n<p><strong>Maps in American Literature, 15<sup>th<\/sup>-21<sup>st<\/sup> c.<\/strong>                                                                                                                                                                                      Colloque international.                                                                                                                                                                                      Date: 1-3 avril 2026<\/p>\n\n\n\n<p>Lieu: ENS de Lyon, France                                                                                                                                                                                      Date butoir: <strong>avant le 15 juin 2025<\/strong>.                                                                                                                                                                                      Plus d\u2019informations et AAC <a href=\"https:\/\/dgfa.de\/cfp-maps-in-american-literature-15th-21st-century\/\">ici<\/a>.<\/p>\n\n\n\n<p><strong>A Quarter-Millenium of Franco-American Relations<\/strong>                                                                                                                                                                                      Co-organized par la Tocqueville Society et l\u2019American University of Paris.\u00a0                                                                                                                                                                                      Date: 28-29 mai 2026                                                                                                                                                                                      Lieu: Paris                                                                                                                                                                                      Date butoir: <strong>15 juin 2025<\/strong> \u00e0 envoyer \u00e0 David Bell, dabell@princeton.edu. Les contributions peuvent \u00eatre en fran\u00e7ais ou en anglais.                                                                                                                                                                                      Plus d\u2019informations <a href=\"https:\/\/america2026.eu\/research-opportunities\/\">ici<\/a>.<\/p>\n\n\n\n<p><strong>Appel \u00e0 contributions: America&rsquo;s 1776: Independence and its Enduring Legacies<\/strong>                                                                                                                                                                                      Une conf\u00e9rence du David Center for the American Revolution at the American Philosophical Society                                                                                                                                                                                      <em>America&rsquo;s 1776<\/em> est l&rsquo;une des trois conf\u00e9rences organis\u00e9es conjointement par le DCAR et l&rsquo;APS en 2026. Ces conf\u00e9rences visent \u00e0 \u00e9tudier la r\u00e9volution am\u00e9ricaine dans les contextes mondial, national et local, \u00e0 la consid\u00e9rer dans ses connexions avec l&rsquo;\u00e2ge des r\u00e9volutions et \u00e0 d\u00e9battre des principales forces de changement \u00e0 l&rsquo;\u0153uvre au cours de cette p\u00e9riode. Les autres \u00e9v\u00e9nements sont les suivants :<\/p>\n\n\n\n<p><a href=\"https:\/\/global1776.hku.hk\/\"><em>Global 1776: Imperial World in Upheaval<\/em><\/a> (Hong Kong, 12-14 mars 2026, voir ci-dessus)                                                                                                                                                                                      <em>Europe\u2019s American Revolution<\/em> (Paris, October 2026; un \u00e9v\u00e9nement AMERICA2026 !)                                                                                                                                                                                      Date: 4-6 juin 2026                                                                                                                                                                                      Lieu: Philadelphie\u00a0                                                                                                                                                                                      Date butoir: 23 juin 2025\u00a0                                                                                                                                                                                      Plus d\u2019informations <a href=\"https:\/\/www.amphilsoc.org\/americas-1776-independence-and-its-enduring-legacies-june-4-6-2026\">ici<\/a>.\u00a0<\/p>\n\n\n\n<p>Tenez-nous inform\u00e9\u00b7es quant \u00e0 vous activit\u00e9s au sein d\u2019AMERICA2026 (et en dehors !) afin que nous puissions les faire conna\u00eetre.&nbsp;Pour \u00eatre s\u00fbr\u00b7es de voir votre \u00e9v\u00e9nement mentionn\u00e9 dans la newsletter, pensez \u00e0 nous en informer d\u2019ici le 20 du mois en cours !<\/p>\n","protected":false},"excerpt":{"rendered":"Nous sommes heureux de partager avec vous notre newsletter de juin 2025, la derni\u00e8re avant l&rsquo;\u00e9t\u00e9. Voici les annonces et les rappels de ce mois :\u00a0","protected":false},"author":2,"featured_media":2754,"comment_status":"open","ping_status":"open","sticky":false,"template":"","format":"standard","meta":{"_acf_changed":false,"footnotes":""},"groupes":[64],"class_list":["post-2756","post","type-post","status-publish","format-standard","has-post-thumbnail","hentry","groupes-newsletter-fr"],"acf":[],"yoast_head":"<!-- This site is optimized with the Yoast SEO plugin v24.3 - https:\/\/yoast.com\/wordpress\/plugins\/seo\/ -->\n<title>Newsletter #28 - America 2026<\/title>\n<meta name=\"robots\" content=\"index, follow, max-snippet:-1, max-image-preview:large, max-video-preview:-1\" \/>\n<link rel=\"canonical\" href=\"https:\/\/america2026.eu\/fr\/newsletter-28\/\" \/>\n<meta property=\"og:locale\" content=\"fr_FR\" \/>\n<meta property=\"og:type\" content=\"article\" \/>\n<meta property=\"og:title\" content=\"Newsletter #28 - America 2026\" \/>\n<meta property=\"og:description\" content=\"Nous sommes heureux de partager avec vous notre newsletter de juin 2025, la derni\u00e8re avant l&#039;\u00e9t\u00e9. Voici les annonces et les rappels de ce mois :\u00a0\" \/>\n<meta property=\"og:url\" content=\"https:\/\/america2026.eu\/fr\/newsletter-28\/\" \/>\n<meta property=\"og:site_name\" content=\"America 2026\" \/>\n<meta property=\"article:published_time\" content=\"2025-06-01T22:17:45+00:00\" \/>\n<meta property=\"article:modified_time\" content=\"2025-06-01T22:21:44+00:00\" \/>\n<meta property=\"og:image\" content=\"https:\/\/america2026.eu\/wp-content\/uploads\/2025\/06\/Capture-decran-2025-06-02-a-00.13.26-1024x679.png\" \/>\n\t<meta property=\"og:image:width\" content=\"1024\" \/>\n\t<meta property=\"og:image:height\" content=\"679\" \/>\n\t<meta property=\"og:image:type\" content=\"image\/png\" \/>\n<meta name=\"author\" content=\"Agn\u00e8s DELAHAYE\" \/>\n<meta name=\"twitter:label1\" content=\"\u00c9crit par\" \/>\n\t<meta name=\"twitter:data1\" content=\"Agn\u00e8s DELAHAYE\" \/>\n\t<meta name=\"twitter:label2\" content=\"Dur\u00e9e de lecture estim\u00e9e\" \/>\n\t<meta name=\"twitter:data2\" content=\"4 minutes\" \/>\n<script type=\"application\/ld+json\" class=\"yoast-schema-graph\">{\"@context\":\"https:\/\/schema.org\",\"@graph\":[{\"@type\":\"Article\",\"@id\":\"https:\/\/america2026.eu\/fr\/newsletter-28\/#article\",\"isPartOf\":{\"@id\":\"https:\/\/america2026.eu\/fr\/newsletter-28\/\"},\"author\":{\"name\":\"Agn\u00e8s DELAHAYE\",\"@id\":\"https:\/\/america2026.eu\/#\/schema\/person\/08b0307583a6353f0213d2613d9954fb\"},\"headline\":\"Newsletter #28\",\"datePublished\":\"2025-06-01T22:17:45+00:00\",\"dateModified\":\"2025-06-01T22:21:44+00:00\",\"mainEntityOfPage\":{\"@id\":\"https:\/\/america2026.eu\/fr\/newsletter-28\/\"},\"wordCount\":710,\"commentCount\":0,\"publisher\":{\"@id\":\"https:\/\/america2026.eu\/#organization\"},\"image\":{\"@id\":\"https:\/\/america2026.eu\/fr\/newsletter-28\/#primaryimage\"},\"thumbnailUrl\":\"https:\/\/america2026.eu\/wp-content\/uploads\/2025\/06\/Capture-decran-2025-06-02-a-00.13.26.png\",\"inLanguage\":\"fr-FR\",\"potentialAction\":[{\"@type\":\"CommentAction\",\"name\":\"Comment\",\"target\":[\"https:\/\/america2026.eu\/fr\/newsletter-28\/#respond\"]}]},{\"@type\":\"WebPage\",\"@id\":\"https:\/\/america2026.eu\/fr\/newsletter-28\/\",\"url\":\"https:\/\/america2026.eu\/fr\/newsletter-28\/\",\"name\":\"Newsletter #28 - America 2026\",\"isPartOf\":{\"@id\":\"https:\/\/america2026.eu\/#website\"},\"primaryImageOfPage\":{\"@id\":\"https:\/\/america2026.eu\/fr\/newsletter-28\/#primaryimage\"},\"image\":{\"@id\":\"https:\/\/america2026.eu\/fr\/newsletter-28\/#primaryimage\"},\"thumbnailUrl\":\"https:\/\/america2026.eu\/wp-content\/uploads\/2025\/06\/Capture-decran-2025-06-02-a-00.13.26.png\",\"datePublished\":\"2025-06-01T22:17:45+00:00\",\"dateModified\":\"2025-06-01T22:21:44+00:00\",\"breadcrumb\":{\"@id\":\"https:\/\/america2026.eu\/fr\/newsletter-28\/#breadcrumb\"},\"inLanguage\":\"fr-FR\",\"potentialAction\":[{\"@type\":\"ReadAction\",\"target\":[\"https:\/\/america2026.eu\/fr\/newsletter-28\/\"]}]},{\"@type\":\"ImageObject\",\"inLanguage\":\"fr-FR\",\"@id\":\"https:\/\/america2026.eu\/fr\/newsletter-28\/#primaryimage\",\"url\":\"https:\/\/america2026.eu\/wp-content\/uploads\/2025\/06\/Capture-decran-2025-06-02-a-00.13.26.png\",\"contentUrl\":\"https:\/\/america2026.eu\/wp-content\/uploads\/2025\/06\/Capture-decran-2025-06-02-a-00.13.26.png\",\"width\":1756,\"height\":1164},{\"@type\":\"BreadcrumbList\",\"@id\":\"https:\/\/america2026.eu\/fr\/newsletter-28\/#breadcrumb\",\"itemListElement\":[{\"@type\":\"ListItem\",\"position\":1,\"name\":\"Accueil\",\"item\":\"https:\/\/america2026.eu\/fr\/\"},{\"@type\":\"ListItem\",\"position\":2,\"name\":\"Newsletter #28\"}]},{\"@type\":\"WebSite\",\"@id\":\"https:\/\/america2026.eu\/#website\",\"url\":\"https:\/\/america2026.eu\/\",\"name\":\"America 2026\",\"description\":\"\",\"publisher\":{\"@id\":\"https:\/\/america2026.eu\/#organization\"},\"potentialAction\":[{\"@type\":\"SearchAction\",\"target\":{\"@type\":\"EntryPoint\",\"urlTemplate\":\"https:\/\/america2026.eu\/?s={search_term_string}\"},\"query-input\":{\"@type\":\"PropertyValueSpecification\",\"valueRequired\":true,\"valueName\":\"search_term_string\"}}],\"inLanguage\":\"fr-FR\"},{\"@type\":\"Organization\",\"@id\":\"https:\/\/america2026.eu\/#organization\",\"name\":\"America 2026\",\"url\":\"https:\/\/america2026.eu\/\",\"logo\":{\"@type\":\"ImageObject\",\"inLanguage\":\"fr-FR\",\"@id\":\"https:\/\/america2026.eu\/#\/schema\/logo\/image\/\",\"url\":\"https:\/\/america2026.eu\/wp-content\/uploads\/2024\/10\/Untitled-3.png\",\"contentUrl\":\"https:\/\/america2026.eu\/wp-content\/uploads\/2024\/10\/Untitled-3.png\",\"width\":6579,\"height\":1454,\"caption\":\"America 2026\"},\"image\":{\"@id\":\"https:\/\/america2026.eu\/#\/schema\/logo\/image\/\"}},{\"@type\":\"Person\",\"@id\":\"https:\/\/america2026.eu\/#\/schema\/person\/08b0307583a6353f0213d2613d9954fb\",\"name\":\"Agn\u00e8s DELAHAYE\",\"image\":{\"@type\":\"ImageObject\",\"inLanguage\":\"fr-FR\",\"@id\":\"https:\/\/america2026.eu\/#\/schema\/person\/image\/\",\"url\":\"https:\/\/secure.gravatar.com\/avatar\/85cf3b0fd579da5be8ad50af6d0108ff90e2b73c4f0f8d797c38669db16bd77d?s=96&d=mm&r=g\",\"contentUrl\":\"https:\/\/secure.gravatar.com\/avatar\/85cf3b0fd579da5be8ad50af6d0108ff90e2b73c4f0f8d797c38669db16bd77d?s=96&d=mm&r=g\",\"caption\":\"Agn\u00e8s DELAHAYE\"}}]}<\/script>\n<!-- \/ Yoast SEO plugin. -->","yoast_head_json":{"title":"Newsletter #28 - America 2026","robots":{"index":"index","follow":"follow","max-snippet":"max-snippet:-1","max-image-preview":"max-image-preview:large","max-video-preview":"max-video-preview:-1"},"canonical":"https:\/\/america2026.eu\/fr\/newsletter-28\/","og_locale":"fr_FR","og_type":"article","og_title":"Newsletter #28 - America 2026","og_description":"Nous sommes heureux de partager avec vous notre newsletter de juin 2025, la derni\u00e8re avant l'\u00e9t\u00e9. Voici les annonces et les rappels de ce mois :\u00a0","og_url":"https:\/\/america2026.eu\/fr\/newsletter-28\/","og_site_name":"America 2026","article_published_time":"2025-06-01T22:17:45+00:00","article_modified_time":"2025-06-01T22:21:44+00:00","og_image":[{"width":1024,"height":679,"url":"https:\/\/america2026.eu\/wp-content\/uploads\/2025\/06\/Capture-decran-2025-06-02-a-00.13.26-1024x679.png","type":"image\/png"}],"author":"Agn\u00e8s DELAHAYE","twitter_misc":{"\u00c9crit par":"Agn\u00e8s DELAHAYE","Dur\u00e9e de lecture estim\u00e9e":"4 minutes"},"schema":{"@context":"https:\/\/schema.org","@graph":[{"@type":"Article","@id":"https:\/\/america2026.eu\/fr\/newsletter-28\/#article","isPartOf":{"@id":"https:\/\/america2026.eu\/fr\/newsletter-28\/"},"author":{"name":"Agn\u00e8s DELAHAYE","@id":"https:\/\/america2026.eu\/#\/schema\/person\/08b0307583a6353f0213d2613d9954fb"},"headline":"Newsletter #28","datePublished":"2025-06-01T22:17:45+00:00","dateModified":"2025-06-01T22:21:44+00:00","mainEntityOfPage":{"@id":"https:\/\/america2026.eu\/fr\/newsletter-28\/"},"wordCount":710,"commentCount":0,"publisher":{"@id":"https:\/\/america2026.eu\/#organization"},"image":{"@id":"https:\/\/america2026.eu\/fr\/newsletter-28\/#primaryimage"},"thumbnailUrl":"https:\/\/america2026.eu\/wp-content\/uploads\/2025\/06\/Capture-decran-2025-06-02-a-00.13.26.png","inLanguage":"fr-FR","potentialAction":[{"@type":"CommentAction","name":"Comment","target":["https:\/\/america2026.eu\/fr\/newsletter-28\/#respond"]}]},{"@type":"WebPage","@id":"https:\/\/america2026.eu\/fr\/newsletter-28\/","url":"https:\/\/america2026.eu\/fr\/newsletter-28\/","name":"Newsletter #28 - America 2026","isPartOf":{"@id":"https:\/\/america2026.eu\/#website"},"primaryImageOfPage":{"@id":"https:\/\/america2026.eu\/fr\/newsletter-28\/#primaryimage"},"image":{"@id":"https:\/\/america2026.eu\/fr\/newsletter-28\/#primaryimage"},"thumbnailUrl":"https:\/\/america2026.eu\/wp-content\/uploads\/2025\/06\/Capture-decran-2025-06-02-a-00.13.26.png","datePublished":"2025-06-01T22:17:45+00:00","dateModified":"2025-06-01T22:21:44+00:00","breadcrumb":{"@id":"https:\/\/america2026.eu\/fr\/newsletter-28\/#breadcrumb"},"inLanguage":"fr-FR","potentialAction":[{"@type":"ReadAction","target":["https:\/\/america2026.eu\/fr\/newsletter-28\/"]}]},{"@type":"ImageObject","inLanguage":"fr-FR","@id":"https:\/\/america2026.eu\/fr\/newsletter-28\/#primaryimage","url":"https:\/\/america2026.eu\/wp-content\/uploads\/2025\/06\/Capture-decran-2025-06-02-a-00.13.26.png","contentUrl":"https:\/\/america2026.eu\/wp-content\/uploads\/2025\/06\/Capture-decran-2025-06-02-a-00.13.26.png","width":1756,"height":1164},{"@type":"BreadcrumbList","@id":"https:\/\/america2026.eu\/fr\/newsletter-28\/#breadcrumb","itemListElement":[{"@type":"ListItem","position":1,"name":"Accueil","item":"https:\/\/america2026.eu\/fr\/"},{"@type":"ListItem","position":2,"name":"Newsletter #28"}]},{"@type":"WebSite","@id":"https:\/\/america2026.eu\/#website","url":"https:\/\/america2026.eu\/","name":"America 2026","description":"","publisher":{"@id":"https:\/\/america2026.eu\/#organization"},"potentialAction":[{"@type":"SearchAction","target":{"@type":"EntryPoint","urlTemplate":"https:\/\/america2026.eu\/?s={search_term_string}"},"query-input":{"@type":"PropertyValueSpecification","valueRequired":true,"valueName":"search_term_string"}}],"inLanguage":"fr-FR"},{"@type":"Organization","@id":"https:\/\/america2026.eu\/#organization","name":"America 2026","url":"https:\/\/america2026.eu\/","logo":{"@type":"ImageObject","inLanguage":"fr-FR","@id":"https:\/\/america2026.eu\/#\/schema\/logo\/image\/","url":"https:\/\/america2026.eu\/wp-content\/uploads\/2024\/10\/Untitled-3.png","contentUrl":"https:\/\/america2026.eu\/wp-content\/uploads\/2024\/10\/Untitled-3.png","width":6579,"height":1454,"caption":"America 2026"},"image":{"@id":"https:\/\/america2026.eu\/#\/schema\/logo\/image\/"}},{"@type":"Person","@id":"https:\/\/america2026.eu\/#\/schema\/person\/08b0307583a6353f0213d2613d9954fb","name":"Agn\u00e8s DELAHAYE","image":{"@type":"ImageObject","inLanguage":"fr-FR","@id":"https:\/\/america2026.eu\/#\/schema\/person\/image\/","url":"https:\/\/secure.gravatar.com\/avatar\/85cf3b0fd579da5be8ad50af6d0108ff90e2b73c4f0f8d797c38669db16bd77d?s=96&d=mm&r=g","contentUrl":"https:\/\/secure.gravatar.com\/avatar\/85cf3b0fd579da5be8ad50af6d0108ff90e2b73c4f0f8d797c38669db16bd77d?s=96&d=mm&r=g","caption":"Agn\u00e8s DELAHAYE"}}]}},"_links":{"self":[{"href":"https:\/\/america2026.eu\/fr\/wp-json\/wp\/v2\/posts\/2756","targetHints":{"allow":["GET"]}}],"collection":[{"href":"https:\/\/america2026.eu\/fr\/wp-json\/wp\/v2\/posts"}],"about":[{"href":"https:\/\/america2026.eu\/fr\/wp-json\/wp\/v2\/types\/post"}],"author":[{"embeddable":true,"href":"https:\/\/america2026.eu\/fr\/wp-json\/wp\/v2\/users\/2"}],"replies":[{"embeddable":true,"href":"https:\/\/america2026.eu\/fr\/wp-json\/wp\/v2\/comments?post=2756"}],"version-history":[{"count":2,"href":"https:\/\/america2026.eu\/fr\/wp-json\/wp\/v2\/posts\/2756\/revisions"}],"predecessor-version":[{"id":2760,"href":"https:\/\/america2026.eu\/fr\/wp-json\/wp\/v2\/posts\/2756\/revisions\/2760"}],"wp:featuredmedia":[{"embeddable":true,"href":"https:\/\/america2026.eu\/fr\/wp-json\/wp\/v2\/media\/2754"}],"wp:attachment":[{"href":"https:\/\/america2026.eu\/fr\/wp-json\/wp\/v2\/media?parent=2756"}],"wp:term":[{"taxonomy":"groupes","embeddable":true,"href":"https:\/\/america2026.eu\/fr\/wp-json\/wp\/v2\/groupes?post=2756"}],"curies":[{"name":"wp","href":"https:\/\/api.w.org\/{rel}","templated":true}]}}