{"id":2742,"date":"2025-05-19T07:41:10","date_gmt":"2025-05-19T07:41:10","guid":{"rendered":"https:\/\/america2026.eu\/?p=2742"},"modified":"2025-05-20T14:35:01","modified_gmt":"2025-05-20T14:35:01","slug":"la-revolution-americaine-des-europeens-the-american-revolution-of-the-europeans","status":"publish","type":"post","link":"https:\/\/america2026.eu\/fr\/la-revolution-americaine-des-europeens-the-american-revolution-of-the-europeans\/","title":{"rendered":"La r\u00e9volution am\u00e9ricaine des Europ\u00e9ens \/\u00a0The American Revolution of the Europeans"},"content":{"rendered":"\n<p>In this issue (49, April 2025) are published the papers presented at the conference organized by Manuela Albertone and Bertrand Van Ruymbeke in May 2023 in Turin, among which those of Agn\u00e8s Delahaye, \u00ab\u00a0La r\u00e9volution am\u00e9ricaine sous le prisme du peuplement\u00a0\u00bb, Ghislain Potriquet, \u00ab\u00a0The Franco-American Alliance: a Century After\u00a0\u00bb, and Bertrand Van Ruymbeke and Irma Toti, \u00ab\u00a0L\u2019Am\u00e9rique au concours. Prix acad\u00e9miques sur la \u00ab\u00a0d\u00e9couverte\u00a0\u00bb du Nouveau Monde et la R\u00e9volution am\u00e9ricaine en France et en Toscane (1774-1792)\u00a0\u00bb.\u00a0<\/p>\n\n\n\n<p><\/p>\n\n\n\n<p><strong>Sommario \/&nbsp;<em>Contents<\/em><\/strong>:<\/p>\n\n\n\n<p><strong>Manuela Albertone, Francesco Di Donato, Bertrand Van Ruymbeke<\/strong>,&nbsp;<a href=\"http:\/\/www.storiacostituzionale.it\/doc_49\/Intro_GSC_49_0525.pdf\" target=\"_blank\" rel=\"noreferrer noopener\">Introduzione \/&nbsp;<em>Introduction<\/em><\/a><\/p>\n\n\n\n<p>FONDAMENTI<br><br><strong>Matteo Battistini<\/strong>,&nbsp;<a href=\"http:\/\/www.storiacostituzionale.it\/doc_49\/Battistini_GSC_49_0525.pdf\" target=\"_blank\" rel=\"noreferrer noopener\"><em>A Revolution in the State of Civilization<\/em>: democrazia e societ\u00e0 commerciale nel mondo atlantico di Thomas Paine \/ A Revolution in the State of Civilization<em>: Democracy and Commercial Society in the Atlantic World of Thomas Paine<\/em><\/a><\/p>\n\n\n\n<p><strong>Bertrand Van Ruymbeke, Irma Toti<\/strong>,&nbsp;<a href=\"http:\/\/www.storiacostituzionale.it\/doc_49\/VanRuymbeke-Toti_GSC_49_0525.pdf\" target=\"_blank\" rel=\"noreferrer noopener\">L\u2019Am\u00e9rique au concours. Prix acad\u00e9miques sur la \u00abd\u00e9couverte\u00bb du Nouveau Monde et la R\u00e9volution am\u00e9ricaine en France et en Toscane (1774-1792) \/&nbsp;<em>Contests About America. Academic Prizes on the \u00abDiscovery\u00bb of the New World and the American Revolution in France and Tuscany (1774-1792)<\/em><\/a><\/p>\n\n\n\n<p><strong>Cecilia Carnino<\/strong>,&nbsp;<a href=\"http:\/\/www.storiacostituzionale.it\/doc_49\/Carnino_GSC_49_0525.pdf\" target=\"_blank\" rel=\"noreferrer noopener\">Benjamin Franklin\u2019s \u2018The Way to Wealth\u2019 in Italy, between the&nbsp;<em>Ancien R\u00e9gime<\/em>&nbsp;and Revolution (1775-1801) \/&nbsp;<em>\u2018The Way to Wealth\u2019 di Benjamin Franklin in Italia tra&nbsp;<\/em>Ancien R\u00e9gime<em>&nbsp;e Rivoluzione (1775-1801)<\/em><\/a><br>&nbsp;&nbsp;&nbsp;&nbsp;<br><strong>Antonino De Francesco<\/strong>,&nbsp;<a href=\"http:\/\/www.storiacostituzionale.it\/doc_49\/DeFrancesco_GSC_49_0525.pdf\" target=\"_blank\" rel=\"noreferrer noopener\">La Guerra d\u2019indipendenza americana nel dibattito politico francese ai tempi della Legislativa (1791-1792) \/&nbsp;<em>The American War of Independence in the French Political Debate at the time of the Legislative (1791-1792)<\/em><\/a><\/p>\n\n\n\n<p><strong>Pierangelo Castagneto<\/strong>,&nbsp;<a href=\"http:\/\/www.storiacostituzionale.it\/doc_49\/Castagneto_GSC_49_0525.pdf\" target=\"_blank\" rel=\"noreferrer noopener\">Le lampeggianti campane della libert\u00e0. L\u2019americanismo giacobino di Luigi Angeloni \/&nbsp;<em>The Flashing Chimes of Freedom. The American Jacobinism of Luigi Angeloni<\/em><\/a><br>&nbsp;&nbsp;&nbsp;&nbsp;<br><strong>Edoardo Tortarolo<\/strong>,&nbsp;<a href=\"http:\/\/www.storiacostituzionale.it\/doc_49\/Tortarolo_GSC_49_0525.pdf\" target=\"_blank\" rel=\"noreferrer noopener\">Friedrich von Gentz et sa comparaison entre la r\u00e9volution am\u00e9ricaine et la r\u00e9volution fran\u00e7aise en 1800. Notes de lecture \/&nbsp;<em>Friedrich von Gentz. A comparison between the American Revolution and the French Revolution in 1800<\/em><\/a><br>&nbsp;&nbsp;&nbsp;&nbsp;<br><strong>Agn\u00e8s Delahaye<\/strong>,&nbsp;<a href=\"http:\/\/www.storiacostituzionale.it\/doc_49\/Delahaye_GSC_49_0525.pdf\" target=\"_blank\" rel=\"noreferrer noopener\">La R\u00e9volution am\u00e9ricaine sous le prisme du peuplement \/&nbsp;<em>Thinking the American Revolution through settlement<\/em><\/a><br>&nbsp;&nbsp;&nbsp;&nbsp;<br><strong>Ghislain Potriquet<\/strong>,&nbsp;<a href=\"http:\/\/www.storiacostituzionale.it\/doc_49\/Potriquet_GSC_49_0525.pdf\" target=\"_blank\" rel=\"noreferrer noopener\">The Franco-American Alliance: a Century After \/&nbsp;<em>L\u2019alliance franco-am\u00e9ricaine, cent ans plus tard<\/em><\/a><br>&nbsp;&nbsp;&nbsp;&nbsp;<br>RICERCHE<br><br><strong>Stefania Ecchia<\/strong>,&nbsp;<a href=\"http:\/\/www.storiacostituzionale.it\/doc_49\/Ecchia_GSC_49_0525.pdf\" target=\"_blank\" rel=\"noreferrer noopener\">La Costituzione polacco-lituana del 1791: innovazioni e limiti di un percorso \/&nbsp;<em>The Polish-Lithuanian Constitution of 1791: Innovations and Limitations of a Political Path<\/em><\/a><br>&nbsp;&nbsp;&nbsp;&nbsp;<br><strong>Marco Fioravanti<\/strong>,&nbsp;<a href=\"http:\/\/www.storiacostituzionale.it\/doc_49\/Fioravanti_GSC_49_0525.pdf\" target=\"_blank\" rel=\"noreferrer noopener\">Incunaboli d\u2019Europa. Parte I: Lo Statuto Internazionale di Tangeri (1923-1956) \/&nbsp;<em>Incunabola of Europe. Part I: The International Statute of Tangier (1923-1956)<\/em><\/a><\/p>\n\n\n\n<p>LIBRIDO<br>Primo piano \/&nbsp;<em>In the foreground<\/em><br><strong>Riccardo Cavallo&nbsp;<\/strong>legge \/&nbsp;<em>reads<\/em>&nbsp;Hermann Heller,<a href=\"http:\/\/www.storiacostituzionale.it\/doc_49\/Librido_Cavallo_GSC_49_0525.pdf\" target=\"_blank\" rel=\"noreferrer noopener\">&nbsp;Dottrina dello Stato, traduzione e cura di Ulderico Pomarici<\/a><br><strong>Andrea Raffaele Amato<\/strong>&nbsp;legge \/&nbsp;<em>reads<\/em>&nbsp;Italo Birocchi (a cura di),<a href=\"http:\/\/www.storiacostituzionale.it\/doc_49\/Librido_Amato_GSC_49_0525.pdf\" target=\"_blank\" rel=\"noreferrer noopener\">&nbsp;Civilt\u00e0 del diritto. Emilio Lussu, Giacomo Matteotti, Silvio Trentin<\/a><\/p>\n\n\n\n<p><a href=\"http:\/\/www.storiacostituzionale.it\/doc_49\/Librido_23_proposte_GSC_49_0525.pdf\" target=\"_blank\" rel=\"noreferrer noopener\">Ventitr\u00e9 proposte di lettura \/&nbsp;<em>Twenty-three reading proposals<\/em><\/a><\/p>\n\n\n\n<p><a href=\"http:\/\/www.storiacostituzionale.it\/doc_49\/Autori_GSC_49_0525.pdf\" target=\"_blank\" rel=\"noreferrer noopener\">Autori \/&nbsp;<em>Authors<\/em><\/a><\/p>\n\n\n\n<p><em><a href=\"http:\/\/www.storiacostituzionale.it\/doc_49\/Abstracts_GSC_49_0525.pdf\" target=\"_blank\" rel=\"noreferrer noopener\">Abstracts<\/a><\/em><\/p>\n\n\n\n<p><a href=\"http:\/\/www.storiacostituzionale.it\/doc_49\/GSC_49_PostCampione_ridotto_050525.pdf\" target=\"_blank\" rel=\"noreferrer noopener\">Full-Text<\/a><\/p>\n","protected":false},"excerpt":{"rendered":"In this issue (49, April 2025) are published the papers presented at the conference organized by Manuela Albertone and Bertrand Van Ruymbeke in May 2023 in Turin, among which those of Agn\u00e8s Delahaye, \u00ab\u00a0La r\u00e9volution am\u00e9ricaine sous le prisme du peuplement\u00a0\u00bb, Ghislain Potriquet, \u00ab\u00a0The Franco-American Alliance: a Century After\u00a0\u00bb, and Bertrand Van Ruymbeke and Irma Toti, \u00ab\u00a0L\u2019Am\u00e9rique au concours. Prix acad\u00e9miques sur la \u00ab\u00a0d\u00e9couverte\u00a0\u00bb du Nouveau Monde et la R\u00e9volution am\u00e9ricaine en France et en Toscane (1774-1792)\u00a0\u00bb. ","protected":false},"author":2,"featured_media":2740,"comment_status":"open","ping_status":"open","sticky":false,"template":"","format":"standard","meta":{"_acf_changed":false,"footnotes":""},"groupes":[45,43],"class_list":["post-2742","post","type-post","status-publish","format-standard","has-post-thumbnail","hentry","groupes-numeros-speciaux","groupes-volumes-collectifs"],"acf":[],"yoast_head":"<!-- This site is optimized with the Yoast SEO plugin v24.3 - https:\/\/yoast.com\/wordpress\/plugins\/seo\/ -->\n<title>La r\u00e9volution am\u00e9ricaine des Europ\u00e9ens \/\u00a0The American Revolution of the Europeans - America 2026<\/title>\n<meta name=\"robots\" content=\"index, follow, max-snippet:-1, max-image-preview:large, max-video-preview:-1\" \/>\n<link rel=\"canonical\" href=\"https:\/\/america2026.eu\/fr\/la-revolution-americaine-des-europeens-the-american-revolution-of-the-europeans\/\" \/>\n<meta property=\"og:locale\" content=\"fr_FR\" \/>\n<meta property=\"og:type\" content=\"article\" \/>\n<meta property=\"og:title\" content=\"La r\u00e9volution am\u00e9ricaine des Europ\u00e9ens \/\u00a0The American Revolution of the Europeans - America 2026\" \/>\n<meta property=\"og:description\" content=\"In this issue (49, April 2025) are published the papers presented at the conference organized by Manuela Albertone and Bertrand Van Ruymbeke in May 2023 in Turin, among which those of Agn\u00e8s Delahaye, &quot;La r\u00e9volution am\u00e9ricaine sous le prisme du peuplement&quot;, Ghislain Potriquet, &quot;The Franco-American Alliance: a Century After&quot;, and Bertrand Van Ruymbeke and Irma Toti, &quot;L\u2019Am\u00e9rique au concours. Prix acad\u00e9miques sur la &quot;d\u00e9couverte&quot; du Nouveau Monde et la R\u00e9volution am\u00e9ricaine en France et en Toscane (1774-1792)&quot;.\" \/>\n<meta property=\"og:url\" content=\"https:\/\/america2026.eu\/fr\/la-revolution-americaine-des-europeens-the-american-revolution-of-the-europeans\/\" \/>\n<meta property=\"og:site_name\" content=\"America 2026\" \/>\n<meta property=\"article:published_time\" content=\"2025-05-19T07:41:10+00:00\" \/>\n<meta property=\"article:modified_time\" content=\"2025-05-20T14:35:01+00:00\" \/>\n<meta property=\"og:image\" content=\"https:\/\/america2026.eu\/wp-content\/uploads\/2025\/05\/GSC_49_MIDI.jpg\" \/>\n\t<meta property=\"og:image:width\" content=\"160\" \/>\n\t<meta property=\"og:image:height\" content=\"225\" \/>\n\t<meta property=\"og:image:type\" content=\"image\/jpeg\" \/>\n<meta name=\"author\" content=\"Agn\u00e8s DELAHAYE\" \/>\n<meta name=\"twitter:label1\" content=\"\u00c9crit par\" \/>\n\t<meta name=\"twitter:data1\" content=\"Agn\u00e8s DELAHAYE\" \/>\n\t<meta name=\"twitter:label2\" content=\"Dur\u00e9e de lecture estim\u00e9e\" \/>\n\t<meta name=\"twitter:data2\" content=\"3 minutes\" \/>\n<script type=\"application\/ld+json\" class=\"yoast-schema-graph\">{\"@context\":\"https:\/\/schema.org\",\"@graph\":[{\"@type\":\"Article\",\"@id\":\"https:\/\/america2026.eu\/fr\/la-revolution-americaine-des-europeens-the-american-revolution-of-the-europeans\/#article\",\"isPartOf\":{\"@id\":\"https:\/\/america2026.eu\/fr\/la-revolution-americaine-des-europeens-the-american-revolution-of-the-europeans\/\"},\"author\":{\"name\":\"Agn\u00e8s DELAHAYE\",\"@id\":\"https:\/\/america2026.eu\/#\/schema\/person\/08b0307583a6353f0213d2613d9954fb\"},\"headline\":\"La r\u00e9volution am\u00e9ricaine des Europ\u00e9ens \/\u00a0The American Revolution of the Europeans\",\"datePublished\":\"2025-05-19T07:41:10+00:00\",\"dateModified\":\"2025-05-20T14:35:01+00:00\",\"mainEntityOfPage\":{\"@id\":\"https:\/\/america2026.eu\/fr\/la-revolution-americaine-des-europeens-the-american-revolution-of-the-europeans\/\"},\"wordCount\":525,\"commentCount\":0,\"publisher\":{\"@id\":\"https:\/\/america2026.eu\/#organization\"},\"image\":{\"@id\":\"https:\/\/america2026.eu\/fr\/la-revolution-americaine-des-europeens-the-american-revolution-of-the-europeans\/#primaryimage\"},\"thumbnailUrl\":\"https:\/\/america2026.eu\/wp-content\/uploads\/2025\/05\/GSC_49_MIDI.jpg\",\"inLanguage\":\"fr-FR\",\"potentialAction\":[{\"@type\":\"CommentAction\",\"name\":\"Comment\",\"target\":[\"https:\/\/america2026.eu\/fr\/la-revolution-americaine-des-europeens-the-american-revolution-of-the-europeans\/#respond\"]}]},{\"@type\":\"WebPage\",\"@id\":\"https:\/\/america2026.eu\/fr\/la-revolution-americaine-des-europeens-the-american-revolution-of-the-europeans\/\",\"url\":\"https:\/\/america2026.eu\/fr\/la-revolution-americaine-des-europeens-the-american-revolution-of-the-europeans\/\",\"name\":\"La r\u00e9volution am\u00e9ricaine des Europ\u00e9ens \/\u00a0The American Revolution of the Europeans - America 2026\",\"isPartOf\":{\"@id\":\"https:\/\/america2026.eu\/#website\"},\"primaryImageOfPage\":{\"@id\":\"https:\/\/america2026.eu\/fr\/la-revolution-americaine-des-europeens-the-american-revolution-of-the-europeans\/#primaryimage\"},\"image\":{\"@id\":\"https:\/\/america2026.eu\/fr\/la-revolution-americaine-des-europeens-the-american-revolution-of-the-europeans\/#primaryimage\"},\"thumbnailUrl\":\"https:\/\/america2026.eu\/wp-content\/uploads\/2025\/05\/GSC_49_MIDI.jpg\",\"datePublished\":\"2025-05-19T07:41:10+00:00\",\"dateModified\":\"2025-05-20T14:35:01+00:00\",\"breadcrumb\":{\"@id\":\"https:\/\/america2026.eu\/fr\/la-revolution-americaine-des-europeens-the-american-revolution-of-the-europeans\/#breadcrumb\"},\"inLanguage\":\"fr-FR\",\"potentialAction\":[{\"@type\":\"ReadAction\",\"target\":[\"https:\/\/america2026.eu\/fr\/la-revolution-americaine-des-europeens-the-american-revolution-of-the-europeans\/\"]}]},{\"@type\":\"ImageObject\",\"inLanguage\":\"fr-FR\",\"@id\":\"https:\/\/america2026.eu\/fr\/la-revolution-americaine-des-europeens-the-american-revolution-of-the-europeans\/#primaryimage\",\"url\":\"https:\/\/america2026.eu\/wp-content\/uploads\/2025\/05\/GSC_49_MIDI.jpg\",\"contentUrl\":\"https:\/\/america2026.eu\/wp-content\/uploads\/2025\/05\/GSC_49_MIDI.jpg\",\"width\":160,\"height\":225},{\"@type\":\"BreadcrumbList\",\"@id\":\"https:\/\/america2026.eu\/fr\/la-revolution-americaine-des-europeens-the-american-revolution-of-the-europeans\/#breadcrumb\",\"itemListElement\":[{\"@type\":\"ListItem\",\"position\":1,\"name\":\"Accueil\",\"item\":\"https:\/\/america2026.eu\/fr\/\"},{\"@type\":\"ListItem\",\"position\":2,\"name\":\"La r\u00e9volution am\u00e9ricaine des Europ\u00e9ens \/\u00a0The American Revolution of the Europeans\"}]},{\"@type\":\"WebSite\",\"@id\":\"https:\/\/america2026.eu\/#website\",\"url\":\"https:\/\/america2026.eu\/\",\"name\":\"America 2026\",\"description\":\"\",\"publisher\":{\"@id\":\"https:\/\/america2026.eu\/#organization\"},\"potentialAction\":[{\"@type\":\"SearchAction\",\"target\":{\"@type\":\"EntryPoint\",\"urlTemplate\":\"https:\/\/america2026.eu\/?s={search_term_string}\"},\"query-input\":{\"@type\":\"PropertyValueSpecification\",\"valueRequired\":true,\"valueName\":\"search_term_string\"}}],\"inLanguage\":\"fr-FR\"},{\"@type\":\"Organization\",\"@id\":\"https:\/\/america2026.eu\/#organization\",\"name\":\"America 2026\",\"url\":\"https:\/\/america2026.eu\/\",\"logo\":{\"@type\":\"ImageObject\",\"inLanguage\":\"fr-FR\",\"@id\":\"https:\/\/america2026.eu\/#\/schema\/logo\/image\/\",\"url\":\"https:\/\/america2026.eu\/wp-content\/uploads\/2024\/10\/Untitled-3.png\",\"contentUrl\":\"https:\/\/america2026.eu\/wp-content\/uploads\/2024\/10\/Untitled-3.png\",\"width\":6579,\"height\":1454,\"caption\":\"America 2026\"},\"image\":{\"@id\":\"https:\/\/america2026.eu\/#\/schema\/logo\/image\/\"}},{\"@type\":\"Person\",\"@id\":\"https:\/\/america2026.eu\/#\/schema\/person\/08b0307583a6353f0213d2613d9954fb\",\"name\":\"Agn\u00e8s DELAHAYE\",\"image\":{\"@type\":\"ImageObject\",\"inLanguage\":\"fr-FR\",\"@id\":\"https:\/\/america2026.eu\/#\/schema\/person\/image\/\",\"url\":\"https:\/\/secure.gravatar.com\/avatar\/85cf3b0fd579da5be8ad50af6d0108ff90e2b73c4f0f8d797c38669db16bd77d?s=96&d=mm&r=g\",\"contentUrl\":\"https:\/\/secure.gravatar.com\/avatar\/85cf3b0fd579da5be8ad50af6d0108ff90e2b73c4f0f8d797c38669db16bd77d?s=96&d=mm&r=g\",\"caption\":\"Agn\u00e8s DELAHAYE\"}}]}<\/script>\n<!-- \/ Yoast SEO plugin. -->","yoast_head_json":{"title":"La r\u00e9volution am\u00e9ricaine des Europ\u00e9ens \/\u00a0The American Revolution of the Europeans - America 2026","robots":{"index":"index","follow":"follow","max-snippet":"max-snippet:-1","max-image-preview":"max-image-preview:large","max-video-preview":"max-video-preview:-1"},"canonical":"https:\/\/america2026.eu\/fr\/la-revolution-americaine-des-europeens-the-american-revolution-of-the-europeans\/","og_locale":"fr_FR","og_type":"article","og_title":"La r\u00e9volution am\u00e9ricaine des Europ\u00e9ens \/\u00a0The American Revolution of the Europeans - America 2026","og_description":"In this issue (49, April 2025) are published the papers presented at the conference organized by Manuela Albertone and Bertrand Van Ruymbeke in May 2023 in Turin, among which those of Agn\u00e8s Delahaye, \"La r\u00e9volution am\u00e9ricaine sous le prisme du peuplement\", Ghislain Potriquet, \"The Franco-American Alliance: a Century After\", and Bertrand Van Ruymbeke and Irma Toti, \"L\u2019Am\u00e9rique au concours. Prix acad\u00e9miques sur la \"d\u00e9couverte\" du Nouveau Monde et la R\u00e9volution am\u00e9ricaine en France et en Toscane (1774-1792)\".","og_url":"https:\/\/america2026.eu\/fr\/la-revolution-americaine-des-europeens-the-american-revolution-of-the-europeans\/","og_site_name":"America 2026","article_published_time":"2025-05-19T07:41:10+00:00","article_modified_time":"2025-05-20T14:35:01+00:00","og_image":[{"width":160,"height":225,"url":"https:\/\/america2026.eu\/wp-content\/uploads\/2025\/05\/GSC_49_MIDI.jpg","type":"image\/jpeg"}],"author":"Agn\u00e8s DELAHAYE","twitter_misc":{"\u00c9crit par":"Agn\u00e8s DELAHAYE","Dur\u00e9e de lecture estim\u00e9e":"3 minutes"},"schema":{"@context":"https:\/\/schema.org","@graph":[{"@type":"Article","@id":"https:\/\/america2026.eu\/fr\/la-revolution-americaine-des-europeens-the-american-revolution-of-the-europeans\/#article","isPartOf":{"@id":"https:\/\/america2026.eu\/fr\/la-revolution-americaine-des-europeens-the-american-revolution-of-the-europeans\/"},"author":{"name":"Agn\u00e8s DELAHAYE","@id":"https:\/\/america2026.eu\/#\/schema\/person\/08b0307583a6353f0213d2613d9954fb"},"headline":"La r\u00e9volution am\u00e9ricaine des Europ\u00e9ens \/\u00a0The American Revolution of the Europeans","datePublished":"2025-05-19T07:41:10+00:00","dateModified":"2025-05-20T14:35:01+00:00","mainEntityOfPage":{"@id":"https:\/\/america2026.eu\/fr\/la-revolution-americaine-des-europeens-the-american-revolution-of-the-europeans\/"},"wordCount":525,"commentCount":0,"publisher":{"@id":"https:\/\/america2026.eu\/#organization"},"image":{"@id":"https:\/\/america2026.eu\/fr\/la-revolution-americaine-des-europeens-the-american-revolution-of-the-europeans\/#primaryimage"},"thumbnailUrl":"https:\/\/america2026.eu\/wp-content\/uploads\/2025\/05\/GSC_49_MIDI.jpg","inLanguage":"fr-FR","potentialAction":[{"@type":"CommentAction","name":"Comment","target":["https:\/\/america2026.eu\/fr\/la-revolution-americaine-des-europeens-the-american-revolution-of-the-europeans\/#respond"]}]},{"@type":"WebPage","@id":"https:\/\/america2026.eu\/fr\/la-revolution-americaine-des-europeens-the-american-revolution-of-the-europeans\/","url":"https:\/\/america2026.eu\/fr\/la-revolution-americaine-des-europeens-the-american-revolution-of-the-europeans\/","name":"La r\u00e9volution am\u00e9ricaine des Europ\u00e9ens \/\u00a0The American Revolution of the Europeans - America 2026","isPartOf":{"@id":"https:\/\/america2026.eu\/#website"},"primaryImageOfPage":{"@id":"https:\/\/america2026.eu\/fr\/la-revolution-americaine-des-europeens-the-american-revolution-of-the-europeans\/#primaryimage"},"image":{"@id":"https:\/\/america2026.eu\/fr\/la-revolution-americaine-des-europeens-the-american-revolution-of-the-europeans\/#primaryimage"},"thumbnailUrl":"https:\/\/america2026.eu\/wp-content\/uploads\/2025\/05\/GSC_49_MIDI.jpg","datePublished":"2025-05-19T07:41:10+00:00","dateModified":"2025-05-20T14:35:01+00:00","breadcrumb":{"@id":"https:\/\/america2026.eu\/fr\/la-revolution-americaine-des-europeens-the-american-revolution-of-the-europeans\/#breadcrumb"},"inLanguage":"fr-FR","potentialAction":[{"@type":"ReadAction","target":["https:\/\/america2026.eu\/fr\/la-revolution-americaine-des-europeens-the-american-revolution-of-the-europeans\/"]}]},{"@type":"ImageObject","inLanguage":"fr-FR","@id":"https:\/\/america2026.eu\/fr\/la-revolution-americaine-des-europeens-the-american-revolution-of-the-europeans\/#primaryimage","url":"https:\/\/america2026.eu\/wp-content\/uploads\/2025\/05\/GSC_49_MIDI.jpg","contentUrl":"https:\/\/america2026.eu\/wp-content\/uploads\/2025\/05\/GSC_49_MIDI.jpg","width":160,"height":225},{"@type":"BreadcrumbList","@id":"https:\/\/america2026.eu\/fr\/la-revolution-americaine-des-europeens-the-american-revolution-of-the-europeans\/#breadcrumb","itemListElement":[{"@type":"ListItem","position":1,"name":"Accueil","item":"https:\/\/america2026.eu\/fr\/"},{"@type":"ListItem","position":2,"name":"La r\u00e9volution am\u00e9ricaine des Europ\u00e9ens \/\u00a0The American Revolution of the Europeans"}]},{"@type":"WebSite","@id":"https:\/\/america2026.eu\/#website","url":"https:\/\/america2026.eu\/","name":"America 2026","description":"","publisher":{"@id":"https:\/\/america2026.eu\/#organization"},"potentialAction":[{"@type":"SearchAction","target":{"@type":"EntryPoint","urlTemplate":"https:\/\/america2026.eu\/?s={search_term_string}"},"query-input":{"@type":"PropertyValueSpecification","valueRequired":true,"valueName":"search_term_string"}}],"inLanguage":"fr-FR"},{"@type":"Organization","@id":"https:\/\/america2026.eu\/#organization","name":"America 2026","url":"https:\/\/america2026.eu\/","logo":{"@type":"ImageObject","inLanguage":"fr-FR","@id":"https:\/\/america2026.eu\/#\/schema\/logo\/image\/","url":"https:\/\/america2026.eu\/wp-content\/uploads\/2024\/10\/Untitled-3.png","contentUrl":"https:\/\/america2026.eu\/wp-content\/uploads\/2024\/10\/Untitled-3.png","width":6579,"height":1454,"caption":"America 2026"},"image":{"@id":"https:\/\/america2026.eu\/#\/schema\/logo\/image\/"}},{"@type":"Person","@id":"https:\/\/america2026.eu\/#\/schema\/person\/08b0307583a6353f0213d2613d9954fb","name":"Agn\u00e8s DELAHAYE","image":{"@type":"ImageObject","inLanguage":"fr-FR","@id":"https:\/\/america2026.eu\/#\/schema\/person\/image\/","url":"https:\/\/secure.gravatar.com\/avatar\/85cf3b0fd579da5be8ad50af6d0108ff90e2b73c4f0f8d797c38669db16bd77d?s=96&d=mm&r=g","contentUrl":"https:\/\/secure.gravatar.com\/avatar\/85cf3b0fd579da5be8ad50af6d0108ff90e2b73c4f0f8d797c38669db16bd77d?s=96&d=mm&r=g","caption":"Agn\u00e8s DELAHAYE"}}]}},"_links":{"self":[{"href":"https:\/\/america2026.eu\/fr\/wp-json\/wp\/v2\/posts\/2742","targetHints":{"allow":["GET"]}}],"collection":[{"href":"https:\/\/america2026.eu\/fr\/wp-json\/wp\/v2\/posts"}],"about":[{"href":"https:\/\/america2026.eu\/fr\/wp-json\/wp\/v2\/types\/post"}],"author":[{"embeddable":true,"href":"https:\/\/america2026.eu\/fr\/wp-json\/wp\/v2\/users\/2"}],"replies":[{"embeddable":true,"href":"https:\/\/america2026.eu\/fr\/wp-json\/wp\/v2\/comments?post=2742"}],"version-history":[{"count":1,"href":"https:\/\/america2026.eu\/fr\/wp-json\/wp\/v2\/posts\/2742\/revisions"}],"predecessor-version":[{"id":2743,"href":"https:\/\/america2026.eu\/fr\/wp-json\/wp\/v2\/posts\/2742\/revisions\/2743"}],"wp:featuredmedia":[{"embeddable":true,"href":"https:\/\/america2026.eu\/fr\/wp-json\/wp\/v2\/media\/2740"}],"wp:attachment":[{"href":"https:\/\/america2026.eu\/fr\/wp-json\/wp\/v2\/media?parent=2742"}],"wp:term":[{"taxonomy":"groupes","embeddable":true,"href":"https:\/\/america2026.eu\/fr\/wp-json\/wp\/v2\/groupes?post=2742"}],"curies":[{"name":"wp","href":"https:\/\/api.w.org\/{rel}","templated":true}]}}