{"id":2734,"date":"2025-05-12T06:58:51","date_gmt":"2025-05-12T06:58:51","guid":{"rendered":"https:\/\/america2026.eu\/aps-elects-new-members-for-2025\/"},"modified":"2025-05-12T06:58:51","modified_gmt":"2025-05-12T06:58:51","slug":"aps-elects-new-members-for-2025","status":"publish","type":"post","link":"https:\/\/america2026.eu\/fr\/aps-elects-new-members-for-2025\/","title":{"rendered":"APS Elects New Members for 2025"},"content":{"rendered":"\n<p>Philadelphia\u2014The American Philosophical Society (APS), the oldest and most distinguished learned society in North America, is pleased to announce the election of 38 new Members in 2025. These new Members represent outstanding achievement in the sciences, humanities, social sciences, and technology, as well as leadership in industry, higher education, and nonprofit administration. The current elected membership of the APS consists of 817 resident members and 159 international members. Only 5,854 members have been elected since 1743.<\/p>\n\n\n\n<p>Roger S. Bagnall, President of the APS said, \u201cIt is a pleasure to announce a distinguished new class of members elected to the American Philosophical Society by its Members. Their work represents the highest levels of accomplishment in their respective fields and we look forward to welcoming them to the life and work of the Society.\u201d&nbsp;<\/p>\n\n\n\n<p>The APS was founded in 1743 by Benjamin Franklin to bring together creative thinkers in the sciences and other fields of study (then referred to as \u201cnatural philosophy\u201d), for the broad purpose of \u201cpromoting useful knowledge.\u201d The APS continues to be a forum for the free exchange of ideas, exemplified by its twice-annual Members\u2019 Meetings, the longest-running scholarly press in North America, a grants and fellowships program that brings scholars to the Society to perform research at its library and museum and sends them into field sites and archives across the globe, and a museum that welcomes upwards of 100,000 visitors each year.<\/p>\n\n\n\n<p>\u201cThe APS has a rich history going back to the nation\u2019s founding and our Members are a large part of what makes the APS so vital today\u2014their ground-breaking research and transformative leadership have had an immeasurable impact on every field of knowledge,\u201d said APS Chief Executive Officer Patrick Spero.<\/p>\n\n\n\n<p>Newly-elected Members join a long lineage that includes many of the nation\u2019s founders \u2014George Washington, John Adams, Thomas Jefferson, Thomas Paine, James Madison, Alexander Hamilton, and John Marshall were all APS Members. In the 19th century, John James Audubon, Maria Mitchell, Charles Darwin, Thomas Edison, and Louis Pasteur were among those elected. Albert Einstein, Robert Frost, and Sandra Day O\u2019Connor hint at the scientific, humanistic, and public accomplishments of 20th-century Members.<\/p>\n\n\n\n<p>Current and past members are listed in the\u00a0<a href=\"https:\/\/search.amphilsoc.org\/memhist\/search\" target=\"_blank\" rel=\"noreferrer noopener\">Member database<\/a>.<\/p>\n\n\n\n<hr class=\"wp-block-separator has-alpha-channel-opacity\"\/>\n\n\n\n<p><strong>CLASS 1: MATHEMATICIAN AND PHYSICAL SCIENCES<\/strong><\/p>\n\n\n\n<p><strong>Barry Barish<\/strong><br>Linde Professor of Physics, Emeritus, California Institute of Technology; Professor, University of California, Riverside; President&rsquo;s Distinguished Endowed Chair in Physics, Stony Brook University<\/p>\n\n\n\n<p><strong>Persis Drell<\/strong><br>Provost Emerita, James and Anna Marie Spilker Professor, Stanford University Professor of Materials, Science and Engineering, Professor of Physics, Stanford University<\/p>\n\n\n\n<p><strong>Susan T. Dumais<\/strong><br>Technical Fellow, Managing Director, Microsoft Research New England, New York City, and Montreal, Microsoft<\/p>\n\n\n\n<p><strong>Michael Harris<\/strong><br>Professor of Mathematics, Columbia University; Professor \u00e9m\u00e9rite, Universit\u00e9 Paris Cit\u00e9<\/p>\n\n\n\n<p><strong>Marcia Jean Rieke<\/strong><br>Regents&rsquo; Professor of Astronomy, Steward Observatory, University of Arizona<\/p>\n\n\n\n<p><em>International<\/em><\/p>\n\n\n\n<p><strong>Alejandro de \u00c1vila Blomberg<\/strong><br>Founding Director, Ethnobotanical Garden, Oaxaca, M\u00e9xico; Curator, Oaxaca Textile Museum<\/p>\n\n\n\n<p><strong>Egbert \u201cBert\u201d Willem Meijer<\/strong><br>Distinguished Professor in the Molecular Sciences, Professor of Organic Chemistry, Eindhoven University of Technology<\/p>\n\n\n\n<p><\/p>\n\n\n\n<p><strong>CLASS 2: BIOLOGICAL SCIENCES<\/strong><\/p>\n\n\n\n<p><strong>Martin Chalfie<\/strong><br>University Professor, Columbia University<\/p>\n\n\n\n<p><strong>Dianne K. Newman<\/strong><br>Gordon M. Binder\/Amgen Professor of Biology and Geobiology, Merkin Institute Professor, California Institute of Technology<\/p>\n\n\n\n<p><strong>Mary Eleanor Power<\/strong><br>Professor, Department of Integrative Biology, University of California, Berkeley; Faculty Manager, Angelo Coast Range Reserve<\/p>\n\n\n\n<p><strong>Terrence J. Sejnowski<\/strong><br>Professor, Francis Crick Chair, The Salk Institute for Biological Studies; Professor of Biology, Adjunct Professor of Neurosciences, Cognitive Science, and Computer Science and Engineering, University of California, San Diego<\/p>\n\n\n\n<p><strong>Paul Turner<\/strong><br>Rachel Carson Professor of Ecology and Evolutionary Biology, Yale University; Director of Center for Phage Biology and Therapy at Yale; Faculty Member, Graduate Programs in Microbiology, Yale University School of Medicine<\/p>\n\n\n\n<p><em>International<\/em><\/p>\n\n\n\n<p><strong>Paul Nurse<\/strong><br>Chief Executive Officer, The Francis Crick Institute; Chancellor, University of Bristol<\/p>\n\n\n\n<p><strong>Janet Rossant<\/strong><br>President and Scientific Director, Gairdner Foundation; Senior Scientist Emeritus, Research Institute, The Hospital for Sick Children, Toronto; University Professor Emeritus, University of Toronto<\/p>\n\n\n\n<p><strong>William James Sutherland<\/strong><br>Director of Research, Department of Zoology, The University of Cambridge<br><br><\/p>\n\n\n\n<p><strong>CLASS 3: SOCIAL SCIENCES<\/strong><\/p>\n\n\n\n<p><strong>David Card<\/strong><br>Class of 1950 Professor of Economics, Director, Center for Labor Economics, Director, Econometrics Laboratory, University of California Berkeley<\/p>\n\n\n\n<p><strong>Esther Duflo<\/strong><br>Abdul Latif Jameel Professor of Poverty Alleviation and Development Economics, Massachusetts Institute of Technology; Co-Director, Abdul Latif Jameel Poverty Action Lab Chaire, Pauvret\u00e9 et politiques, College de France<\/p>\n\n\n\n<p><strong>Sherrilyn Ifill<\/strong><br>Vernon E. Jordan, Jr. Professor of Law, Howard University School of Law<\/p>\n\n\n\n<p><strong>Hazel Rose Markus<\/strong><br>Davis-Brack Professor in the Behavioral Sciences, Department of Psychology, Stanford University, Faculty Director, Stanford SPARQ, Stanford University<\/p>\n\n\n\n<p><strong>Angela R. Riley<\/strong><br>Professor of Law and American Indian Studies, Carole Goldberg Endowed Chair of Native American Law; Special Advisor to the Chancellor on Native American and Indigenous Affairs, Director, Native Nations Law &amp; Policy Center, UCLA; Justice, Chief Justice, Supreme Court of the Citizen Potawatomi Nation; Appellate Justice, Rincon Band of Luise\u00f1o Indians Court of Appeals; Appellate Justice, Pokagon Band of Potawatomi Indians Court of Appeals; Visiting professor, Harvard Kennedy School of Government<\/p>\n\n\n\n<p><strong>Timothy David Snyder<\/strong><br>Richard C. Levin Professor of History and Public Affairs, Yale University; Permanent fellow, Institut f\u00fcr die Wissenschaften vom Menschen<\/p>\n\n\n\n<p><em>International<\/em><\/p>\n\n\n\n<p><strong>Bertrand Van Ruymbeke<\/strong><br>Full professor of American Civilization and History, Universit\u00e9 de Paris 8 (Vincennes Saint-Denis); Principal Investigator, America2026<\/p>\n\n\n\n<p><\/p>\n\n\n\n<p><strong>CLASS 4: HUMANITIES<\/strong><\/p>\n\n\n\n<p><strong>David A. Bell<\/strong><br>Director of the Shelby Cullom Davis Center for Historical Studies, Princeton University; Sidney and Ruth Lapidus Professor in the Era of North Atlantic Revolutions, Department of History, Princeton University<\/p>\n\n\n\n<p><strong>Brigitte Bedos-Rezak<\/strong><br>Professor of History, Affiliate Professor, Institute for the Study of the Ancient World, Affiliate Professor, Institute of Fine Arts, New York University<\/p>\n\n\n\n<p><strong>Paul D. Guyer<\/strong><br>Jonathan Nelson Professor of Humanities and Philosophy Emeritus, Brown University<\/p>\n\n\n\n<p><strong>Margaret Leah King<\/strong><br>Professor Emerita of History, Brooklyn College and Graduate Center, City University of New York<\/p>\n\n\n\n<p><strong>James Lowe Peacock<\/strong><br>Kenan Distinguished Professor Emeritus, University of North Carolina at Chapel Hill<\/p>\n\n\n\n<p><em>International<\/em><\/p>\n\n\n\n<p><strong>Nicholas Ernst Cronk<\/strong><br>Director, Voltaire Foundation for Enlightenment Studies, Professor of European Enlightenment Studies, Emeritus Fellow, St. Edmund Hall, University of Oxford<\/p>\n\n\n\n<p><\/p>\n\n\n\n<p><strong>CLASS 5: THE ARTS, PROFESSIONS, AND LEADERS IN PUBLIC AND PRIVATE AFFAIRS<\/strong><\/p>\n\n\n\n<p><strong>Julie A. Fairman<\/strong><br>Nightingale Professor in Nursing Emerita, University of Pennsylvania School of Nursing<\/p>\n\n\n\n<p><strong>Alan Michael Garber<\/strong><br>President, Harvard University; Mallinckrodt Professor of Health Care Policy, Harvard Medical School; Professor of Economics, Harvard Faculty of Arts &amp; Sciences; Professor of Public Policy; Harvard Kennedy School; Professor of Health Policy and Management, Harvard Chan School of Public Health<\/p>\n\n\n\n<p><strong>Edward Kane<\/strong><br>Senior Advisor and Co-Founder, HarbourVest Partners<\/p>\n\n\n\n<p><strong>William (Bill) Herbert Miller<\/strong><br>Retired Founder, Chairman, &amp; Chief Investment Officer, Miller Value Partners<\/p>\n\n\n\n<p><strong>Lance Morgan<\/strong><br>President and Chief Executive Officer, Ho-Chunk, Inc.; Founding Partner, Big Fire Law &amp; Policy Group, LLP<\/p>\n\n\n\n<p><strong>Jeffrey Rosen<\/strong><br>President, Chief Executive Officer, National Constitution Center; Professor of Law, George Washington University Law School<\/p>\n\n\n\n<p><strong>Bradford Lee Smith<\/strong><br>President, Vice Chair, Microsoft<\/p>\n\n\n\n<p><strong>Valerie Smith<\/strong><br>President, Swarthmore College<\/p>\n\n\n\n<p><em>International<\/em><\/p>\n\n\n\n<p><strong>Meitamei Olol-Dapash<\/strong><br>Founder and Executive Director, Maasai Environmental Resource Coalition (MERC); Co-Director, Maasai Community Partnership Project (MCPP)<\/p>\n\n\n\n<p><strong>Mar\u00eda Isabel Gra\u00f1\u00e9n Porr\u00faa<\/strong><br>President, Alfredo Harp Hel\u00fa Foundation; President, Civil Association Apoyo al Desarrollo de Archives y Bibliotecas de M\u00e9xico; Director, Francisco de Burga Library, UABJO<\/p>\n","protected":false},"excerpt":{"rendered":"Philadelphia\u2014The American Philosophical Society (APS), the oldest and most distinguished learned society in North America, is pleased to announce the election of 38 new Members in 2025. These new Members represent outstanding achievement in the sciences, humanities, social sciences, and&#8230;","protected":false},"author":2,"featured_media":2276,"comment_status":"open","ping_status":"open","sticky":false,"template":"","format":"standard","meta":{"_acf_changed":false,"footnotes":""},"groupes":[42],"class_list":["post-2734","post","type-post","status-publish","format-standard","has-post-thumbnail","hentry","groupes-au-dela-damerica-2026"],"acf":[],"yoast_head":"<!-- This site is optimized with the Yoast SEO plugin v24.3 - https:\/\/yoast.com\/wordpress\/plugins\/seo\/ -->\n<title>APS Elects New Members for 2025 - America 2026<\/title>\n<meta name=\"robots\" content=\"index, follow, max-snippet:-1, max-image-preview:large, max-video-preview:-1\" \/>\n<link rel=\"canonical\" href=\"https:\/\/america2026.eu\/aps-elects-new-members-for-2025\/\" \/>\n<meta property=\"og:locale\" content=\"fr_FR\" \/>\n<meta property=\"og:type\" content=\"article\" \/>\n<meta property=\"og:title\" content=\"APS Elects New Members for 2025 - America 2026\" \/>\n<meta property=\"og:description\" content=\"Philadelphia\u2014The American Philosophical Society (APS), the oldest and most distinguished learned society in North America, is pleased to announce the election of 38 new Members in 2025. These new Members represent outstanding achievement in the sciences, humanities, social sciences, and...\" \/>\n<meta property=\"og:url\" content=\"https:\/\/america2026.eu\/aps-elects-new-members-for-2025\/\" \/>\n<meta property=\"og:site_name\" content=\"America 2026\" \/>\n<meta property=\"article:published_time\" content=\"2025-05-12T06:58:51+00:00\" \/>\n<meta property=\"og:image\" content=\"https:\/\/america2026.eu\/wp-content\/uploads\/2025\/02\/APS_LogoRefresh_1300px_width_ForWeb-862x612-1.png\" \/>\n\t<meta property=\"og:image:width\" content=\"862\" \/>\n\t<meta property=\"og:image:height\" content=\"612\" \/>\n\t<meta property=\"og:image:type\" content=\"image\/png\" \/>\n<meta name=\"author\" content=\"Agn\u00e8s DELAHAYE\" \/>\n<meta name=\"twitter:label1\" content=\"\u00c9crit par\" \/>\n\t<meta name=\"twitter:data1\" content=\"Agn\u00e8s DELAHAYE\" \/>\n\t<meta name=\"twitter:label2\" content=\"Dur\u00e9e de lecture estim\u00e9e\" \/>\n\t<meta name=\"twitter:data2\" content=\"6 minutes\" \/>\n<script type=\"application\/ld+json\" class=\"yoast-schema-graph\">{\"@context\":\"https:\/\/schema.org\",\"@graph\":[{\"@type\":\"Article\",\"@id\":\"https:\/\/america2026.eu\/aps-elects-new-members-for-2025\/#article\",\"isPartOf\":{\"@id\":\"https:\/\/america2026.eu\/aps-elects-new-members-for-2025\/\"},\"author\":{\"name\":\"Agn\u00e8s DELAHAYE\",\"@id\":\"https:\/\/america2026.eu\/#\/schema\/person\/08b0307583a6353f0213d2613d9954fb\"},\"headline\":\"APS Elects New Members for 2025\",\"datePublished\":\"2025-05-12T06:58:51+00:00\",\"dateModified\":\"2025-05-12T06:58:51+00:00\",\"mainEntityOfPage\":{\"@id\":\"https:\/\/america2026.eu\/aps-elects-new-members-for-2025\/\"},\"wordCount\":1175,\"commentCount\":0,\"publisher\":{\"@id\":\"https:\/\/america2026.eu\/#organization\"},\"image\":{\"@id\":\"https:\/\/america2026.eu\/aps-elects-new-members-for-2025\/#primaryimage\"},\"thumbnailUrl\":\"https:\/\/america2026.eu\/wp-content\/uploads\/2025\/02\/APS_LogoRefresh_1300px_width_ForWeb-862x612-1.png\",\"inLanguage\":\"fr-FR\",\"potentialAction\":[{\"@type\":\"CommentAction\",\"name\":\"Comment\",\"target\":[\"https:\/\/america2026.eu\/aps-elects-new-members-for-2025\/#respond\"]}]},{\"@type\":\"WebPage\",\"@id\":\"https:\/\/america2026.eu\/aps-elects-new-members-for-2025\/\",\"url\":\"https:\/\/america2026.eu\/aps-elects-new-members-for-2025\/\",\"name\":\"APS Elects New Members for 2025 - America 2026\",\"isPartOf\":{\"@id\":\"https:\/\/america2026.eu\/#website\"},\"primaryImageOfPage\":{\"@id\":\"https:\/\/america2026.eu\/aps-elects-new-members-for-2025\/#primaryimage\"},\"image\":{\"@id\":\"https:\/\/america2026.eu\/aps-elects-new-members-for-2025\/#primaryimage\"},\"thumbnailUrl\":\"https:\/\/america2026.eu\/wp-content\/uploads\/2025\/02\/APS_LogoRefresh_1300px_width_ForWeb-862x612-1.png\",\"datePublished\":\"2025-05-12T06:58:51+00:00\",\"dateModified\":\"2025-05-12T06:58:51+00:00\",\"breadcrumb\":{\"@id\":\"https:\/\/america2026.eu\/aps-elects-new-members-for-2025\/#breadcrumb\"},\"inLanguage\":\"fr-FR\",\"potentialAction\":[{\"@type\":\"ReadAction\",\"target\":[\"https:\/\/america2026.eu\/aps-elects-new-members-for-2025\/\"]}]},{\"@type\":\"ImageObject\",\"inLanguage\":\"fr-FR\",\"@id\":\"https:\/\/america2026.eu\/aps-elects-new-members-for-2025\/#primaryimage\",\"url\":\"https:\/\/america2026.eu\/wp-content\/uploads\/2025\/02\/APS_LogoRefresh_1300px_width_ForWeb-862x612-1.png\",\"contentUrl\":\"https:\/\/america2026.eu\/wp-content\/uploads\/2025\/02\/APS_LogoRefresh_1300px_width_ForWeb-862x612-1.png\",\"width\":862,\"height\":612},{\"@type\":\"BreadcrumbList\",\"@id\":\"https:\/\/america2026.eu\/aps-elects-new-members-for-2025\/#breadcrumb\",\"itemListElement\":[{\"@type\":\"ListItem\",\"position\":1,\"name\":\"Accueil\",\"item\":\"https:\/\/america2026.eu\/fr\/\"},{\"@type\":\"ListItem\",\"position\":2,\"name\":\"APS Elects New Members for 2025\"}]},{\"@type\":\"WebSite\",\"@id\":\"https:\/\/america2026.eu\/#website\",\"url\":\"https:\/\/america2026.eu\/\",\"name\":\"America 2026\",\"description\":\"\",\"publisher\":{\"@id\":\"https:\/\/america2026.eu\/#organization\"},\"potentialAction\":[{\"@type\":\"SearchAction\",\"target\":{\"@type\":\"EntryPoint\",\"urlTemplate\":\"https:\/\/america2026.eu\/?s={search_term_string}\"},\"query-input\":{\"@type\":\"PropertyValueSpecification\",\"valueRequired\":true,\"valueName\":\"search_term_string\"}}],\"inLanguage\":\"fr-FR\"},{\"@type\":\"Organization\",\"@id\":\"https:\/\/america2026.eu\/#organization\",\"name\":\"America 2026\",\"url\":\"https:\/\/america2026.eu\/\",\"logo\":{\"@type\":\"ImageObject\",\"inLanguage\":\"fr-FR\",\"@id\":\"https:\/\/america2026.eu\/#\/schema\/logo\/image\/\",\"url\":\"https:\/\/america2026.eu\/wp-content\/uploads\/2024\/10\/Untitled-3.png\",\"contentUrl\":\"https:\/\/america2026.eu\/wp-content\/uploads\/2024\/10\/Untitled-3.png\",\"width\":6579,\"height\":1454,\"caption\":\"America 2026\"},\"image\":{\"@id\":\"https:\/\/america2026.eu\/#\/schema\/logo\/image\/\"}},{\"@type\":\"Person\",\"@id\":\"https:\/\/america2026.eu\/#\/schema\/person\/08b0307583a6353f0213d2613d9954fb\",\"name\":\"Agn\u00e8s DELAHAYE\",\"image\":{\"@type\":\"ImageObject\",\"inLanguage\":\"fr-FR\",\"@id\":\"https:\/\/america2026.eu\/#\/schema\/person\/image\/\",\"url\":\"https:\/\/secure.gravatar.com\/avatar\/85cf3b0fd579da5be8ad50af6d0108ff90e2b73c4f0f8d797c38669db16bd77d?s=96&d=mm&r=g\",\"contentUrl\":\"https:\/\/secure.gravatar.com\/avatar\/85cf3b0fd579da5be8ad50af6d0108ff90e2b73c4f0f8d797c38669db16bd77d?s=96&d=mm&r=g\",\"caption\":\"Agn\u00e8s DELAHAYE\"}}]}<\/script>\n<!-- \/ Yoast SEO plugin. -->","yoast_head_json":{"title":"APS Elects New Members for 2025 - America 2026","robots":{"index":"index","follow":"follow","max-snippet":"max-snippet:-1","max-image-preview":"max-image-preview:large","max-video-preview":"max-video-preview:-1"},"canonical":"https:\/\/america2026.eu\/aps-elects-new-members-for-2025\/","og_locale":"fr_FR","og_type":"article","og_title":"APS Elects New Members for 2025 - America 2026","og_description":"Philadelphia\u2014The American Philosophical Society (APS), the oldest and most distinguished learned society in North America, is pleased to announce the election of 38 new Members in 2025. These new Members represent outstanding achievement in the sciences, humanities, social sciences, and...","og_url":"https:\/\/america2026.eu\/aps-elects-new-members-for-2025\/","og_site_name":"America 2026","article_published_time":"2025-05-12T06:58:51+00:00","og_image":[{"width":862,"height":612,"url":"https:\/\/america2026.eu\/wp-content\/uploads\/2025\/02\/APS_LogoRefresh_1300px_width_ForWeb-862x612-1.png","type":"image\/png"}],"author":"Agn\u00e8s DELAHAYE","twitter_misc":{"\u00c9crit par":"Agn\u00e8s DELAHAYE","Dur\u00e9e de lecture estim\u00e9e":"6 minutes"},"schema":{"@context":"https:\/\/schema.org","@graph":[{"@type":"Article","@id":"https:\/\/america2026.eu\/aps-elects-new-members-for-2025\/#article","isPartOf":{"@id":"https:\/\/america2026.eu\/aps-elects-new-members-for-2025\/"},"author":{"name":"Agn\u00e8s DELAHAYE","@id":"https:\/\/america2026.eu\/#\/schema\/person\/08b0307583a6353f0213d2613d9954fb"},"headline":"APS Elects New Members for 2025","datePublished":"2025-05-12T06:58:51+00:00","dateModified":"2025-05-12T06:58:51+00:00","mainEntityOfPage":{"@id":"https:\/\/america2026.eu\/aps-elects-new-members-for-2025\/"},"wordCount":1175,"commentCount":0,"publisher":{"@id":"https:\/\/america2026.eu\/#organization"},"image":{"@id":"https:\/\/america2026.eu\/aps-elects-new-members-for-2025\/#primaryimage"},"thumbnailUrl":"https:\/\/america2026.eu\/wp-content\/uploads\/2025\/02\/APS_LogoRefresh_1300px_width_ForWeb-862x612-1.png","inLanguage":"fr-FR","potentialAction":[{"@type":"CommentAction","name":"Comment","target":["https:\/\/america2026.eu\/aps-elects-new-members-for-2025\/#respond"]}]},{"@type":"WebPage","@id":"https:\/\/america2026.eu\/aps-elects-new-members-for-2025\/","url":"https:\/\/america2026.eu\/aps-elects-new-members-for-2025\/","name":"APS Elects New Members for 2025 - America 2026","isPartOf":{"@id":"https:\/\/america2026.eu\/#website"},"primaryImageOfPage":{"@id":"https:\/\/america2026.eu\/aps-elects-new-members-for-2025\/#primaryimage"},"image":{"@id":"https:\/\/america2026.eu\/aps-elects-new-members-for-2025\/#primaryimage"},"thumbnailUrl":"https:\/\/america2026.eu\/wp-content\/uploads\/2025\/02\/APS_LogoRefresh_1300px_width_ForWeb-862x612-1.png","datePublished":"2025-05-12T06:58:51+00:00","dateModified":"2025-05-12T06:58:51+00:00","breadcrumb":{"@id":"https:\/\/america2026.eu\/aps-elects-new-members-for-2025\/#breadcrumb"},"inLanguage":"fr-FR","potentialAction":[{"@type":"ReadAction","target":["https:\/\/america2026.eu\/aps-elects-new-members-for-2025\/"]}]},{"@type":"ImageObject","inLanguage":"fr-FR","@id":"https:\/\/america2026.eu\/aps-elects-new-members-for-2025\/#primaryimage","url":"https:\/\/america2026.eu\/wp-content\/uploads\/2025\/02\/APS_LogoRefresh_1300px_width_ForWeb-862x612-1.png","contentUrl":"https:\/\/america2026.eu\/wp-content\/uploads\/2025\/02\/APS_LogoRefresh_1300px_width_ForWeb-862x612-1.png","width":862,"height":612},{"@type":"BreadcrumbList","@id":"https:\/\/america2026.eu\/aps-elects-new-members-for-2025\/#breadcrumb","itemListElement":[{"@type":"ListItem","position":1,"name":"Accueil","item":"https:\/\/america2026.eu\/fr\/"},{"@type":"ListItem","position":2,"name":"APS Elects New Members for 2025"}]},{"@type":"WebSite","@id":"https:\/\/america2026.eu\/#website","url":"https:\/\/america2026.eu\/","name":"America 2026","description":"","publisher":{"@id":"https:\/\/america2026.eu\/#organization"},"potentialAction":[{"@type":"SearchAction","target":{"@type":"EntryPoint","urlTemplate":"https:\/\/america2026.eu\/?s={search_term_string}"},"query-input":{"@type":"PropertyValueSpecification","valueRequired":true,"valueName":"search_term_string"}}],"inLanguage":"fr-FR"},{"@type":"Organization","@id":"https:\/\/america2026.eu\/#organization","name":"America 2026","url":"https:\/\/america2026.eu\/","logo":{"@type":"ImageObject","inLanguage":"fr-FR","@id":"https:\/\/america2026.eu\/#\/schema\/logo\/image\/","url":"https:\/\/america2026.eu\/wp-content\/uploads\/2024\/10\/Untitled-3.png","contentUrl":"https:\/\/america2026.eu\/wp-content\/uploads\/2024\/10\/Untitled-3.png","width":6579,"height":1454,"caption":"America 2026"},"image":{"@id":"https:\/\/america2026.eu\/#\/schema\/logo\/image\/"}},{"@type":"Person","@id":"https:\/\/america2026.eu\/#\/schema\/person\/08b0307583a6353f0213d2613d9954fb","name":"Agn\u00e8s DELAHAYE","image":{"@type":"ImageObject","inLanguage":"fr-FR","@id":"https:\/\/america2026.eu\/#\/schema\/person\/image\/","url":"https:\/\/secure.gravatar.com\/avatar\/85cf3b0fd579da5be8ad50af6d0108ff90e2b73c4f0f8d797c38669db16bd77d?s=96&d=mm&r=g","contentUrl":"https:\/\/secure.gravatar.com\/avatar\/85cf3b0fd579da5be8ad50af6d0108ff90e2b73c4f0f8d797c38669db16bd77d?s=96&d=mm&r=g","caption":"Agn\u00e8s DELAHAYE"}}]}},"_links":{"self":[{"href":"https:\/\/america2026.eu\/fr\/wp-json\/wp\/v2\/posts\/2734","targetHints":{"allow":["GET"]}}],"collection":[{"href":"https:\/\/america2026.eu\/fr\/wp-json\/wp\/v2\/posts"}],"about":[{"href":"https:\/\/america2026.eu\/fr\/wp-json\/wp\/v2\/types\/post"}],"author":[{"embeddable":true,"href":"https:\/\/america2026.eu\/fr\/wp-json\/wp\/v2\/users\/2"}],"replies":[{"embeddable":true,"href":"https:\/\/america2026.eu\/fr\/wp-json\/wp\/v2\/comments?post=2734"}],"version-history":[{"count":0,"href":"https:\/\/america2026.eu\/fr\/wp-json\/wp\/v2\/posts\/2734\/revisions"}],"wp:featuredmedia":[{"embeddable":true,"href":"https:\/\/america2026.eu\/fr\/wp-json\/wp\/v2\/media\/2276"}],"wp:attachment":[{"href":"https:\/\/america2026.eu\/fr\/wp-json\/wp\/v2\/media?parent=2734"}],"wp:term":[{"taxonomy":"groupes","embeddable":true,"href":"https:\/\/america2026.eu\/fr\/wp-json\/wp\/v2\/groupes?post=2734"}],"curies":[{"name":"wp","href":"https:\/\/api.w.org\/{rel}","templated":true}]}}