{"id":2733,"date":"2025-05-09T17:18:40","date_gmt":"2025-05-09T17:18:40","guid":{"rendered":"https:\/\/america2026.eu\/les-loyalistes-noirs-et-la-guerre-dindependance-des-etats-unis\/"},"modified":"2025-05-09T17:18:40","modified_gmt":"2025-05-09T17:18:40","slug":"les-loyalistes-noirs-et-la-guerre-dindependance-des-etats-unis","status":"publish","type":"post","link":"https:\/\/america2026.eu\/fr\/les-loyalistes-noirs-et-la-guerre-dindependance-des-etats-unis\/","title":{"rendered":"LES LOYALISTES NOIRS ET LA GUERRE D&rsquo;IND\u00c9PENDANCE DES \u00c9TATS-UNIS"},"content":{"rendered":"\n<p>\u00c9tude compar\u00e9e d&rsquo;une communaut\u00e9 r\u00e9fugi\u00e9e au Canada (1775-1815). Avec une pr\u00e9face de Bertrand Van Ruymbeke.<\/p>\n\n\n\n<p>\u00c0 la fin de la guerre d\u2019Ind\u00e9pendance am\u00e9ricaine en 1783, quelque 60 000 Loyalistes fid\u00e8les \u00e0 la couronne britannique fuient les \u00c9tats-Unis. Environ 12 % d\u2019entre eux sont des hommes et des femmes de couleur, n\u00e9s libres, affranchis, anciens engag\u00e9s ou des esclaves fugitifs qui ont obtenu leur libert\u00e9 par les Britanniques et la promesse de terres au Canada. Cette th\u00e8se porte sur leur participation \u00e0 la guerre, sur le r\u00f4le qu\u2019ils ont jou\u00e9 au service du gouvernement britannique et sur les conditions de leur \u00e9vacuation du territoire \u00e9tats-unien. Plus de la moiti\u00e9 des Loyalistes, dont environ 3 500 Loyalistes noirs, se r\u00e9fugient dans les trois Provinces Maritimes du Canada, compos\u00e9es aujourd\u2019hui de la Nouvelle-\u00c9cosse, du Nouveau-Brunswick et de l\u2019\u00cele-du-Prince-\u00c9douard. Les r\u00e9fugi\u00e9s noirs ont constitu\u00e9 la premi\u00e8re vague migratoire cons\u00e9quente de Noirs libres en Am\u00e9rique du Nord britannique, qui a \u00e9volu\u00e9 en une nouvelle soci\u00e9t\u00e9 multi-ethnique et multi-culturelle. Ce mouvement diasporique, \u00e0 l\u2019\u00e2ge des r\u00e9volutions noires dans l\u2019espace atlantique, s\u2019est traduit par la suite en une marginalisation d\u2019ordre social et politique au Canada.<\/p>\n\n\n\n<p><em>Docteure en \u00e9tudes nord-am\u00e9ricaines et membre associ\u00e9e de l\u2019\u00e9quipe de recherche TransCrit, Seynabou Thiam-Pereira a publi\u00e9 plusieurs articles et recensions d\u2019ouvrages sur les Noirs am\u00e9ricains au XVIII<sup>e<\/sup>&nbsp;si\u00e8cle et sur l\u2019histoire atlantique. Elle a enseign\u00e9 l\u2019anglais, la civilisation britannique et la civilisation am\u00e9ricaine, en tant que vacataire, \u00e0 l\u2019universit\u00e9s Paris 8 Vincennes \u2013 Saint-Denis et \u00e0 Paris Sorbonne.<\/em><\/p>\n","protected":false},"excerpt":{"rendered":"\u00c9tude compar\u00e9e d&rsquo;une communaut\u00e9 r\u00e9fugi\u00e9e au Canada (1775-1815). Avec une pr\u00e9face de Bertrand Van Ruymbeke.","protected":false},"author":2,"featured_media":2702,"comment_status":"open","ping_status":"open","sticky":false,"template":"","format":"standard","meta":{"_acf_changed":false,"footnotes":""},"groupes":[42],"class_list":["post-2733","post","type-post","status-publish","format-standard","has-post-thumbnail","hentry","groupes-au-dela-damerica-2026"],"acf":[],"yoast_head":"<!-- This site is optimized with the Yoast SEO plugin v24.3 - https:\/\/yoast.com\/wordpress\/plugins\/seo\/ -->\n<title>LES LOYALISTES NOIRS ET LA GUERRE D&#039;IND\u00c9PENDANCE DES \u00c9TATS-UNIS - America 2026<\/title>\n<meta name=\"robots\" content=\"index, follow, max-snippet:-1, max-image-preview:large, max-video-preview:-1\" \/>\n<link rel=\"canonical\" href=\"https:\/\/america2026.eu\/les-loyalistes-noirs-et-la-guerre-dindependance-des-etats-unis\/\" \/>\n<meta property=\"og:locale\" content=\"fr_FR\" \/>\n<meta property=\"og:type\" content=\"article\" \/>\n<meta property=\"og:title\" content=\"LES LOYALISTES NOIRS ET LA GUERRE D&#039;IND\u00c9PENDANCE DES \u00c9TATS-UNIS - America 2026\" \/>\n<meta property=\"og:description\" content=\"\u00c9tude compar\u00e9e d&#039;une communaut\u00e9 r\u00e9fugi\u00e9e au Canada (1775-1815). Avec une pr\u00e9face de Bertrand Van Ruymbeke.\" \/>\n<meta property=\"og:url\" content=\"https:\/\/america2026.eu\/les-loyalistes-noirs-et-la-guerre-dindependance-des-etats-unis\/\" \/>\n<meta property=\"og:site_name\" content=\"America 2026\" \/>\n<meta property=\"article:published_time\" content=\"2025-05-09T17:18:40+00:00\" \/>\n<meta property=\"og:image\" content=\"https:\/\/america2026.eu\/wp-content\/uploads\/2025\/05\/book-08536325-1.jpg\" \/>\n\t<meta property=\"og:image:width\" content=\"458\" \/>\n\t<meta property=\"og:image:height\" content=\"676\" \/>\n\t<meta property=\"og:image:type\" content=\"image\/jpeg\" \/>\n<meta name=\"author\" content=\"Agn\u00e8s DELAHAYE\" \/>\n<meta name=\"twitter:label1\" content=\"\u00c9crit par\" \/>\n\t<meta name=\"twitter:data1\" content=\"Agn\u00e8s DELAHAYE\" \/>\n\t<meta name=\"twitter:label2\" content=\"Dur\u00e9e de lecture estim\u00e9e\" \/>\n\t<meta name=\"twitter:data2\" content=\"2 minutes\" \/>\n<script type=\"application\/ld+json\" class=\"yoast-schema-graph\">{\"@context\":\"https:\/\/schema.org\",\"@graph\":[{\"@type\":\"Article\",\"@id\":\"https:\/\/america2026.eu\/les-loyalistes-noirs-et-la-guerre-dindependance-des-etats-unis\/#article\",\"isPartOf\":{\"@id\":\"https:\/\/america2026.eu\/les-loyalistes-noirs-et-la-guerre-dindependance-des-etats-unis\/\"},\"author\":{\"name\":\"Agn\u00e8s DELAHAYE\",\"@id\":\"https:\/\/america2026.eu\/#\/schema\/person\/08b0307583a6353f0213d2613d9954fb\"},\"headline\":\"LES LOYALISTES NOIRS ET LA GUERRE D&rsquo;IND\u00c9PENDANCE DES \u00c9TATS-UNIS\",\"datePublished\":\"2025-05-09T17:18:40+00:00\",\"dateModified\":\"2025-05-09T17:18:40+00:00\",\"mainEntityOfPage\":{\"@id\":\"https:\/\/america2026.eu\/les-loyalistes-noirs-et-la-guerre-dindependance-des-etats-unis\/\"},\"wordCount\":286,\"commentCount\":0,\"publisher\":{\"@id\":\"https:\/\/america2026.eu\/#organization\"},\"image\":{\"@id\":\"https:\/\/america2026.eu\/les-loyalistes-noirs-et-la-guerre-dindependance-des-etats-unis\/#primaryimage\"},\"thumbnailUrl\":\"https:\/\/america2026.eu\/wp-content\/uploads\/2025\/05\/book-08536325-1.jpg\",\"inLanguage\":\"fr-FR\",\"potentialAction\":[{\"@type\":\"CommentAction\",\"name\":\"Comment\",\"target\":[\"https:\/\/america2026.eu\/les-loyalistes-noirs-et-la-guerre-dindependance-des-etats-unis\/#respond\"]}]},{\"@type\":\"WebPage\",\"@id\":\"https:\/\/america2026.eu\/les-loyalistes-noirs-et-la-guerre-dindependance-des-etats-unis\/\",\"url\":\"https:\/\/america2026.eu\/les-loyalistes-noirs-et-la-guerre-dindependance-des-etats-unis\/\",\"name\":\"LES LOYALISTES NOIRS ET LA GUERRE D'IND\u00c9PENDANCE DES \u00c9TATS-UNIS - America 2026\",\"isPartOf\":{\"@id\":\"https:\/\/america2026.eu\/#website\"},\"primaryImageOfPage\":{\"@id\":\"https:\/\/america2026.eu\/les-loyalistes-noirs-et-la-guerre-dindependance-des-etats-unis\/#primaryimage\"},\"image\":{\"@id\":\"https:\/\/america2026.eu\/les-loyalistes-noirs-et-la-guerre-dindependance-des-etats-unis\/#primaryimage\"},\"thumbnailUrl\":\"https:\/\/america2026.eu\/wp-content\/uploads\/2025\/05\/book-08536325-1.jpg\",\"datePublished\":\"2025-05-09T17:18:40+00:00\",\"dateModified\":\"2025-05-09T17:18:40+00:00\",\"breadcrumb\":{\"@id\":\"https:\/\/america2026.eu\/les-loyalistes-noirs-et-la-guerre-dindependance-des-etats-unis\/#breadcrumb\"},\"inLanguage\":\"fr-FR\",\"potentialAction\":[{\"@type\":\"ReadAction\",\"target\":[\"https:\/\/america2026.eu\/les-loyalistes-noirs-et-la-guerre-dindependance-des-etats-unis\/\"]}]},{\"@type\":\"ImageObject\",\"inLanguage\":\"fr-FR\",\"@id\":\"https:\/\/america2026.eu\/les-loyalistes-noirs-et-la-guerre-dindependance-des-etats-unis\/#primaryimage\",\"url\":\"https:\/\/america2026.eu\/wp-content\/uploads\/2025\/05\/book-08536325-1.jpg\",\"contentUrl\":\"https:\/\/america2026.eu\/wp-content\/uploads\/2025\/05\/book-08536325-1.jpg\",\"width\":458,\"height\":676},{\"@type\":\"BreadcrumbList\",\"@id\":\"https:\/\/america2026.eu\/les-loyalistes-noirs-et-la-guerre-dindependance-des-etats-unis\/#breadcrumb\",\"itemListElement\":[{\"@type\":\"ListItem\",\"position\":1,\"name\":\"Accueil\",\"item\":\"https:\/\/america2026.eu\/fr\/\"},{\"@type\":\"ListItem\",\"position\":2,\"name\":\"LES LOYALISTES NOIRS ET LA GUERRE D&#8217;IND\u00c9PENDANCE DES \u00c9TATS-UNIS\"}]},{\"@type\":\"WebSite\",\"@id\":\"https:\/\/america2026.eu\/#website\",\"url\":\"https:\/\/america2026.eu\/\",\"name\":\"America 2026\",\"description\":\"\",\"publisher\":{\"@id\":\"https:\/\/america2026.eu\/#organization\"},\"potentialAction\":[{\"@type\":\"SearchAction\",\"target\":{\"@type\":\"EntryPoint\",\"urlTemplate\":\"https:\/\/america2026.eu\/?s={search_term_string}\"},\"query-input\":{\"@type\":\"PropertyValueSpecification\",\"valueRequired\":true,\"valueName\":\"search_term_string\"}}],\"inLanguage\":\"fr-FR\"},{\"@type\":\"Organization\",\"@id\":\"https:\/\/america2026.eu\/#organization\",\"name\":\"America 2026\",\"url\":\"https:\/\/america2026.eu\/\",\"logo\":{\"@type\":\"ImageObject\",\"inLanguage\":\"fr-FR\",\"@id\":\"https:\/\/america2026.eu\/#\/schema\/logo\/image\/\",\"url\":\"https:\/\/america2026.eu\/wp-content\/uploads\/2024\/10\/Untitled-3.png\",\"contentUrl\":\"https:\/\/america2026.eu\/wp-content\/uploads\/2024\/10\/Untitled-3.png\",\"width\":6579,\"height\":1454,\"caption\":\"America 2026\"},\"image\":{\"@id\":\"https:\/\/america2026.eu\/#\/schema\/logo\/image\/\"}},{\"@type\":\"Person\",\"@id\":\"https:\/\/america2026.eu\/#\/schema\/person\/08b0307583a6353f0213d2613d9954fb\",\"name\":\"Agn\u00e8s DELAHAYE\",\"image\":{\"@type\":\"ImageObject\",\"inLanguage\":\"fr-FR\",\"@id\":\"https:\/\/america2026.eu\/#\/schema\/person\/image\/\",\"url\":\"https:\/\/secure.gravatar.com\/avatar\/85cf3b0fd579da5be8ad50af6d0108ff90e2b73c4f0f8d797c38669db16bd77d?s=96&d=mm&r=g\",\"contentUrl\":\"https:\/\/secure.gravatar.com\/avatar\/85cf3b0fd579da5be8ad50af6d0108ff90e2b73c4f0f8d797c38669db16bd77d?s=96&d=mm&r=g\",\"caption\":\"Agn\u00e8s DELAHAYE\"}}]}<\/script>\n<!-- \/ Yoast SEO plugin. -->","yoast_head_json":{"title":"LES LOYALISTES NOIRS ET LA GUERRE D'IND\u00c9PENDANCE DES \u00c9TATS-UNIS - America 2026","robots":{"index":"index","follow":"follow","max-snippet":"max-snippet:-1","max-image-preview":"max-image-preview:large","max-video-preview":"max-video-preview:-1"},"canonical":"https:\/\/america2026.eu\/les-loyalistes-noirs-et-la-guerre-dindependance-des-etats-unis\/","og_locale":"fr_FR","og_type":"article","og_title":"LES LOYALISTES NOIRS ET LA GUERRE D'IND\u00c9PENDANCE DES \u00c9TATS-UNIS - America 2026","og_description":"\u00c9tude compar\u00e9e d'une communaut\u00e9 r\u00e9fugi\u00e9e au Canada (1775-1815). Avec une pr\u00e9face de Bertrand Van Ruymbeke.","og_url":"https:\/\/america2026.eu\/les-loyalistes-noirs-et-la-guerre-dindependance-des-etats-unis\/","og_site_name":"America 2026","article_published_time":"2025-05-09T17:18:40+00:00","og_image":[{"width":458,"height":676,"url":"https:\/\/america2026.eu\/wp-content\/uploads\/2025\/05\/book-08536325-1.jpg","type":"image\/jpeg"}],"author":"Agn\u00e8s DELAHAYE","twitter_misc":{"\u00c9crit par":"Agn\u00e8s DELAHAYE","Dur\u00e9e de lecture estim\u00e9e":"2 minutes"},"schema":{"@context":"https:\/\/schema.org","@graph":[{"@type":"Article","@id":"https:\/\/america2026.eu\/les-loyalistes-noirs-et-la-guerre-dindependance-des-etats-unis\/#article","isPartOf":{"@id":"https:\/\/america2026.eu\/les-loyalistes-noirs-et-la-guerre-dindependance-des-etats-unis\/"},"author":{"name":"Agn\u00e8s DELAHAYE","@id":"https:\/\/america2026.eu\/#\/schema\/person\/08b0307583a6353f0213d2613d9954fb"},"headline":"LES LOYALISTES NOIRS ET LA GUERRE D&rsquo;IND\u00c9PENDANCE DES \u00c9TATS-UNIS","datePublished":"2025-05-09T17:18:40+00:00","dateModified":"2025-05-09T17:18:40+00:00","mainEntityOfPage":{"@id":"https:\/\/america2026.eu\/les-loyalistes-noirs-et-la-guerre-dindependance-des-etats-unis\/"},"wordCount":286,"commentCount":0,"publisher":{"@id":"https:\/\/america2026.eu\/#organization"},"image":{"@id":"https:\/\/america2026.eu\/les-loyalistes-noirs-et-la-guerre-dindependance-des-etats-unis\/#primaryimage"},"thumbnailUrl":"https:\/\/america2026.eu\/wp-content\/uploads\/2025\/05\/book-08536325-1.jpg","inLanguage":"fr-FR","potentialAction":[{"@type":"CommentAction","name":"Comment","target":["https:\/\/america2026.eu\/les-loyalistes-noirs-et-la-guerre-dindependance-des-etats-unis\/#respond"]}]},{"@type":"WebPage","@id":"https:\/\/america2026.eu\/les-loyalistes-noirs-et-la-guerre-dindependance-des-etats-unis\/","url":"https:\/\/america2026.eu\/les-loyalistes-noirs-et-la-guerre-dindependance-des-etats-unis\/","name":"LES LOYALISTES NOIRS ET LA GUERRE D'IND\u00c9PENDANCE DES \u00c9TATS-UNIS - America 2026","isPartOf":{"@id":"https:\/\/america2026.eu\/#website"},"primaryImageOfPage":{"@id":"https:\/\/america2026.eu\/les-loyalistes-noirs-et-la-guerre-dindependance-des-etats-unis\/#primaryimage"},"image":{"@id":"https:\/\/america2026.eu\/les-loyalistes-noirs-et-la-guerre-dindependance-des-etats-unis\/#primaryimage"},"thumbnailUrl":"https:\/\/america2026.eu\/wp-content\/uploads\/2025\/05\/book-08536325-1.jpg","datePublished":"2025-05-09T17:18:40+00:00","dateModified":"2025-05-09T17:18:40+00:00","breadcrumb":{"@id":"https:\/\/america2026.eu\/les-loyalistes-noirs-et-la-guerre-dindependance-des-etats-unis\/#breadcrumb"},"inLanguage":"fr-FR","potentialAction":[{"@type":"ReadAction","target":["https:\/\/america2026.eu\/les-loyalistes-noirs-et-la-guerre-dindependance-des-etats-unis\/"]}]},{"@type":"ImageObject","inLanguage":"fr-FR","@id":"https:\/\/america2026.eu\/les-loyalistes-noirs-et-la-guerre-dindependance-des-etats-unis\/#primaryimage","url":"https:\/\/america2026.eu\/wp-content\/uploads\/2025\/05\/book-08536325-1.jpg","contentUrl":"https:\/\/america2026.eu\/wp-content\/uploads\/2025\/05\/book-08536325-1.jpg","width":458,"height":676},{"@type":"BreadcrumbList","@id":"https:\/\/america2026.eu\/les-loyalistes-noirs-et-la-guerre-dindependance-des-etats-unis\/#breadcrumb","itemListElement":[{"@type":"ListItem","position":1,"name":"Accueil","item":"https:\/\/america2026.eu\/fr\/"},{"@type":"ListItem","position":2,"name":"LES LOYALISTES NOIRS ET LA GUERRE D&#8217;IND\u00c9PENDANCE DES \u00c9TATS-UNIS"}]},{"@type":"WebSite","@id":"https:\/\/america2026.eu\/#website","url":"https:\/\/america2026.eu\/","name":"America 2026","description":"","publisher":{"@id":"https:\/\/america2026.eu\/#organization"},"potentialAction":[{"@type":"SearchAction","target":{"@type":"EntryPoint","urlTemplate":"https:\/\/america2026.eu\/?s={search_term_string}"},"query-input":{"@type":"PropertyValueSpecification","valueRequired":true,"valueName":"search_term_string"}}],"inLanguage":"fr-FR"},{"@type":"Organization","@id":"https:\/\/america2026.eu\/#organization","name":"America 2026","url":"https:\/\/america2026.eu\/","logo":{"@type":"ImageObject","inLanguage":"fr-FR","@id":"https:\/\/america2026.eu\/#\/schema\/logo\/image\/","url":"https:\/\/america2026.eu\/wp-content\/uploads\/2024\/10\/Untitled-3.png","contentUrl":"https:\/\/america2026.eu\/wp-content\/uploads\/2024\/10\/Untitled-3.png","width":6579,"height":1454,"caption":"America 2026"},"image":{"@id":"https:\/\/america2026.eu\/#\/schema\/logo\/image\/"}},{"@type":"Person","@id":"https:\/\/america2026.eu\/#\/schema\/person\/08b0307583a6353f0213d2613d9954fb","name":"Agn\u00e8s DELAHAYE","image":{"@type":"ImageObject","inLanguage":"fr-FR","@id":"https:\/\/america2026.eu\/#\/schema\/person\/image\/","url":"https:\/\/secure.gravatar.com\/avatar\/85cf3b0fd579da5be8ad50af6d0108ff90e2b73c4f0f8d797c38669db16bd77d?s=96&d=mm&r=g","contentUrl":"https:\/\/secure.gravatar.com\/avatar\/85cf3b0fd579da5be8ad50af6d0108ff90e2b73c4f0f8d797c38669db16bd77d?s=96&d=mm&r=g","caption":"Agn\u00e8s DELAHAYE"}}]}},"_links":{"self":[{"href":"https:\/\/america2026.eu\/fr\/wp-json\/wp\/v2\/posts\/2733","targetHints":{"allow":["GET"]}}],"collection":[{"href":"https:\/\/america2026.eu\/fr\/wp-json\/wp\/v2\/posts"}],"about":[{"href":"https:\/\/america2026.eu\/fr\/wp-json\/wp\/v2\/types\/post"}],"author":[{"embeddable":true,"href":"https:\/\/america2026.eu\/fr\/wp-json\/wp\/v2\/users\/2"}],"replies":[{"embeddable":true,"href":"https:\/\/america2026.eu\/fr\/wp-json\/wp\/v2\/comments?post=2733"}],"version-history":[{"count":0,"href":"https:\/\/america2026.eu\/fr\/wp-json\/wp\/v2\/posts\/2733\/revisions"}],"wp:featuredmedia":[{"embeddable":true,"href":"https:\/\/america2026.eu\/fr\/wp-json\/wp\/v2\/media\/2702"}],"wp:attachment":[{"href":"https:\/\/america2026.eu\/fr\/wp-json\/wp\/v2\/media?parent=2733"}],"wp:term":[{"taxonomy":"groupes","embeddable":true,"href":"https:\/\/america2026.eu\/fr\/wp-json\/wp\/v2\/groupes?post=2733"}],"curies":[{"name":"wp","href":"https:\/\/api.w.org\/{rel}","templated":true}]}}