{"id":2727,"date":"2025-05-04T22:07:57","date_gmt":"2025-05-04T22:07:57","guid":{"rendered":"https:\/\/america2026.eu\/newsletter-27\/"},"modified":"2025-05-14T13:26:44","modified_gmt":"2025-05-14T13:26:44","slug":"newsletter-27","status":"publish","type":"post","link":"https:\/\/america2026.eu\/fr\/newsletter-27\/","title":{"rendered":"Newsletter #27"},"content":{"rendered":"\n<p>Ch\u00e8res abonn\u00e9es, chers abonn\u00e9s,<\/p>\n\n\n\n<p>Bienvenue dans notre newsletter d\u2019avril 2025. Si notre \u00e9cole d\u2019\u00e9t\u00e9 a d\u00fb \u00eatre report\u00e9e \u00e0 l\u2019an prochain, nous sommes heureux\u00b7ses de partager avec vous les annonces et rappels suivants :&nbsp;<\/p>\n\n\n\n<p><strong>\u00c0 la une de notre communaut\u00e9<\/strong><\/p>\n\n\n\n<p><strong>Un honneur remarquable<\/strong><strong><br><\/strong>Nous sommes ravis d\u2019annoncer que <strong>Bertrand Van Ruymbeke<\/strong> a \u00e9t\u00e9 \u00e9lu membre de l\u2019American Philosophical Society. Il s\u2019agit d\u2019une reconnaissance exceptionnelle, l\u2019APS n\u2019\u00e9lisant que quelques nouveaux membres chaque ann\u00e9e, principalement des scientifiques am\u00e9ricains. Les \u00e9lections dans le domaine de l\u2019histoire sont particuli\u00e8rement rares. F\u00e9licitations pour cette distinction exceptionnelle.<\/p>\n\n\n\n<p><\/p>\n\n\n\n<p><strong>\u00c9v\u00e9nements du mois<\/strong>                                                                                                                                     <strong>British Security and American Sovereignty in Revolutionary Border-sea Spaces, 1783-1815<\/strong>\u00a0        David Center for the American Revolution Seminar avec Ross Nedervelt                                                        Date: May 7, 2025; 15h00 &#8211; 16h30 ET                                                                                                                                                                                                                              Location: via Zoom                                                                                                                                                                      Plus d\u2019informations\u00a0<a href=\"https:\/\/www.amphilsoc.org\/events\/british-security-and-american-sovereignty-revolutionary-border-sea-spaces-1783-1815-ross\">ici<\/a>.\u00a0<\/p>\n\n\n\n<p><strong>Death By Numbers<\/strong>\u00a0EN LIGNE Projects Coffeehouse avec Jessica Otis                                                                                                                Date: May 13, 2025, 12h00 &#8211; 13h00 EDT                                                                                                                Location: via Zoom                                                                                                                                                                                                                                                                                               Plus d\u2019informations\u00a0<a href=\"https:\/\/oieahc.wm.edu\/events-overview\/events\/dh-projects-coffeehouse-jessica-otis\/\">ici<\/a>.<\/p>\n\n\n\n<p><strong>From Lost Colony to Lost Cause: American Beginnings Revisited<\/strong>\u00a0avec Heike Paul Research Colloquium Literature\/Culture, JFK Institute at FU Berlin\u00a0                                                                                                                                                Date: May 14, 2025, 18h15 &#8211; 19h45                                                                                                                                              Location: John F. Kennedy Institute for North American Studies, Lansstr. 7-9, 14195 Berlin, Room 201                                                                                                                                                Plus d\u2019informations\u00a0<a href=\"https:\/\/www.jfki.fu-berlin.de\/faculty\/literature\/dates\/Forschungskolloquium-Literatur-Kultur-2025\/S04-Paul.html\">ici<\/a>.<\/p>\n\n\n\n<p><strong>Patriots of Color Archive<\/strong>\u00a0EN LIGNE Projects Coffeehouse avec Adrienne Whaley                                                                                                                                                Date: May 27, 2025, 12h00  &#8211; 13h00 EDT                                                                                                                                                Location: via Zoom                                                                                                                                                                                                                                                                                               Plus d\u2019informations\u00a0<a href=\"https:\/\/oieahc.wm.edu\/events-overview\/events\/dh-projects-coffeehouse-adrienne-whaley\/\">ici<\/a><strong>.<\/strong><\/p>\n\n\n\n<p><strong>The Disaffected in The Revolutionary City, A Conversation<\/strong>\u00a0Lunch at the Library with Aaron Sullivan and Caroline O\u2019Connell                                                                                                                                                                                                                                                                           Date: May 29, 2025; 12h00 &#8211; 13h00 ET                                                                                                                                                                                                                                                                           Location: Benjamin Franklin Hall, 427 Chestnut St., Philadelphia, PA 19106 or via ZOOM                                                                                                                                      Plus d\u2019informations\u00a0<a href=\"https:\/\/www.amphilsoc.org\/events\/disaffected-revolutionary-city-conversation\">ici<\/a>.<\/p>\n\n\n\n<p><\/p>\n\n\n\n<p><strong>Annonces de postes et de bourses de recherche&nbsp;<\/strong><\/p>\n\n\n\n<p><strong>Bourse doctorale : Doctoral Scholarship for International Doctoral Students in North American History, History of the Americas, or Transatlantic History (jusqu\u2019\u00e0 4 ans)<\/strong>                                                                                                                                  Financement par le DAAD Graduate School Scholarship Program (GSSP)                                                                                                                                  Graduate School Language &amp; Literature Munich, University of Munich (LMU), Allemagne\u00a0                                                                                                                                  Plus d\u2019informations <a href=\"https:\/\/dgfa.de\/fellowships-scholarship-for-international-doctoral-students-in-north-american-history-history-of-the-americas-or-transatlantic-history-at-lmu-munich\/\">ici<\/a>.                                                                                                                                                                                                                                                                    Date-butoir des premi\u00e8res candidatures: <strong>15 avril 2025<\/strong><\/p>\n\n\n\n<p><strong>Chambrun-Lafayette International Fellowship<\/strong>                                                                                                                                  Une nouvelle bourse est propos\u00e9e par la Fondation Chambrun, reconnue d\u2019utilit\u00e9 publique, afin de soutenir la scolarit\u00e9 d\u2019un \u00e9l\u00e8ve \u00e9tranger inscrit dans le cursus d\u2019archiviste pal\u00e9ographe \u00e0 compter de la rentr\u00e9e 2025.                                                                                                                                  Date butoir:<strong> 9 mai 2025<\/strong>                                                                                                                                                                                                                                                                    Plus d\u2019informations <a href=\"https:\/\/www.chartes.psl.eu\/gazette-chartiste\/actualites\/creation-de-la-bourse-internationale-fondation-chambrun\">ici<\/a><\/p>\n\n\n\n<p><strong>2025 Rachel Hines Prize<\/strong>                                                                                                                                  Le Carolina Lowcountry and Atlantic World Program et les Presses de l&rsquo;Universit\u00e9 de Caroline du Sud ont le plaisir d&rsquo;annoncer qu&rsquo;ils lancent un appel \u00e0 candidatures pour le prix Rachel Hines, d\u00e9cern\u00e9 tous les deux ans, pour des manuscrits sur les Lowcountry et\/ou le monde atlantique.                                                                                                                                  Plus d\u2019information sur le fichier joint.                                                                                                                                  Date butoir: <strong>1er juin 2025<\/strong><\/p>\n\n\n\n<p><\/p>\n\n\n\n<p><strong>\u00c9v\u00e9nements \u00e0 venir<\/strong><\/p>\n\n\n\n<p><strong>Appel \u00e0 communications: Wartime Transformations<\/strong>                                                                                                                                  S\u00e9rie \u201cFor 2026\u201d de l\u2019Omohundro Institute                                                                                                                                  Dates: 23-25 octobre 2025\u00a0                                                                                                                                                                                                                                                                    Lieu : The William &amp; Mary School of Education et Colonial Williamsburg \u00e0 Williamsburg                                                                                                                                  Date butoir : 15 avril 2025                                                                                                                                                                                                                                                                    AAC et plus d\u2019informations <a href=\"https:\/\/oieahc.wm.edu\/events-overview\/conferences-2\/oi-annual-conference-for-2026\/for-2026-wartime-transformations\/\">ici<\/a><\/p>\n\n\n\n<p><strong>Appel \u00e0 communications: Global 1776: Imperial Worlds in Upheaval<\/strong>                                                                                                                                  Un \u00e9v\u00e9nement conjointement organis\u00e9 par: University of Hong Kong \/ University of Chicago \/ David Center \/\u00a0 American Philosophical Society. AMERICA2026 fait aussi partie des partenaires !                                                                                                                                  Date : 12-14 mars 2026                                                                                                                                                                                                                                                                    Lieu : Universit\u00e9 de Hong Kong                                                                                                                                  Vous pouvez soumettre une proposition de communication en 250 mots, ainsi qu\u2019un CV, \u00e0 l\u2019adresse suivante : <a href=\"mailto:global76@hku.hk\">global76@hku.hk<\/a> (AAC complet en pi\u00e8ce jointe)                                                                                                                                  Date butoir : 20 avril 2025 (attention, c\u2019est un dimanche)<\/p>\n\n\n\n<p><strong>Appel \u00e0 communications:: BrANCH\/BGEAH Joint Annual Conference<\/strong>                                                                                                                                  Dates : 12-14 septembre 2025                                                                                                                                  Lieu : Leonardo Hotel \u00e0 Cardiff, Pays de Galles                                                                                                                                  Date butoir : 25 avril 2025                                                                                                                                                                                                                                                                    AAC et plus d\u2019informations sur notre <a href=\"https:\/\/america2026.eu\/research-opportunities\/\">site<\/a><\/p>\n\n\n\n<p><strong>Appel \u00e0 contributions: America&rsquo;s 1776: Independence and its Enduring Legacies<\/strong>                                                                                                                                  Une conf\u00e9rence du David Center for the American Revolution at the American Philosophical Society<\/p>\n\n\n\n<p><em>America&rsquo;s 1776<\/em> est l&rsquo;une des trois conf\u00e9rences organis\u00e9es conjointement par le DCAR et l&rsquo;APS en 2026. Ces conf\u00e9rences visent \u00e0 \u00e9tudier la r\u00e9volution am\u00e9ricaine dans les contextes mondial, national et local, \u00e0 la consid\u00e9rer dans ses connexions avec l&rsquo;\u00e2ge des r\u00e9volutions et \u00e0 d\u00e9battre des principales forces de changement \u00e0 l&rsquo;\u0153uvre au cours de cette p\u00e9riode. Les autres \u00e9v\u00e9nements sont les suivants :<\/p>\n\n\n\n<p><a href=\"https:\/\/global1776.hku.hk\/\"><em>Global 1776: Imperial World in Upheaval<\/em><\/a> (Hong Kong, 12-14 mars 2026, voir ci-dessus)                                                                                                                                  <em>Europe\u2019s American Revolution<\/em> (Paris, October 2026; un \u00e9v\u00e9nement AMERICA2026 !)                                                                                                                                  Date: 4-6 juin 2026                                                                                                                                                                                                                                                                    Lieu: Philadelphie\u00a0                                                                                                                                                                                                                                                                    Date butoir: 23 juin 2025\u00a0                                                                                                                                                                                                                                                                    Plus d\u2019informations <a href=\"https:\/\/www.amphilsoc.org\/americas-1776-independence-and-its-enduring-legacies-june-4-6-2026\">ici<\/a>.\u00a0<\/p>\n\n\n\n<p><strong>A Quarter-Millenium of Franco-American Relations<\/strong> Co-organis\u00e9e par la Tocqueville Society et l&rsquo;American University of Paris.\u00a0 Date: May 28-29, 2026 Location: Paris Submission Deadline: June 15, 2025 at David Bell, dabell@princeton.edu. Les communications peuvent \u00eatre pr\u00e9sent\u00e9es en anglais ou en fran\u00e7ais. Plus d\u2019informations <a href=\"https:\/\/america2026.eu\/research-opportunities\/\">ici<\/a>.<\/p>\n\n\n\n<p><\/p>\n\n\n\n<p>Tenez-nous inform\u00e9\u00b7es quant \u00e0 vous activit\u00e9s au sein d\u2019AMERICA2026 (et en dehors !) afin que nous puissions les faire conna\u00eetre.&nbsp;Pour \u00eatre s\u00fbr\u00b7es de voir votre \u00e9v\u00e9nement mentionn\u00e9 dans la newsletter, pensez \u00e0 nous en informer d\u2019ici le 20 du mois en cours !<\/p>\n","protected":false},"excerpt":{"rendered":"Dear all,\nWe are happy to share our May 2025 newsletter with all of you. Here are the announcements and reminders for this month:","protected":false},"author":2,"featured_media":2690,"comment_status":"open","ping_status":"open","sticky":false,"template":"","format":"standard","meta":{"_acf_changed":false,"footnotes":""},"groupes":[64],"class_list":["post-2727","post","type-post","status-publish","format-standard","has-post-thumbnail","hentry","groupes-newsletter-fr"],"acf":[],"yoast_head":"<!-- This site is optimized with the Yoast SEO plugin v24.3 - https:\/\/yoast.com\/wordpress\/plugins\/seo\/ -->\n<title>Newsletter #27 - America 2026<\/title>\n<meta name=\"robots\" content=\"index, follow, max-snippet:-1, max-image-preview:large, max-video-preview:-1\" \/>\n<link rel=\"canonical\" href=\"https:\/\/america2026.eu\/newsletter-27\/\" \/>\n<meta property=\"og:locale\" content=\"fr_FR\" \/>\n<meta property=\"og:type\" content=\"article\" \/>\n<meta property=\"og:title\" content=\"Newsletter #27 - America 2026\" \/>\n<meta property=\"og:description\" content=\"Dear all, We are happy to share our May 2025 newsletter with all of you. Here are the announcements and reminders for this month:\" \/>\n<meta property=\"og:url\" content=\"https:\/\/america2026.eu\/newsletter-27\/\" \/>\n<meta property=\"og:site_name\" content=\"America 2026\" \/>\n<meta property=\"article:published_time\" content=\"2025-05-04T22:07:57+00:00\" \/>\n<meta property=\"article:modified_time\" content=\"2025-05-14T13:26:44+00:00\" \/>\n<meta property=\"og:image\" content=\"https:\/\/america2026.eu\/wp-content\/uploads\/2025\/05\/commander-in-chief-currier-and-ives-2.jpg\" \/>\n\t<meta property=\"og:image:width\" content=\"640\" \/>\n\t<meta property=\"og:image:height\" content=\"514\" \/>\n\t<meta property=\"og:image:type\" content=\"image\/jpeg\" \/>\n<meta name=\"author\" content=\"Agn\u00e8s DELAHAYE\" \/>\n<meta name=\"twitter:label1\" content=\"\u00c9crit par\" \/>\n\t<meta name=\"twitter:data1\" content=\"Agn\u00e8s DELAHAYE\" \/>\n\t<meta name=\"twitter:label2\" content=\"Dur\u00e9e de lecture estim\u00e9e\" \/>\n\t<meta name=\"twitter:data2\" content=\"4 minutes\" \/>\n<script type=\"application\/ld+json\" class=\"yoast-schema-graph\">{\"@context\":\"https:\/\/schema.org\",\"@graph\":[{\"@type\":\"Article\",\"@id\":\"https:\/\/america2026.eu\/newsletter-27\/#article\",\"isPartOf\":{\"@id\":\"https:\/\/america2026.eu\/newsletter-27\/\"},\"author\":{\"name\":\"Agn\u00e8s DELAHAYE\",\"@id\":\"https:\/\/america2026.eu\/#\/schema\/person\/08b0307583a6353f0213d2613d9954fb\"},\"headline\":\"Newsletter #27\",\"datePublished\":\"2025-05-04T22:07:57+00:00\",\"dateModified\":\"2025-05-14T13:26:44+00:00\",\"mainEntityOfPage\":{\"@id\":\"https:\/\/america2026.eu\/newsletter-27\/\"},\"wordCount\":808,\"commentCount\":0,\"publisher\":{\"@id\":\"https:\/\/america2026.eu\/#organization\"},\"image\":{\"@id\":\"https:\/\/america2026.eu\/newsletter-27\/#primaryimage\"},\"thumbnailUrl\":\"https:\/\/america2026.eu\/wp-content\/uploads\/2025\/05\/commander-in-chief-currier-and-ives-2.jpg\",\"inLanguage\":\"fr-FR\",\"potentialAction\":[{\"@type\":\"CommentAction\",\"name\":\"Comment\",\"target\":[\"https:\/\/america2026.eu\/newsletter-27\/#respond\"]}]},{\"@type\":\"WebPage\",\"@id\":\"https:\/\/america2026.eu\/newsletter-27\/\",\"url\":\"https:\/\/america2026.eu\/newsletter-27\/\",\"name\":\"Newsletter #27 - America 2026\",\"isPartOf\":{\"@id\":\"https:\/\/america2026.eu\/#website\"},\"primaryImageOfPage\":{\"@id\":\"https:\/\/america2026.eu\/newsletter-27\/#primaryimage\"},\"image\":{\"@id\":\"https:\/\/america2026.eu\/newsletter-27\/#primaryimage\"},\"thumbnailUrl\":\"https:\/\/america2026.eu\/wp-content\/uploads\/2025\/05\/commander-in-chief-currier-and-ives-2.jpg\",\"datePublished\":\"2025-05-04T22:07:57+00:00\",\"dateModified\":\"2025-05-14T13:26:44+00:00\",\"breadcrumb\":{\"@id\":\"https:\/\/america2026.eu\/newsletter-27\/#breadcrumb\"},\"inLanguage\":\"fr-FR\",\"potentialAction\":[{\"@type\":\"ReadAction\",\"target\":[\"https:\/\/america2026.eu\/newsletter-27\/\"]}]},{\"@type\":\"ImageObject\",\"inLanguage\":\"fr-FR\",\"@id\":\"https:\/\/america2026.eu\/newsletter-27\/#primaryimage\",\"url\":\"https:\/\/america2026.eu\/wp-content\/uploads\/2025\/05\/commander-in-chief-currier-and-ives-2.jpg\",\"contentUrl\":\"https:\/\/america2026.eu\/wp-content\/uploads\/2025\/05\/commander-in-chief-currier-and-ives-2.jpg\",\"width\":640,\"height\":514},{\"@type\":\"BreadcrumbList\",\"@id\":\"https:\/\/america2026.eu\/newsletter-27\/#breadcrumb\",\"itemListElement\":[{\"@type\":\"ListItem\",\"position\":1,\"name\":\"Accueil\",\"item\":\"https:\/\/america2026.eu\/fr\/\"},{\"@type\":\"ListItem\",\"position\":2,\"name\":\"Newsletter #27\"}]},{\"@type\":\"WebSite\",\"@id\":\"https:\/\/america2026.eu\/#website\",\"url\":\"https:\/\/america2026.eu\/\",\"name\":\"America 2026\",\"description\":\"\",\"publisher\":{\"@id\":\"https:\/\/america2026.eu\/#organization\"},\"potentialAction\":[{\"@type\":\"SearchAction\",\"target\":{\"@type\":\"EntryPoint\",\"urlTemplate\":\"https:\/\/america2026.eu\/?s={search_term_string}\"},\"query-input\":{\"@type\":\"PropertyValueSpecification\",\"valueRequired\":true,\"valueName\":\"search_term_string\"}}],\"inLanguage\":\"fr-FR\"},{\"@type\":\"Organization\",\"@id\":\"https:\/\/america2026.eu\/#organization\",\"name\":\"America 2026\",\"url\":\"https:\/\/america2026.eu\/\",\"logo\":{\"@type\":\"ImageObject\",\"inLanguage\":\"fr-FR\",\"@id\":\"https:\/\/america2026.eu\/#\/schema\/logo\/image\/\",\"url\":\"https:\/\/america2026.eu\/wp-content\/uploads\/2024\/10\/Untitled-3.png\",\"contentUrl\":\"https:\/\/america2026.eu\/wp-content\/uploads\/2024\/10\/Untitled-3.png\",\"width\":6579,\"height\":1454,\"caption\":\"America 2026\"},\"image\":{\"@id\":\"https:\/\/america2026.eu\/#\/schema\/logo\/image\/\"}},{\"@type\":\"Person\",\"@id\":\"https:\/\/america2026.eu\/#\/schema\/person\/08b0307583a6353f0213d2613d9954fb\",\"name\":\"Agn\u00e8s DELAHAYE\",\"image\":{\"@type\":\"ImageObject\",\"inLanguage\":\"fr-FR\",\"@id\":\"https:\/\/america2026.eu\/#\/schema\/person\/image\/\",\"url\":\"https:\/\/secure.gravatar.com\/avatar\/85cf3b0fd579da5be8ad50af6d0108ff90e2b73c4f0f8d797c38669db16bd77d?s=96&d=mm&r=g\",\"contentUrl\":\"https:\/\/secure.gravatar.com\/avatar\/85cf3b0fd579da5be8ad50af6d0108ff90e2b73c4f0f8d797c38669db16bd77d?s=96&d=mm&r=g\",\"caption\":\"Agn\u00e8s DELAHAYE\"}}]}<\/script>\n<!-- \/ Yoast SEO plugin. -->","yoast_head_json":{"title":"Newsletter #27 - America 2026","robots":{"index":"index","follow":"follow","max-snippet":"max-snippet:-1","max-image-preview":"max-image-preview:large","max-video-preview":"max-video-preview:-1"},"canonical":"https:\/\/america2026.eu\/newsletter-27\/","og_locale":"fr_FR","og_type":"article","og_title":"Newsletter #27 - America 2026","og_description":"Dear all, We are happy to share our May 2025 newsletter with all of you. Here are the announcements and reminders for this month:","og_url":"https:\/\/america2026.eu\/newsletter-27\/","og_site_name":"America 2026","article_published_time":"2025-05-04T22:07:57+00:00","article_modified_time":"2025-05-14T13:26:44+00:00","og_image":[{"width":640,"height":514,"url":"https:\/\/america2026.eu\/wp-content\/uploads\/2025\/05\/commander-in-chief-currier-and-ives-2.jpg","type":"image\/jpeg"}],"author":"Agn\u00e8s DELAHAYE","twitter_misc":{"\u00c9crit par":"Agn\u00e8s DELAHAYE","Dur\u00e9e de lecture estim\u00e9e":"4 minutes"},"schema":{"@context":"https:\/\/schema.org","@graph":[{"@type":"Article","@id":"https:\/\/america2026.eu\/newsletter-27\/#article","isPartOf":{"@id":"https:\/\/america2026.eu\/newsletter-27\/"},"author":{"name":"Agn\u00e8s DELAHAYE","@id":"https:\/\/america2026.eu\/#\/schema\/person\/08b0307583a6353f0213d2613d9954fb"},"headline":"Newsletter #27","datePublished":"2025-05-04T22:07:57+00:00","dateModified":"2025-05-14T13:26:44+00:00","mainEntityOfPage":{"@id":"https:\/\/america2026.eu\/newsletter-27\/"},"wordCount":808,"commentCount":0,"publisher":{"@id":"https:\/\/america2026.eu\/#organization"},"image":{"@id":"https:\/\/america2026.eu\/newsletter-27\/#primaryimage"},"thumbnailUrl":"https:\/\/america2026.eu\/wp-content\/uploads\/2025\/05\/commander-in-chief-currier-and-ives-2.jpg","inLanguage":"fr-FR","potentialAction":[{"@type":"CommentAction","name":"Comment","target":["https:\/\/america2026.eu\/newsletter-27\/#respond"]}]},{"@type":"WebPage","@id":"https:\/\/america2026.eu\/newsletter-27\/","url":"https:\/\/america2026.eu\/newsletter-27\/","name":"Newsletter #27 - America 2026","isPartOf":{"@id":"https:\/\/america2026.eu\/#website"},"primaryImageOfPage":{"@id":"https:\/\/america2026.eu\/newsletter-27\/#primaryimage"},"image":{"@id":"https:\/\/america2026.eu\/newsletter-27\/#primaryimage"},"thumbnailUrl":"https:\/\/america2026.eu\/wp-content\/uploads\/2025\/05\/commander-in-chief-currier-and-ives-2.jpg","datePublished":"2025-05-04T22:07:57+00:00","dateModified":"2025-05-14T13:26:44+00:00","breadcrumb":{"@id":"https:\/\/america2026.eu\/newsletter-27\/#breadcrumb"},"inLanguage":"fr-FR","potentialAction":[{"@type":"ReadAction","target":["https:\/\/america2026.eu\/newsletter-27\/"]}]},{"@type":"ImageObject","inLanguage":"fr-FR","@id":"https:\/\/america2026.eu\/newsletter-27\/#primaryimage","url":"https:\/\/america2026.eu\/wp-content\/uploads\/2025\/05\/commander-in-chief-currier-and-ives-2.jpg","contentUrl":"https:\/\/america2026.eu\/wp-content\/uploads\/2025\/05\/commander-in-chief-currier-and-ives-2.jpg","width":640,"height":514},{"@type":"BreadcrumbList","@id":"https:\/\/america2026.eu\/newsletter-27\/#breadcrumb","itemListElement":[{"@type":"ListItem","position":1,"name":"Accueil","item":"https:\/\/america2026.eu\/fr\/"},{"@type":"ListItem","position":2,"name":"Newsletter #27"}]},{"@type":"WebSite","@id":"https:\/\/america2026.eu\/#website","url":"https:\/\/america2026.eu\/","name":"America 2026","description":"","publisher":{"@id":"https:\/\/america2026.eu\/#organization"},"potentialAction":[{"@type":"SearchAction","target":{"@type":"EntryPoint","urlTemplate":"https:\/\/america2026.eu\/?s={search_term_string}"},"query-input":{"@type":"PropertyValueSpecification","valueRequired":true,"valueName":"search_term_string"}}],"inLanguage":"fr-FR"},{"@type":"Organization","@id":"https:\/\/america2026.eu\/#organization","name":"America 2026","url":"https:\/\/america2026.eu\/","logo":{"@type":"ImageObject","inLanguage":"fr-FR","@id":"https:\/\/america2026.eu\/#\/schema\/logo\/image\/","url":"https:\/\/america2026.eu\/wp-content\/uploads\/2024\/10\/Untitled-3.png","contentUrl":"https:\/\/america2026.eu\/wp-content\/uploads\/2024\/10\/Untitled-3.png","width":6579,"height":1454,"caption":"America 2026"},"image":{"@id":"https:\/\/america2026.eu\/#\/schema\/logo\/image\/"}},{"@type":"Person","@id":"https:\/\/america2026.eu\/#\/schema\/person\/08b0307583a6353f0213d2613d9954fb","name":"Agn\u00e8s DELAHAYE","image":{"@type":"ImageObject","inLanguage":"fr-FR","@id":"https:\/\/america2026.eu\/#\/schema\/person\/image\/","url":"https:\/\/secure.gravatar.com\/avatar\/85cf3b0fd579da5be8ad50af6d0108ff90e2b73c4f0f8d797c38669db16bd77d?s=96&d=mm&r=g","contentUrl":"https:\/\/secure.gravatar.com\/avatar\/85cf3b0fd579da5be8ad50af6d0108ff90e2b73c4f0f8d797c38669db16bd77d?s=96&d=mm&r=g","caption":"Agn\u00e8s DELAHAYE"}}]}},"_links":{"self":[{"href":"https:\/\/america2026.eu\/fr\/wp-json\/wp\/v2\/posts\/2727","targetHints":{"allow":["GET"]}}],"collection":[{"href":"https:\/\/america2026.eu\/fr\/wp-json\/wp\/v2\/posts"}],"about":[{"href":"https:\/\/america2026.eu\/fr\/wp-json\/wp\/v2\/types\/post"}],"author":[{"embeddable":true,"href":"https:\/\/america2026.eu\/fr\/wp-json\/wp\/v2\/users\/2"}],"replies":[{"embeddable":true,"href":"https:\/\/america2026.eu\/fr\/wp-json\/wp\/v2\/comments?post=2727"}],"version-history":[{"count":2,"href":"https:\/\/america2026.eu\/fr\/wp-json\/wp\/v2\/posts\/2727\/revisions"}],"predecessor-version":[{"id":2732,"href":"https:\/\/america2026.eu\/fr\/wp-json\/wp\/v2\/posts\/2727\/revisions\/2732"}],"wp:featuredmedia":[{"embeddable":true,"href":"https:\/\/america2026.eu\/fr\/wp-json\/wp\/v2\/media\/2690"}],"wp:attachment":[{"href":"https:\/\/america2026.eu\/fr\/wp-json\/wp\/v2\/media?parent=2727"}],"wp:term":[{"taxonomy":"groupes","embeddable":true,"href":"https:\/\/america2026.eu\/fr\/wp-json\/wp\/v2\/groupes?post=2727"}],"curies":[{"name":"wp","href":"https:\/\/api.w.org\/{rel}","templated":true}]}}