{"id":2726,"date":"2025-05-04T20:43:09","date_gmt":"2025-05-04T20:43:09","guid":{"rendered":"https:\/\/america2026.eu\/cfp-remembering-the-american-revolution-at-250-global-revolution-and-revolution-for-a-new-century-announcement\/"},"modified":"2025-05-04T20:43:09","modified_gmt":"2025-05-04T20:43:09","slug":"cfp-remembering-the-american-revolution-at-250-global-revolution-and-revolution-for-a-new-century-announcement","status":"publish","type":"post","link":"https:\/\/america2026.eu\/fr\/cfp-remembering-the-american-revolution-at-250-global-revolution-and-revolution-for-a-new-century-announcement\/","title":{"rendered":"CFP: Remembering the American Revolution at 250: \u00ab\u00a0Global Revolution\u00a0\u00bb and \u00ab\u00a0Revolution for a New Century\u00a0\u00bb [Announcement]"},"content":{"rendered":"\n<p><a href=\"https:\/\/networks.h-net.org\/group\/announcements\/20067467\/cfp-remembering-american-revolution-250-global-revolution-and\">Link here.<\/a><\/p>\n\n\n\n<p><strong>H-Early-America Call for Papers: Remembering the American Revolution at 250<\/strong><\/p>\n\n\n\n<p>In 2026, the United States will celebrate the 250th anniversary of the Declaration of Independence. There will be a host of events throughout the country to commemorate this momentous milestone, but also deep soul searching about the meanings of the revolution, independence, and liberty, and the proper way to commemorate such an event. To participate in these conversations, H-Early-America invites essay submissions for\u00a0<em>Remembering the American Revolution at 250<\/em>, a peer-reviewed publication hosted and freely available on the H-Net Publications Platform. Published essays will appear online on an open-access model, ensuring a broad readership.<br><br>Scope and Subject Matter:\u00a0<em>Remembering the American Revolution at 250<\/em>\u00a0will bring together historians, public historians, and other practitioners as the\u00a0country commemorates the 250th anniversary of the Declaration of Independence. We invite submissions in five broad categories:<\/p>\n\n\n\n<p>*&nbsp;Global Revolution: How are the Revolution, the Declaration of Independence, and the Founders remembered overseas?&nbsp;What are the stories of George Washington statues in Europe? How have states that joined the Union after 1776, such as Florida and Louisiana, remembered the revolution?<\/p>\n\n\n\n<p>*&nbsp;Texts of Revolution: How do we remember and interpret various, especially lesser-known, documents from the American Revolution? How have resource projects enhanced the availability and accessibility of these documents? How can we use these documents in our teaching?<\/p>\n\n\n\n<p>*&nbsp;Revolution\u2013-or Not?&nbsp;: How did those indifferent or antagonistic to the American Revolution or who viewed the British as the side of liberty view and remember the events? How have African Americans processed the tension between their remembrances of freedom and enslavement and national remembrances of independence and the Revolution? How did families with divided loyalties work through their differences?<\/p>\n\n\n\n<p>*&nbsp;Remembering Revolution: How have we remembered the American Revolution? What aspects of the Revolution have we willfully forgotten because they were unpleasant or inconvenient? How have books, historians, and popular media contributed to the remembering or forgetting of the American Revolution?<\/p>\n\n\n\n<p>*&nbsp;Revolution for a New Century: How do we adjust the teaching of the American Revolution as we face new challenges from political leaders? How do historic sites address the need to include a broader set of voices? How do we communicate the history of the Revolution to the U.S. public in the 21st century?<\/p>\n\n\n\n<p>* We are also interested in essays that discuss teaching, teaching experiences, or lesson plans, which we plan to publish in cooperation with the H-Teach Network.<br><br>Editorial Process: All essays considered for&nbsp;<em>Remembering the American Revolution at 250<\/em>&nbsp;will undergo peer review. Authors will receive detailed feedback both from the reviewer and from the editorial team. The editors will conduct an initial review of submissions on a rolling basis to judge each essay\u2019s suitability as well as its general quality and potential for revision. Upon completion of initial revisions, the editors will move essays on to peer review by external, anonymous reviewers with relevant topical expertise. If the external reviewer recommends additional revisions, the editors will work with authors to move the essay towards publication.&nbsp;<br><br>Submission Process: Please&nbsp;send an initial proposal to the editorial team. The proposal should indicate the thematic area and length of the essay and should provide a 300-500 word synopsis that also indicates how the essay will contribute to the field. Proposals will be reviewed on a rolling basis. Questions about potential essay topics, formatting guidelines, and the review and publishing process may be sent to the editors at&nbsp;<a href=\"mailto:america250@mail.h-net.org\" target=\"_blank\" rel=\"noreferrer noopener\">america250@mail.h-net.org<\/a>.<\/p>\n\n\n\n<p>The Editors:                                                                                                                                                                                                                                                                                                  Abby Chandler, University of Massachusetts, Lowell<br>Darcy R. Fryer, The Brearley School<br>Patrick Luck, Florida Polytechnic University<br>Niels Eichhorn, VP of Research and Publication, H-Net<\/p>\n\n\n\n<p>Contact Information                                                                                                                                                 Abby Chandler<\/p>\n\n\n\n<p>Contact Email                                                                                                                                                  america250@mail.h-net.org<\/p>\n","protected":false},"excerpt":{"rendered":"Link here. H-Early-America Call for Papers: Remembering the American Revolution at 250 In 2026, the United States will celebrate the 250th anniversary of the Declaration of Independence. There will be a host of events throughout the country to commemorate this&#8230;","protected":false},"author":2,"featured_media":925,"comment_status":"open","ping_status":"open","sticky":false,"template":"","format":"standard","meta":{"_acf_changed":false,"footnotes":""},"groupes":[65],"class_list":["post-2726","post","type-post","status-publish","format-standard","has-post-thumbnail","hentry","groupes-opportunites-de-recherche"],"acf":[],"yoast_head":"<!-- This site is optimized with the Yoast SEO plugin v24.3 - https:\/\/yoast.com\/wordpress\/plugins\/seo\/ -->\n<title>CFP: Remembering the American Revolution at 250: &quot;Global Revolution&quot; and &quot;Revolution for a New Century&quot; [Announcement] - America 2026<\/title>\n<meta name=\"robots\" content=\"index, follow, max-snippet:-1, max-image-preview:large, max-video-preview:-1\" \/>\n<link rel=\"canonical\" href=\"https:\/\/america2026.eu\/cfp-remembering-the-american-revolution-at-250-global-revolution-and-revolution-for-a-new-century-announcement\/\" \/>\n<meta property=\"og:locale\" content=\"fr_FR\" \/>\n<meta property=\"og:type\" content=\"article\" \/>\n<meta property=\"og:title\" content=\"CFP: Remembering the American Revolution at 250: &quot;Global Revolution&quot; and &quot;Revolution for a New Century&quot; [Announcement] - America 2026\" \/>\n<meta property=\"og:description\" content=\"Link here. H-Early-America Call for Papers: Remembering the American Revolution at 250 In 2026, the United States will celebrate the 250th anniversary of the Declaration of Independence. There will be a host of events throughout the country to commemorate this...\" \/>\n<meta property=\"og:url\" content=\"https:\/\/america2026.eu\/cfp-remembering-the-american-revolution-at-250-global-revolution-and-revolution-for-a-new-century-announcement\/\" \/>\n<meta property=\"og:site_name\" content=\"America 2026\" \/>\n<meta property=\"article:published_time\" content=\"2025-05-04T20:43:09+00:00\" \/>\n<meta property=\"og:image\" content=\"https:\/\/america2026.eu\/wp-content\/uploads\/2024\/10\/af8ad8d962a94404dc0575ab46247637.jpg\" \/>\n\t<meta property=\"og:image:width\" content=\"498\" \/>\n\t<meta property=\"og:image:height\" content=\"664\" \/>\n\t<meta property=\"og:image:type\" content=\"image\/jpeg\" \/>\n<meta name=\"author\" content=\"Agn\u00e8s DELAHAYE\" \/>\n<meta name=\"twitter:label1\" content=\"\u00c9crit par\" \/>\n\t<meta name=\"twitter:data1\" content=\"Agn\u00e8s DELAHAYE\" \/>\n\t<meta name=\"twitter:label2\" content=\"Dur\u00e9e de lecture estim\u00e9e\" \/>\n\t<meta name=\"twitter:data2\" content=\"3 minutes\" \/>\n<script type=\"application\/ld+json\" class=\"yoast-schema-graph\">{\"@context\":\"https:\/\/schema.org\",\"@graph\":[{\"@type\":\"Article\",\"@id\":\"https:\/\/america2026.eu\/cfp-remembering-the-american-revolution-at-250-global-revolution-and-revolution-for-a-new-century-announcement\/#article\",\"isPartOf\":{\"@id\":\"https:\/\/america2026.eu\/cfp-remembering-the-american-revolution-at-250-global-revolution-and-revolution-for-a-new-century-announcement\/\"},\"author\":{\"name\":\"Agn\u00e8s DELAHAYE\",\"@id\":\"https:\/\/america2026.eu\/#\/schema\/person\/08b0307583a6353f0213d2613d9954fb\"},\"headline\":\"CFP: Remembering the American Revolution at 250: \u00ab\u00a0Global Revolution\u00a0\u00bb and \u00ab\u00a0Revolution for a New Century\u00a0\u00bb [Announcement]\",\"datePublished\":\"2025-05-04T20:43:09+00:00\",\"dateModified\":\"2025-05-04T20:43:09+00:00\",\"mainEntityOfPage\":{\"@id\":\"https:\/\/america2026.eu\/cfp-remembering-the-american-revolution-at-250-global-revolution-and-revolution-for-a-new-century-announcement\/\"},\"wordCount\":633,\"commentCount\":0,\"publisher\":{\"@id\":\"https:\/\/america2026.eu\/#organization\"},\"image\":{\"@id\":\"https:\/\/america2026.eu\/cfp-remembering-the-american-revolution-at-250-global-revolution-and-revolution-for-a-new-century-announcement\/#primaryimage\"},\"thumbnailUrl\":\"https:\/\/america2026.eu\/wp-content\/uploads\/2024\/10\/af8ad8d962a94404dc0575ab46247637.jpg\",\"inLanguage\":\"fr-FR\",\"potentialAction\":[{\"@type\":\"CommentAction\",\"name\":\"Comment\",\"target\":[\"https:\/\/america2026.eu\/cfp-remembering-the-american-revolution-at-250-global-revolution-and-revolution-for-a-new-century-announcement\/#respond\"]}]},{\"@type\":\"WebPage\",\"@id\":\"https:\/\/america2026.eu\/cfp-remembering-the-american-revolution-at-250-global-revolution-and-revolution-for-a-new-century-announcement\/\",\"url\":\"https:\/\/america2026.eu\/cfp-remembering-the-american-revolution-at-250-global-revolution-and-revolution-for-a-new-century-announcement\/\",\"name\":\"CFP: Remembering the American Revolution at 250: \\\"Global Revolution\\\" and \\\"Revolution for a New Century\\\" [Announcement] - America 2026\",\"isPartOf\":{\"@id\":\"https:\/\/america2026.eu\/#website\"},\"primaryImageOfPage\":{\"@id\":\"https:\/\/america2026.eu\/cfp-remembering-the-american-revolution-at-250-global-revolution-and-revolution-for-a-new-century-announcement\/#primaryimage\"},\"image\":{\"@id\":\"https:\/\/america2026.eu\/cfp-remembering-the-american-revolution-at-250-global-revolution-and-revolution-for-a-new-century-announcement\/#primaryimage\"},\"thumbnailUrl\":\"https:\/\/america2026.eu\/wp-content\/uploads\/2024\/10\/af8ad8d962a94404dc0575ab46247637.jpg\",\"datePublished\":\"2025-05-04T20:43:09+00:00\",\"dateModified\":\"2025-05-04T20:43:09+00:00\",\"breadcrumb\":{\"@id\":\"https:\/\/america2026.eu\/cfp-remembering-the-american-revolution-at-250-global-revolution-and-revolution-for-a-new-century-announcement\/#breadcrumb\"},\"inLanguage\":\"fr-FR\",\"potentialAction\":[{\"@type\":\"ReadAction\",\"target\":[\"https:\/\/america2026.eu\/cfp-remembering-the-american-revolution-at-250-global-revolution-and-revolution-for-a-new-century-announcement\/\"]}]},{\"@type\":\"ImageObject\",\"inLanguage\":\"fr-FR\",\"@id\":\"https:\/\/america2026.eu\/cfp-remembering-the-american-revolution-at-250-global-revolution-and-revolution-for-a-new-century-announcement\/#primaryimage\",\"url\":\"https:\/\/america2026.eu\/wp-content\/uploads\/2024\/10\/af8ad8d962a94404dc0575ab46247637.jpg\",\"contentUrl\":\"https:\/\/america2026.eu\/wp-content\/uploads\/2024\/10\/af8ad8d962a94404dc0575ab46247637.jpg\",\"width\":498,\"height\":664,\"caption\":\"https:\/\/unsplash.com\/photos\/bo7_MA7u-_4\"},{\"@type\":\"BreadcrumbList\",\"@id\":\"https:\/\/america2026.eu\/cfp-remembering-the-american-revolution-at-250-global-revolution-and-revolution-for-a-new-century-announcement\/#breadcrumb\",\"itemListElement\":[{\"@type\":\"ListItem\",\"position\":1,\"name\":\"Accueil\",\"item\":\"https:\/\/america2026.eu\/fr\/\"},{\"@type\":\"ListItem\",\"position\":2,\"name\":\"CFP: Remembering the American Revolution at 250: &#8220;Global Revolution&#8221; and &#8220;Revolution for a New Century&#8221; [Announcement]\"}]},{\"@type\":\"WebSite\",\"@id\":\"https:\/\/america2026.eu\/#website\",\"url\":\"https:\/\/america2026.eu\/\",\"name\":\"America 2026\",\"description\":\"\",\"publisher\":{\"@id\":\"https:\/\/america2026.eu\/#organization\"},\"potentialAction\":[{\"@type\":\"SearchAction\",\"target\":{\"@type\":\"EntryPoint\",\"urlTemplate\":\"https:\/\/america2026.eu\/?s={search_term_string}\"},\"query-input\":{\"@type\":\"PropertyValueSpecification\",\"valueRequired\":true,\"valueName\":\"search_term_string\"}}],\"inLanguage\":\"fr-FR\"},{\"@type\":\"Organization\",\"@id\":\"https:\/\/america2026.eu\/#organization\",\"name\":\"America 2026\",\"url\":\"https:\/\/america2026.eu\/\",\"logo\":{\"@type\":\"ImageObject\",\"inLanguage\":\"fr-FR\",\"@id\":\"https:\/\/america2026.eu\/#\/schema\/logo\/image\/\",\"url\":\"https:\/\/america2026.eu\/wp-content\/uploads\/2024\/10\/Untitled-3.png\",\"contentUrl\":\"https:\/\/america2026.eu\/wp-content\/uploads\/2024\/10\/Untitled-3.png\",\"width\":6579,\"height\":1454,\"caption\":\"America 2026\"},\"image\":{\"@id\":\"https:\/\/america2026.eu\/#\/schema\/logo\/image\/\"}},{\"@type\":\"Person\",\"@id\":\"https:\/\/america2026.eu\/#\/schema\/person\/08b0307583a6353f0213d2613d9954fb\",\"name\":\"Agn\u00e8s DELAHAYE\",\"image\":{\"@type\":\"ImageObject\",\"inLanguage\":\"fr-FR\",\"@id\":\"https:\/\/america2026.eu\/#\/schema\/person\/image\/\",\"url\":\"https:\/\/secure.gravatar.com\/avatar\/85cf3b0fd579da5be8ad50af6d0108ff90e2b73c4f0f8d797c38669db16bd77d?s=96&d=mm&r=g\",\"contentUrl\":\"https:\/\/secure.gravatar.com\/avatar\/85cf3b0fd579da5be8ad50af6d0108ff90e2b73c4f0f8d797c38669db16bd77d?s=96&d=mm&r=g\",\"caption\":\"Agn\u00e8s DELAHAYE\"}}]}<\/script>\n<!-- \/ Yoast SEO plugin. -->","yoast_head_json":{"title":"CFP: Remembering the American Revolution at 250: \"Global Revolution\" and \"Revolution for a New Century\" [Announcement] - America 2026","robots":{"index":"index","follow":"follow","max-snippet":"max-snippet:-1","max-image-preview":"max-image-preview:large","max-video-preview":"max-video-preview:-1"},"canonical":"https:\/\/america2026.eu\/cfp-remembering-the-american-revolution-at-250-global-revolution-and-revolution-for-a-new-century-announcement\/","og_locale":"fr_FR","og_type":"article","og_title":"CFP: Remembering the American Revolution at 250: \"Global Revolution\" and \"Revolution for a New Century\" [Announcement] - America 2026","og_description":"Link here. H-Early-America Call for Papers: Remembering the American Revolution at 250 In 2026, the United States will celebrate the 250th anniversary of the Declaration of Independence. There will be a host of events throughout the country to commemorate this...","og_url":"https:\/\/america2026.eu\/cfp-remembering-the-american-revolution-at-250-global-revolution-and-revolution-for-a-new-century-announcement\/","og_site_name":"America 2026","article_published_time":"2025-05-04T20:43:09+00:00","og_image":[{"width":498,"height":664,"url":"https:\/\/america2026.eu\/wp-content\/uploads\/2024\/10\/af8ad8d962a94404dc0575ab46247637.jpg","type":"image\/jpeg"}],"author":"Agn\u00e8s DELAHAYE","twitter_misc":{"\u00c9crit par":"Agn\u00e8s DELAHAYE","Dur\u00e9e de lecture estim\u00e9e":"3 minutes"},"schema":{"@context":"https:\/\/schema.org","@graph":[{"@type":"Article","@id":"https:\/\/america2026.eu\/cfp-remembering-the-american-revolution-at-250-global-revolution-and-revolution-for-a-new-century-announcement\/#article","isPartOf":{"@id":"https:\/\/america2026.eu\/cfp-remembering-the-american-revolution-at-250-global-revolution-and-revolution-for-a-new-century-announcement\/"},"author":{"name":"Agn\u00e8s DELAHAYE","@id":"https:\/\/america2026.eu\/#\/schema\/person\/08b0307583a6353f0213d2613d9954fb"},"headline":"CFP: Remembering the American Revolution at 250: \u00ab\u00a0Global Revolution\u00a0\u00bb and \u00ab\u00a0Revolution for a New Century\u00a0\u00bb [Announcement]","datePublished":"2025-05-04T20:43:09+00:00","dateModified":"2025-05-04T20:43:09+00:00","mainEntityOfPage":{"@id":"https:\/\/america2026.eu\/cfp-remembering-the-american-revolution-at-250-global-revolution-and-revolution-for-a-new-century-announcement\/"},"wordCount":633,"commentCount":0,"publisher":{"@id":"https:\/\/america2026.eu\/#organization"},"image":{"@id":"https:\/\/america2026.eu\/cfp-remembering-the-american-revolution-at-250-global-revolution-and-revolution-for-a-new-century-announcement\/#primaryimage"},"thumbnailUrl":"https:\/\/america2026.eu\/wp-content\/uploads\/2024\/10\/af8ad8d962a94404dc0575ab46247637.jpg","inLanguage":"fr-FR","potentialAction":[{"@type":"CommentAction","name":"Comment","target":["https:\/\/america2026.eu\/cfp-remembering-the-american-revolution-at-250-global-revolution-and-revolution-for-a-new-century-announcement\/#respond"]}]},{"@type":"WebPage","@id":"https:\/\/america2026.eu\/cfp-remembering-the-american-revolution-at-250-global-revolution-and-revolution-for-a-new-century-announcement\/","url":"https:\/\/america2026.eu\/cfp-remembering-the-american-revolution-at-250-global-revolution-and-revolution-for-a-new-century-announcement\/","name":"CFP: Remembering the American Revolution at 250: \"Global Revolution\" and \"Revolution for a New Century\" [Announcement] - America 2026","isPartOf":{"@id":"https:\/\/america2026.eu\/#website"},"primaryImageOfPage":{"@id":"https:\/\/america2026.eu\/cfp-remembering-the-american-revolution-at-250-global-revolution-and-revolution-for-a-new-century-announcement\/#primaryimage"},"image":{"@id":"https:\/\/america2026.eu\/cfp-remembering-the-american-revolution-at-250-global-revolution-and-revolution-for-a-new-century-announcement\/#primaryimage"},"thumbnailUrl":"https:\/\/america2026.eu\/wp-content\/uploads\/2024\/10\/af8ad8d962a94404dc0575ab46247637.jpg","datePublished":"2025-05-04T20:43:09+00:00","dateModified":"2025-05-04T20:43:09+00:00","breadcrumb":{"@id":"https:\/\/america2026.eu\/cfp-remembering-the-american-revolution-at-250-global-revolution-and-revolution-for-a-new-century-announcement\/#breadcrumb"},"inLanguage":"fr-FR","potentialAction":[{"@type":"ReadAction","target":["https:\/\/america2026.eu\/cfp-remembering-the-american-revolution-at-250-global-revolution-and-revolution-for-a-new-century-announcement\/"]}]},{"@type":"ImageObject","inLanguage":"fr-FR","@id":"https:\/\/america2026.eu\/cfp-remembering-the-american-revolution-at-250-global-revolution-and-revolution-for-a-new-century-announcement\/#primaryimage","url":"https:\/\/america2026.eu\/wp-content\/uploads\/2024\/10\/af8ad8d962a94404dc0575ab46247637.jpg","contentUrl":"https:\/\/america2026.eu\/wp-content\/uploads\/2024\/10\/af8ad8d962a94404dc0575ab46247637.jpg","width":498,"height":664,"caption":"https:\/\/unsplash.com\/photos\/bo7_MA7u-_4"},{"@type":"BreadcrumbList","@id":"https:\/\/america2026.eu\/cfp-remembering-the-american-revolution-at-250-global-revolution-and-revolution-for-a-new-century-announcement\/#breadcrumb","itemListElement":[{"@type":"ListItem","position":1,"name":"Accueil","item":"https:\/\/america2026.eu\/fr\/"},{"@type":"ListItem","position":2,"name":"CFP: Remembering the American Revolution at 250: &#8220;Global Revolution&#8221; and &#8220;Revolution for a New Century&#8221; [Announcement]"}]},{"@type":"WebSite","@id":"https:\/\/america2026.eu\/#website","url":"https:\/\/america2026.eu\/","name":"America 2026","description":"","publisher":{"@id":"https:\/\/america2026.eu\/#organization"},"potentialAction":[{"@type":"SearchAction","target":{"@type":"EntryPoint","urlTemplate":"https:\/\/america2026.eu\/?s={search_term_string}"},"query-input":{"@type":"PropertyValueSpecification","valueRequired":true,"valueName":"search_term_string"}}],"inLanguage":"fr-FR"},{"@type":"Organization","@id":"https:\/\/america2026.eu\/#organization","name":"America 2026","url":"https:\/\/america2026.eu\/","logo":{"@type":"ImageObject","inLanguage":"fr-FR","@id":"https:\/\/america2026.eu\/#\/schema\/logo\/image\/","url":"https:\/\/america2026.eu\/wp-content\/uploads\/2024\/10\/Untitled-3.png","contentUrl":"https:\/\/america2026.eu\/wp-content\/uploads\/2024\/10\/Untitled-3.png","width":6579,"height":1454,"caption":"America 2026"},"image":{"@id":"https:\/\/america2026.eu\/#\/schema\/logo\/image\/"}},{"@type":"Person","@id":"https:\/\/america2026.eu\/#\/schema\/person\/08b0307583a6353f0213d2613d9954fb","name":"Agn\u00e8s DELAHAYE","image":{"@type":"ImageObject","inLanguage":"fr-FR","@id":"https:\/\/america2026.eu\/#\/schema\/person\/image\/","url":"https:\/\/secure.gravatar.com\/avatar\/85cf3b0fd579da5be8ad50af6d0108ff90e2b73c4f0f8d797c38669db16bd77d?s=96&d=mm&r=g","contentUrl":"https:\/\/secure.gravatar.com\/avatar\/85cf3b0fd579da5be8ad50af6d0108ff90e2b73c4f0f8d797c38669db16bd77d?s=96&d=mm&r=g","caption":"Agn\u00e8s DELAHAYE"}}]}},"_links":{"self":[{"href":"https:\/\/america2026.eu\/fr\/wp-json\/wp\/v2\/posts\/2726","targetHints":{"allow":["GET"]}}],"collection":[{"href":"https:\/\/america2026.eu\/fr\/wp-json\/wp\/v2\/posts"}],"about":[{"href":"https:\/\/america2026.eu\/fr\/wp-json\/wp\/v2\/types\/post"}],"author":[{"embeddable":true,"href":"https:\/\/america2026.eu\/fr\/wp-json\/wp\/v2\/users\/2"}],"replies":[{"embeddable":true,"href":"https:\/\/america2026.eu\/fr\/wp-json\/wp\/v2\/comments?post=2726"}],"version-history":[{"count":0,"href":"https:\/\/america2026.eu\/fr\/wp-json\/wp\/v2\/posts\/2726\/revisions"}],"wp:featuredmedia":[{"embeddable":true,"href":"https:\/\/america2026.eu\/fr\/wp-json\/wp\/v2\/media\/925"}],"wp:attachment":[{"href":"https:\/\/america2026.eu\/fr\/wp-json\/wp\/v2\/media?parent=2726"}],"wp:term":[{"taxonomy":"groupes","embeddable":true,"href":"https:\/\/america2026.eu\/fr\/wp-json\/wp\/v2\/groupes?post=2726"}],"curies":[{"name":"wp","href":"https:\/\/api.w.org\/{rel}","templated":true}]}}