{"id":2590,"date":"2025-03-27T13:26:44","date_gmt":"2025-03-27T13:26:44","guid":{"rendered":"https:\/\/america2026.eu\/aps-exhibition-opening-philadelphia-the-revolutionary-city-announcement\/"},"modified":"2025-03-27T13:26:44","modified_gmt":"2025-03-27T13:26:44","slug":"aps-exhibition-opening-philadelphia-the-revolutionary-city-announcement","status":"publish","type":"post","link":"https:\/\/america2026.eu\/fr\/aps-exhibition-opening-philadelphia-the-revolutionary-city-announcement\/","title":{"rendered":"APS Exhibition Opening \u2013 \u00ab\u00a0Philadelphia, The Revolutionary City\u00a0\u00bb [Announcement]"},"content":{"rendered":"\n<p>PA<br>United States<\/p>\n\n\n\n<p>Join us to get the first look at the APS Museum&rsquo;s latest exhibition \u2014&nbsp;<a href=\"https:\/\/www.amphilsoc.org\/museum\/exhibitions\/philadelphia-revolutionary-city\" target=\"_blank\" rel=\"noreferrer noopener\"><em>Philadelphia, The Revolutionary City<\/em><\/a>.<\/p>\n\n\n\n<p>Opening April 11, the 2025 exhibition at the American Philosophical Society investigates the lived experiences of Philadelphians during the extraordinary period leading up to, during, and after the Revolutionary War. Visitors to Philadelphia, The Revolutionary City will see historic documents, maps, prints, correspondence, and artifacts relating to the city&rsquo;s diverse inhabitants, presenting dynamic and complex narratives involving the people who lived amidst turmoil and change at the epicenter of American independence.<br><br>Enjoy light refreshments and explore the exhibition. The Education and Curatorial staff will be available throughout the evening to answer any questions and share special perspectives on the behind-the-scenes preparation for the exhibition. We encourage you to share word of this event with your colleagues and anyone who may be interested.&nbsp;<\/p>\n\n\n\n<p><a href=\"https:\/\/www.amphilsoc.org\/events\/exhibition-opening-philadelphia-revolutionary-city\">https:\/\/www.amphilsoc.org\/events\/exhibition-opening-philadelphia-revolutionary-city<\/a><\/p>\n\n\n\n<p>Contact Information                                                                                                                                                                   Thomas Johns (tjohns@amphilsoc.org)                                                                                                            Contact Email : tjohns@amphilsoc.org<\/p>\n\n\n\n<p>URL : <a href=\"https:\/\/www.amphilsoc.org\/events\/exhibition-opening-philadelphia-revolutionary-city\">https:\/\/www.amphilsoc.org\/events\/exhibition-opening-philadelphia-revolutionary-city<\/a><\/p>\n\n\n\n<p><\/p>\n","protected":false},"excerpt":{"rendered":"Opening April 11, the 2025 exhibition at the American Philosophical Society investigates the lived experiences of Philadelphians during the extraordinary period leading up to, during, and after the Revolutionary War. ","protected":false},"author":2,"featured_media":2276,"comment_status":"open","ping_status":"open","sticky":false,"template":"","format":"standard","meta":{"_acf_changed":false,"footnotes":""},"groupes":[42],"class_list":["post-2590","post","type-post","status-publish","format-standard","has-post-thumbnail","hentry","groupes-au-dela-damerica-2026"],"acf":[],"yoast_head":"<!-- This site is optimized with the Yoast SEO plugin v24.3 - https:\/\/yoast.com\/wordpress\/plugins\/seo\/ -->\n<title>APS Exhibition Opening \u2013 &quot;Philadelphia, The Revolutionary City&quot; [Announcement] - America 2026<\/title>\n<meta name=\"robots\" content=\"index, follow, max-snippet:-1, max-image-preview:large, max-video-preview:-1\" \/>\n<link rel=\"canonical\" href=\"https:\/\/america2026.eu\/aps-exhibition-opening-philadelphia-the-revolutionary-city-announcement\/\" \/>\n<meta property=\"og:locale\" content=\"fr_FR\" \/>\n<meta property=\"og:type\" content=\"article\" \/>\n<meta property=\"og:title\" content=\"APS Exhibition Opening \u2013 &quot;Philadelphia, The Revolutionary City&quot; [Announcement] - America 2026\" \/>\n<meta property=\"og:description\" content=\"Opening April 11, the 2025 exhibition at the American Philosophical Society investigates the lived experiences of Philadelphians during the extraordinary period leading up to, during, and after the Revolutionary War.\" \/>\n<meta property=\"og:url\" content=\"https:\/\/america2026.eu\/aps-exhibition-opening-philadelphia-the-revolutionary-city-announcement\/\" \/>\n<meta property=\"og:site_name\" content=\"America 2026\" \/>\n<meta property=\"article:published_time\" content=\"2025-03-27T13:26:44+00:00\" \/>\n<meta property=\"og:image\" content=\"https:\/\/america2026.eu\/wp-content\/uploads\/2025\/02\/APS_LogoRefresh_1300px_width_ForWeb-862x612-1.png\" \/>\n\t<meta property=\"og:image:width\" content=\"862\" \/>\n\t<meta property=\"og:image:height\" content=\"612\" \/>\n\t<meta property=\"og:image:type\" content=\"image\/png\" \/>\n<meta name=\"author\" content=\"Agn\u00e8s DELAHAYE\" \/>\n<meta name=\"twitter:label1\" content=\"\u00c9crit par\" \/>\n\t<meta name=\"twitter:data1\" content=\"Agn\u00e8s DELAHAYE\" \/>\n\t<meta name=\"twitter:label2\" content=\"Dur\u00e9e de lecture estim\u00e9e\" \/>\n\t<meta name=\"twitter:data2\" content=\"1 minute\" \/>\n<script type=\"application\/ld+json\" class=\"yoast-schema-graph\">{\"@context\":\"https:\/\/schema.org\",\"@graph\":[{\"@type\":\"Article\",\"@id\":\"https:\/\/america2026.eu\/aps-exhibition-opening-philadelphia-the-revolutionary-city-announcement\/#article\",\"isPartOf\":{\"@id\":\"https:\/\/america2026.eu\/aps-exhibition-opening-philadelphia-the-revolutionary-city-announcement\/\"},\"author\":{\"name\":\"Agn\u00e8s DELAHAYE\",\"@id\":\"https:\/\/america2026.eu\/#\/schema\/person\/08b0307583a6353f0213d2613d9954fb\"},\"headline\":\"APS Exhibition Opening \u2013 \u00ab\u00a0Philadelphia, The Revolutionary City\u00a0\u00bb [Announcement]\",\"datePublished\":\"2025-03-27T13:26:44+00:00\",\"dateModified\":\"2025-03-27T13:26:44+00:00\",\"mainEntityOfPage\":{\"@id\":\"https:\/\/america2026.eu\/aps-exhibition-opening-philadelphia-the-revolutionary-city-announcement\/\"},\"wordCount\":176,\"commentCount\":0,\"publisher\":{\"@id\":\"https:\/\/america2026.eu\/#organization\"},\"image\":{\"@id\":\"https:\/\/america2026.eu\/aps-exhibition-opening-philadelphia-the-revolutionary-city-announcement\/#primaryimage\"},\"thumbnailUrl\":\"https:\/\/america2026.eu\/wp-content\/uploads\/2025\/02\/APS_LogoRefresh_1300px_width_ForWeb-862x612-1.png\",\"inLanguage\":\"fr-FR\",\"potentialAction\":[{\"@type\":\"CommentAction\",\"name\":\"Comment\",\"target\":[\"https:\/\/america2026.eu\/aps-exhibition-opening-philadelphia-the-revolutionary-city-announcement\/#respond\"]}]},{\"@type\":\"WebPage\",\"@id\":\"https:\/\/america2026.eu\/aps-exhibition-opening-philadelphia-the-revolutionary-city-announcement\/\",\"url\":\"https:\/\/america2026.eu\/aps-exhibition-opening-philadelphia-the-revolutionary-city-announcement\/\",\"name\":\"APS Exhibition Opening \u2013 \\\"Philadelphia, The Revolutionary City\\\" [Announcement] - America 2026\",\"isPartOf\":{\"@id\":\"https:\/\/america2026.eu\/#website\"},\"primaryImageOfPage\":{\"@id\":\"https:\/\/america2026.eu\/aps-exhibition-opening-philadelphia-the-revolutionary-city-announcement\/#primaryimage\"},\"image\":{\"@id\":\"https:\/\/america2026.eu\/aps-exhibition-opening-philadelphia-the-revolutionary-city-announcement\/#primaryimage\"},\"thumbnailUrl\":\"https:\/\/america2026.eu\/wp-content\/uploads\/2025\/02\/APS_LogoRefresh_1300px_width_ForWeb-862x612-1.png\",\"datePublished\":\"2025-03-27T13:26:44+00:00\",\"dateModified\":\"2025-03-27T13:26:44+00:00\",\"breadcrumb\":{\"@id\":\"https:\/\/america2026.eu\/aps-exhibition-opening-philadelphia-the-revolutionary-city-announcement\/#breadcrumb\"},\"inLanguage\":\"fr-FR\",\"potentialAction\":[{\"@type\":\"ReadAction\",\"target\":[\"https:\/\/america2026.eu\/aps-exhibition-opening-philadelphia-the-revolutionary-city-announcement\/\"]}]},{\"@type\":\"ImageObject\",\"inLanguage\":\"fr-FR\",\"@id\":\"https:\/\/america2026.eu\/aps-exhibition-opening-philadelphia-the-revolutionary-city-announcement\/#primaryimage\",\"url\":\"https:\/\/america2026.eu\/wp-content\/uploads\/2025\/02\/APS_LogoRefresh_1300px_width_ForWeb-862x612-1.png\",\"contentUrl\":\"https:\/\/america2026.eu\/wp-content\/uploads\/2025\/02\/APS_LogoRefresh_1300px_width_ForWeb-862x612-1.png\",\"width\":862,\"height\":612},{\"@type\":\"BreadcrumbList\",\"@id\":\"https:\/\/america2026.eu\/aps-exhibition-opening-philadelphia-the-revolutionary-city-announcement\/#breadcrumb\",\"itemListElement\":[{\"@type\":\"ListItem\",\"position\":1,\"name\":\"Accueil\",\"item\":\"https:\/\/america2026.eu\/fr\/\"},{\"@type\":\"ListItem\",\"position\":2,\"name\":\"APS Exhibition Opening \u2013 &#8220;Philadelphia, The Revolutionary City&#8221; [Announcement]\"}]},{\"@type\":\"WebSite\",\"@id\":\"https:\/\/america2026.eu\/#website\",\"url\":\"https:\/\/america2026.eu\/\",\"name\":\"America 2026\",\"description\":\"\",\"publisher\":{\"@id\":\"https:\/\/america2026.eu\/#organization\"},\"potentialAction\":[{\"@type\":\"SearchAction\",\"target\":{\"@type\":\"EntryPoint\",\"urlTemplate\":\"https:\/\/america2026.eu\/?s={search_term_string}\"},\"query-input\":{\"@type\":\"PropertyValueSpecification\",\"valueRequired\":true,\"valueName\":\"search_term_string\"}}],\"inLanguage\":\"fr-FR\"},{\"@type\":\"Organization\",\"@id\":\"https:\/\/america2026.eu\/#organization\",\"name\":\"America 2026\",\"url\":\"https:\/\/america2026.eu\/\",\"logo\":{\"@type\":\"ImageObject\",\"inLanguage\":\"fr-FR\",\"@id\":\"https:\/\/america2026.eu\/#\/schema\/logo\/image\/\",\"url\":\"https:\/\/america2026.eu\/wp-content\/uploads\/2024\/10\/Untitled-3.png\",\"contentUrl\":\"https:\/\/america2026.eu\/wp-content\/uploads\/2024\/10\/Untitled-3.png\",\"width\":6579,\"height\":1454,\"caption\":\"America 2026\"},\"image\":{\"@id\":\"https:\/\/america2026.eu\/#\/schema\/logo\/image\/\"}},{\"@type\":\"Person\",\"@id\":\"https:\/\/america2026.eu\/#\/schema\/person\/08b0307583a6353f0213d2613d9954fb\",\"name\":\"Agn\u00e8s DELAHAYE\",\"image\":{\"@type\":\"ImageObject\",\"inLanguage\":\"fr-FR\",\"@id\":\"https:\/\/america2026.eu\/#\/schema\/person\/image\/\",\"url\":\"https:\/\/secure.gravatar.com\/avatar\/85cf3b0fd579da5be8ad50af6d0108ff90e2b73c4f0f8d797c38669db16bd77d?s=96&d=mm&r=g\",\"contentUrl\":\"https:\/\/secure.gravatar.com\/avatar\/85cf3b0fd579da5be8ad50af6d0108ff90e2b73c4f0f8d797c38669db16bd77d?s=96&d=mm&r=g\",\"caption\":\"Agn\u00e8s DELAHAYE\"}}]}<\/script>\n<!-- \/ Yoast SEO plugin. -->","yoast_head_json":{"title":"APS Exhibition Opening \u2013 \"Philadelphia, The Revolutionary City\" [Announcement] - America 2026","robots":{"index":"index","follow":"follow","max-snippet":"max-snippet:-1","max-image-preview":"max-image-preview:large","max-video-preview":"max-video-preview:-1"},"canonical":"https:\/\/america2026.eu\/aps-exhibition-opening-philadelphia-the-revolutionary-city-announcement\/","og_locale":"fr_FR","og_type":"article","og_title":"APS Exhibition Opening \u2013 \"Philadelphia, The Revolutionary City\" [Announcement] - America 2026","og_description":"Opening April 11, the 2025 exhibition at the American Philosophical Society investigates the lived experiences of Philadelphians during the extraordinary period leading up to, during, and after the Revolutionary War.","og_url":"https:\/\/america2026.eu\/aps-exhibition-opening-philadelphia-the-revolutionary-city-announcement\/","og_site_name":"America 2026","article_published_time":"2025-03-27T13:26:44+00:00","og_image":[{"width":862,"height":612,"url":"https:\/\/america2026.eu\/wp-content\/uploads\/2025\/02\/APS_LogoRefresh_1300px_width_ForWeb-862x612-1.png","type":"image\/png"}],"author":"Agn\u00e8s DELAHAYE","twitter_misc":{"\u00c9crit par":"Agn\u00e8s DELAHAYE","Dur\u00e9e de lecture estim\u00e9e":"1 minute"},"schema":{"@context":"https:\/\/schema.org","@graph":[{"@type":"Article","@id":"https:\/\/america2026.eu\/aps-exhibition-opening-philadelphia-the-revolutionary-city-announcement\/#article","isPartOf":{"@id":"https:\/\/america2026.eu\/aps-exhibition-opening-philadelphia-the-revolutionary-city-announcement\/"},"author":{"name":"Agn\u00e8s DELAHAYE","@id":"https:\/\/america2026.eu\/#\/schema\/person\/08b0307583a6353f0213d2613d9954fb"},"headline":"APS Exhibition Opening \u2013 \u00ab\u00a0Philadelphia, The Revolutionary City\u00a0\u00bb [Announcement]","datePublished":"2025-03-27T13:26:44+00:00","dateModified":"2025-03-27T13:26:44+00:00","mainEntityOfPage":{"@id":"https:\/\/america2026.eu\/aps-exhibition-opening-philadelphia-the-revolutionary-city-announcement\/"},"wordCount":176,"commentCount":0,"publisher":{"@id":"https:\/\/america2026.eu\/#organization"},"image":{"@id":"https:\/\/america2026.eu\/aps-exhibition-opening-philadelphia-the-revolutionary-city-announcement\/#primaryimage"},"thumbnailUrl":"https:\/\/america2026.eu\/wp-content\/uploads\/2025\/02\/APS_LogoRefresh_1300px_width_ForWeb-862x612-1.png","inLanguage":"fr-FR","potentialAction":[{"@type":"CommentAction","name":"Comment","target":["https:\/\/america2026.eu\/aps-exhibition-opening-philadelphia-the-revolutionary-city-announcement\/#respond"]}]},{"@type":"WebPage","@id":"https:\/\/america2026.eu\/aps-exhibition-opening-philadelphia-the-revolutionary-city-announcement\/","url":"https:\/\/america2026.eu\/aps-exhibition-opening-philadelphia-the-revolutionary-city-announcement\/","name":"APS Exhibition Opening \u2013 \"Philadelphia, The Revolutionary City\" [Announcement] - America 2026","isPartOf":{"@id":"https:\/\/america2026.eu\/#website"},"primaryImageOfPage":{"@id":"https:\/\/america2026.eu\/aps-exhibition-opening-philadelphia-the-revolutionary-city-announcement\/#primaryimage"},"image":{"@id":"https:\/\/america2026.eu\/aps-exhibition-opening-philadelphia-the-revolutionary-city-announcement\/#primaryimage"},"thumbnailUrl":"https:\/\/america2026.eu\/wp-content\/uploads\/2025\/02\/APS_LogoRefresh_1300px_width_ForWeb-862x612-1.png","datePublished":"2025-03-27T13:26:44+00:00","dateModified":"2025-03-27T13:26:44+00:00","breadcrumb":{"@id":"https:\/\/america2026.eu\/aps-exhibition-opening-philadelphia-the-revolutionary-city-announcement\/#breadcrumb"},"inLanguage":"fr-FR","potentialAction":[{"@type":"ReadAction","target":["https:\/\/america2026.eu\/aps-exhibition-opening-philadelphia-the-revolutionary-city-announcement\/"]}]},{"@type":"ImageObject","inLanguage":"fr-FR","@id":"https:\/\/america2026.eu\/aps-exhibition-opening-philadelphia-the-revolutionary-city-announcement\/#primaryimage","url":"https:\/\/america2026.eu\/wp-content\/uploads\/2025\/02\/APS_LogoRefresh_1300px_width_ForWeb-862x612-1.png","contentUrl":"https:\/\/america2026.eu\/wp-content\/uploads\/2025\/02\/APS_LogoRefresh_1300px_width_ForWeb-862x612-1.png","width":862,"height":612},{"@type":"BreadcrumbList","@id":"https:\/\/america2026.eu\/aps-exhibition-opening-philadelphia-the-revolutionary-city-announcement\/#breadcrumb","itemListElement":[{"@type":"ListItem","position":1,"name":"Accueil","item":"https:\/\/america2026.eu\/fr\/"},{"@type":"ListItem","position":2,"name":"APS Exhibition Opening \u2013 &#8220;Philadelphia, The Revolutionary City&#8221; [Announcement]"}]},{"@type":"WebSite","@id":"https:\/\/america2026.eu\/#website","url":"https:\/\/america2026.eu\/","name":"America 2026","description":"","publisher":{"@id":"https:\/\/america2026.eu\/#organization"},"potentialAction":[{"@type":"SearchAction","target":{"@type":"EntryPoint","urlTemplate":"https:\/\/america2026.eu\/?s={search_term_string}"},"query-input":{"@type":"PropertyValueSpecification","valueRequired":true,"valueName":"search_term_string"}}],"inLanguage":"fr-FR"},{"@type":"Organization","@id":"https:\/\/america2026.eu\/#organization","name":"America 2026","url":"https:\/\/america2026.eu\/","logo":{"@type":"ImageObject","inLanguage":"fr-FR","@id":"https:\/\/america2026.eu\/#\/schema\/logo\/image\/","url":"https:\/\/america2026.eu\/wp-content\/uploads\/2024\/10\/Untitled-3.png","contentUrl":"https:\/\/america2026.eu\/wp-content\/uploads\/2024\/10\/Untitled-3.png","width":6579,"height":1454,"caption":"America 2026"},"image":{"@id":"https:\/\/america2026.eu\/#\/schema\/logo\/image\/"}},{"@type":"Person","@id":"https:\/\/america2026.eu\/#\/schema\/person\/08b0307583a6353f0213d2613d9954fb","name":"Agn\u00e8s DELAHAYE","image":{"@type":"ImageObject","inLanguage":"fr-FR","@id":"https:\/\/america2026.eu\/#\/schema\/person\/image\/","url":"https:\/\/secure.gravatar.com\/avatar\/85cf3b0fd579da5be8ad50af6d0108ff90e2b73c4f0f8d797c38669db16bd77d?s=96&d=mm&r=g","contentUrl":"https:\/\/secure.gravatar.com\/avatar\/85cf3b0fd579da5be8ad50af6d0108ff90e2b73c4f0f8d797c38669db16bd77d?s=96&d=mm&r=g","caption":"Agn\u00e8s DELAHAYE"}}]}},"_links":{"self":[{"href":"https:\/\/america2026.eu\/fr\/wp-json\/wp\/v2\/posts\/2590","targetHints":{"allow":["GET"]}}],"collection":[{"href":"https:\/\/america2026.eu\/fr\/wp-json\/wp\/v2\/posts"}],"about":[{"href":"https:\/\/america2026.eu\/fr\/wp-json\/wp\/v2\/types\/post"}],"author":[{"embeddable":true,"href":"https:\/\/america2026.eu\/fr\/wp-json\/wp\/v2\/users\/2"}],"replies":[{"embeddable":true,"href":"https:\/\/america2026.eu\/fr\/wp-json\/wp\/v2\/comments?post=2590"}],"version-history":[{"count":0,"href":"https:\/\/america2026.eu\/fr\/wp-json\/wp\/v2\/posts\/2590\/revisions"}],"wp:featuredmedia":[{"embeddable":true,"href":"https:\/\/america2026.eu\/fr\/wp-json\/wp\/v2\/media\/2276"}],"wp:attachment":[{"href":"https:\/\/america2026.eu\/fr\/wp-json\/wp\/v2\/media?parent=2590"}],"wp:term":[{"taxonomy":"groupes","embeddable":true,"href":"https:\/\/america2026.eu\/fr\/wp-json\/wp\/v2\/groupes?post=2590"}],"curies":[{"name":"wp","href":"https:\/\/api.w.org\/{rel}","templated":true}]}}