{"id":2569,"date":"2025-02-12T14:51:30","date_gmt":"2025-02-12T14:51:30","guid":{"rendered":"https:\/\/america2026.eu\/cfp-ireland-and-the-american-revolution-250th-anniversary-perspectives\/"},"modified":"2025-04-28T09:46:16","modified_gmt":"2025-04-28T09:46:16","slug":"cfp-ireland-and-the-american-revolution-250th-anniversary-perspectives","status":"publish","type":"post","link":"https:\/\/america2026.eu\/fr\/cfp-ireland-and-the-american-revolution-250th-anniversary-perspectives\/","title":{"rendered":"CFP : Ireland and the American Revolution: 250th Anniversary Perspectives"},"content":{"rendered":"\n<p><strong>9-10 October 2025<br>The Trinity Long Room Hub Arts &amp; Humanities Research Institute, Trinity College Dublin<\/strong><\/p>\n\n\n\n<p>As we approach a series of 250th anniversaries relating to the period of the American Revolution we invite scholars to submit papers for our forthcoming conference: \u2018Ireland and the American Revolution\u2019. Taking place in the Trinity Long Room Hub at Trinity College Dublin on the 9-10 October 2025, the conference will be a forum for historians, scholars, and educators to explore the role of Ireland and its people in this transformative period. The aim of the event is to delve into the connections, contributions, and impacts of Ireland on the revolutionary era, highlighting Irish influence, and its enduring legacy, on the formation of the United States.<\/p>\n\n\n\n<p>The conference will bring historians of Ireland and America together to discuss both the fruitful comparisons that can be drawn between Ireland, America, and the wider Atlantic world in the late eighteenth century and the limits of these comparisons. Comparative accounts of the Imperial Crisis and the American Revolution have revealed striking similarities and significant differences in the circumstances that communities and peoples were faced with in each context. This conference will offer scholars the opportunity to shed new light on these similarities and differences, and in doing so spark dialogue along a number of different lines.<\/p>\n\n\n\n<p>Professor Eliga Gould (New Hampshire) will be giving the keynote address, and other confirmed participants include Professor Nicholas Canny (Galway), Professor Patrick Geoghegan (Trinity College Dublin), Professor Patrick Griffin (Notre Dame), and Dr James Stafford (Columbia).<\/p>\n\n\n\n<p>We invite proposals for papers on all aspects of Ireland and the American Revolution, but particularly on the following themes:<\/p>\n\n\n\n<p>&#8211; The Imperial Crisis, 1756-1775: shared roots of rebellion and revolution<br>&#8211; Ireland, the Caribbean, and slavery in the Atlantic world during and after the American War of Independence<br>&#8211; Indigenous responses and local reactions to the American Revolution in Ireland and North America<br>&#8211; The press and the news: the flow of news and revolutionary ideas between Ireland, America, and the wider Atlantic world<br>&#8211; Loyalism in Ireland and America<br>&#8211; The Catholic Church and eighteenth-century revolutions<br>&#8211; Irish immigration and the American Revolution<br>&#8211; Representative institutions in Ireland, the American colonies, and the Early Republic: comparative studies of political institutions, cultures, and elite and popular politics<\/p>\n\n\n\n<p>Please submit an abstract of 250 words and a brief bio by the 1 May 2025. Join us in uncovering the rich and multifaceted history of Ireland and the American Revolution. For submissions and inquiries, contact us at irelandandamerica250@gmail.com.<\/p>\n\n\n\n<p><br>The conference is chaired by Dr Joel Herman (Virtual Record Treasury of Ireland, Trinity College Dublin) and Dr Tim Murtagh (Virtual Record Treasury of Ireland, Trinity College Dublin\/Public Record Office of Northern Ireland), and supported by Dr Patrick Walsh (Trinity College Dublin) and Dr Jonathan Wright (Maynooth University).<\/p>\n","protected":false},"excerpt":{"rendered":"CFP : Ireland and the American Revolution: 250th Anniversary Perspectives (The Trinity Long Room Hub Arts &#038; Humanities Research Institute, Trinity College Dublin)","protected":false},"author":2,"featured_media":2289,"comment_status":"open","ping_status":"open","sticky":false,"template":"","format":"standard","meta":{"_acf_changed":false,"footnotes":""},"groupes":[65],"class_list":["post-2569","post","type-post","status-publish","format-standard","has-post-thumbnail","hentry","groupes-opportunites-de-recherche"],"acf":[],"yoast_head":"<!-- This site is optimized with the Yoast SEO plugin v24.3 - https:\/\/yoast.com\/wordpress\/plugins\/seo\/ -->\n<title>CFP : Ireland and the American Revolution: 250th Anniversary Perspectives - America 2026<\/title>\n<meta name=\"robots\" content=\"index, follow, max-snippet:-1, max-image-preview:large, max-video-preview:-1\" \/>\n<link rel=\"canonical\" href=\"https:\/\/america2026.eu\/cfp-ireland-and-the-american-revolution-250th-anniversary-perspectives\/\" \/>\n<meta property=\"og:locale\" content=\"fr_FR\" \/>\n<meta property=\"og:type\" content=\"article\" \/>\n<meta property=\"og:title\" content=\"CFP : Ireland and the American Revolution: 250th Anniversary Perspectives - America 2026\" \/>\n<meta property=\"og:description\" content=\"CFP : Ireland and the American Revolution: 250th Anniversary Perspectives (The Trinity Long Room Hub Arts &amp; Humanities Research Institute, Trinity College Dublin)\" \/>\n<meta property=\"og:url\" content=\"https:\/\/america2026.eu\/cfp-ireland-and-the-american-revolution-250th-anniversary-perspectives\/\" \/>\n<meta property=\"og:site_name\" content=\"America 2026\" \/>\n<meta property=\"article:published_time\" content=\"2025-02-12T14:51:30+00:00\" \/>\n<meta property=\"article:modified_time\" content=\"2025-04-28T09:46:16+00:00\" \/>\n<meta property=\"og:image\" content=\"https:\/\/america2026.eu\/wp-content\/uploads\/2025\/02\/Capture-decran-2025-02-12-a-15.50.13-1.png\" \/>\n\t<meta property=\"og:image:width\" content=\"1232\" \/>\n\t<meta property=\"og:image:height\" content=\"688\" \/>\n\t<meta property=\"og:image:type\" content=\"image\/png\" \/>\n<meta name=\"author\" content=\"Agn\u00e8s DELAHAYE\" \/>\n<meta name=\"twitter:label1\" content=\"\u00c9crit par\" \/>\n\t<meta name=\"twitter:data1\" content=\"Agn\u00e8s DELAHAYE\" \/>\n\t<meta name=\"twitter:label2\" content=\"Dur\u00e9e de lecture estim\u00e9e\" \/>\n\t<meta name=\"twitter:data2\" content=\"3 minutes\" \/>\n<script type=\"application\/ld+json\" class=\"yoast-schema-graph\">{\"@context\":\"https:\/\/schema.org\",\"@graph\":[{\"@type\":\"Article\",\"@id\":\"https:\/\/america2026.eu\/cfp-ireland-and-the-american-revolution-250th-anniversary-perspectives\/#article\",\"isPartOf\":{\"@id\":\"https:\/\/america2026.eu\/cfp-ireland-and-the-american-revolution-250th-anniversary-perspectives\/\"},\"author\":{\"name\":\"Agn\u00e8s DELAHAYE\",\"@id\":\"https:\/\/america2026.eu\/#\/schema\/person\/08b0307583a6353f0213d2613d9954fb\"},\"headline\":\"CFP : Ireland and the American Revolution: 250th Anniversary Perspectives\",\"datePublished\":\"2025-02-12T14:51:30+00:00\",\"dateModified\":\"2025-04-28T09:46:16+00:00\",\"mainEntityOfPage\":{\"@id\":\"https:\/\/america2026.eu\/cfp-ireland-and-the-american-revolution-250th-anniversary-perspectives\/\"},\"wordCount\":470,\"commentCount\":0,\"publisher\":{\"@id\":\"https:\/\/america2026.eu\/#organization\"},\"image\":{\"@id\":\"https:\/\/america2026.eu\/cfp-ireland-and-the-american-revolution-250th-anniversary-perspectives\/#primaryimage\"},\"thumbnailUrl\":\"https:\/\/america2026.eu\/wp-content\/uploads\/2025\/02\/Capture-decran-2025-02-12-a-15.50.13-1.png\",\"inLanguage\":\"fr-FR\",\"potentialAction\":[{\"@type\":\"CommentAction\",\"name\":\"Comment\",\"target\":[\"https:\/\/america2026.eu\/cfp-ireland-and-the-american-revolution-250th-anniversary-perspectives\/#respond\"]}]},{\"@type\":\"WebPage\",\"@id\":\"https:\/\/america2026.eu\/cfp-ireland-and-the-american-revolution-250th-anniversary-perspectives\/\",\"url\":\"https:\/\/america2026.eu\/cfp-ireland-and-the-american-revolution-250th-anniversary-perspectives\/\",\"name\":\"CFP : Ireland and the American Revolution: 250th Anniversary Perspectives - America 2026\",\"isPartOf\":{\"@id\":\"https:\/\/america2026.eu\/#website\"},\"primaryImageOfPage\":{\"@id\":\"https:\/\/america2026.eu\/cfp-ireland-and-the-american-revolution-250th-anniversary-perspectives\/#primaryimage\"},\"image\":{\"@id\":\"https:\/\/america2026.eu\/cfp-ireland-and-the-american-revolution-250th-anniversary-perspectives\/#primaryimage\"},\"thumbnailUrl\":\"https:\/\/america2026.eu\/wp-content\/uploads\/2025\/02\/Capture-decran-2025-02-12-a-15.50.13-1.png\",\"datePublished\":\"2025-02-12T14:51:30+00:00\",\"dateModified\":\"2025-04-28T09:46:16+00:00\",\"breadcrumb\":{\"@id\":\"https:\/\/america2026.eu\/cfp-ireland-and-the-american-revolution-250th-anniversary-perspectives\/#breadcrumb\"},\"inLanguage\":\"fr-FR\",\"potentialAction\":[{\"@type\":\"ReadAction\",\"target\":[\"https:\/\/america2026.eu\/cfp-ireland-and-the-american-revolution-250th-anniversary-perspectives\/\"]}]},{\"@type\":\"ImageObject\",\"inLanguage\":\"fr-FR\",\"@id\":\"https:\/\/america2026.eu\/cfp-ireland-and-the-american-revolution-250th-anniversary-perspectives\/#primaryimage\",\"url\":\"https:\/\/america2026.eu\/wp-content\/uploads\/2025\/02\/Capture-decran-2025-02-12-a-15.50.13-1.png\",\"contentUrl\":\"https:\/\/america2026.eu\/wp-content\/uploads\/2025\/02\/Capture-decran-2025-02-12-a-15.50.13-1.png\",\"width\":1232,\"height\":688},{\"@type\":\"BreadcrumbList\",\"@id\":\"https:\/\/america2026.eu\/cfp-ireland-and-the-american-revolution-250th-anniversary-perspectives\/#breadcrumb\",\"itemListElement\":[{\"@type\":\"ListItem\",\"position\":1,\"name\":\"Accueil\",\"item\":\"https:\/\/america2026.eu\/fr\/\"},{\"@type\":\"ListItem\",\"position\":2,\"name\":\"CFP : Ireland and the American Revolution: 250th Anniversary Perspectives\"}]},{\"@type\":\"WebSite\",\"@id\":\"https:\/\/america2026.eu\/#website\",\"url\":\"https:\/\/america2026.eu\/\",\"name\":\"America 2026\",\"description\":\"\",\"publisher\":{\"@id\":\"https:\/\/america2026.eu\/#organization\"},\"potentialAction\":[{\"@type\":\"SearchAction\",\"target\":{\"@type\":\"EntryPoint\",\"urlTemplate\":\"https:\/\/america2026.eu\/?s={search_term_string}\"},\"query-input\":{\"@type\":\"PropertyValueSpecification\",\"valueRequired\":true,\"valueName\":\"search_term_string\"}}],\"inLanguage\":\"fr-FR\"},{\"@type\":\"Organization\",\"@id\":\"https:\/\/america2026.eu\/#organization\",\"name\":\"America 2026\",\"url\":\"https:\/\/america2026.eu\/\",\"logo\":{\"@type\":\"ImageObject\",\"inLanguage\":\"fr-FR\",\"@id\":\"https:\/\/america2026.eu\/#\/schema\/logo\/image\/\",\"url\":\"https:\/\/america2026.eu\/wp-content\/uploads\/2024\/10\/Untitled-3.png\",\"contentUrl\":\"https:\/\/america2026.eu\/wp-content\/uploads\/2024\/10\/Untitled-3.png\",\"width\":6579,\"height\":1454,\"caption\":\"America 2026\"},\"image\":{\"@id\":\"https:\/\/america2026.eu\/#\/schema\/logo\/image\/\"}},{\"@type\":\"Person\",\"@id\":\"https:\/\/america2026.eu\/#\/schema\/person\/08b0307583a6353f0213d2613d9954fb\",\"name\":\"Agn\u00e8s DELAHAYE\",\"image\":{\"@type\":\"ImageObject\",\"inLanguage\":\"fr-FR\",\"@id\":\"https:\/\/america2026.eu\/#\/schema\/person\/image\/\",\"url\":\"https:\/\/secure.gravatar.com\/avatar\/85cf3b0fd579da5be8ad50af6d0108ff90e2b73c4f0f8d797c38669db16bd77d?s=96&d=mm&r=g\",\"contentUrl\":\"https:\/\/secure.gravatar.com\/avatar\/85cf3b0fd579da5be8ad50af6d0108ff90e2b73c4f0f8d797c38669db16bd77d?s=96&d=mm&r=g\",\"caption\":\"Agn\u00e8s DELAHAYE\"}}]}<\/script>\n<!-- \/ Yoast SEO plugin. -->","yoast_head_json":{"title":"CFP : Ireland and the American Revolution: 250th Anniversary Perspectives - America 2026","robots":{"index":"index","follow":"follow","max-snippet":"max-snippet:-1","max-image-preview":"max-image-preview:large","max-video-preview":"max-video-preview:-1"},"canonical":"https:\/\/america2026.eu\/cfp-ireland-and-the-american-revolution-250th-anniversary-perspectives\/","og_locale":"fr_FR","og_type":"article","og_title":"CFP : Ireland and the American Revolution: 250th Anniversary Perspectives - America 2026","og_description":"CFP : Ireland and the American Revolution: 250th Anniversary Perspectives (The Trinity Long Room Hub Arts & Humanities Research Institute, Trinity College Dublin)","og_url":"https:\/\/america2026.eu\/cfp-ireland-and-the-american-revolution-250th-anniversary-perspectives\/","og_site_name":"America 2026","article_published_time":"2025-02-12T14:51:30+00:00","article_modified_time":"2025-04-28T09:46:16+00:00","og_image":[{"width":1232,"height":688,"url":"https:\/\/america2026.eu\/wp-content\/uploads\/2025\/02\/Capture-decran-2025-02-12-a-15.50.13-1.png","type":"image\/png"}],"author":"Agn\u00e8s DELAHAYE","twitter_misc":{"\u00c9crit par":"Agn\u00e8s DELAHAYE","Dur\u00e9e de lecture estim\u00e9e":"3 minutes"},"schema":{"@context":"https:\/\/schema.org","@graph":[{"@type":"Article","@id":"https:\/\/america2026.eu\/cfp-ireland-and-the-american-revolution-250th-anniversary-perspectives\/#article","isPartOf":{"@id":"https:\/\/america2026.eu\/cfp-ireland-and-the-american-revolution-250th-anniversary-perspectives\/"},"author":{"name":"Agn\u00e8s DELAHAYE","@id":"https:\/\/america2026.eu\/#\/schema\/person\/08b0307583a6353f0213d2613d9954fb"},"headline":"CFP : Ireland and the American Revolution: 250th Anniversary Perspectives","datePublished":"2025-02-12T14:51:30+00:00","dateModified":"2025-04-28T09:46:16+00:00","mainEntityOfPage":{"@id":"https:\/\/america2026.eu\/cfp-ireland-and-the-american-revolution-250th-anniversary-perspectives\/"},"wordCount":470,"commentCount":0,"publisher":{"@id":"https:\/\/america2026.eu\/#organization"},"image":{"@id":"https:\/\/america2026.eu\/cfp-ireland-and-the-american-revolution-250th-anniversary-perspectives\/#primaryimage"},"thumbnailUrl":"https:\/\/america2026.eu\/wp-content\/uploads\/2025\/02\/Capture-decran-2025-02-12-a-15.50.13-1.png","inLanguage":"fr-FR","potentialAction":[{"@type":"CommentAction","name":"Comment","target":["https:\/\/america2026.eu\/cfp-ireland-and-the-american-revolution-250th-anniversary-perspectives\/#respond"]}]},{"@type":"WebPage","@id":"https:\/\/america2026.eu\/cfp-ireland-and-the-american-revolution-250th-anniversary-perspectives\/","url":"https:\/\/america2026.eu\/cfp-ireland-and-the-american-revolution-250th-anniversary-perspectives\/","name":"CFP : Ireland and the American Revolution: 250th Anniversary Perspectives - America 2026","isPartOf":{"@id":"https:\/\/america2026.eu\/#website"},"primaryImageOfPage":{"@id":"https:\/\/america2026.eu\/cfp-ireland-and-the-american-revolution-250th-anniversary-perspectives\/#primaryimage"},"image":{"@id":"https:\/\/america2026.eu\/cfp-ireland-and-the-american-revolution-250th-anniversary-perspectives\/#primaryimage"},"thumbnailUrl":"https:\/\/america2026.eu\/wp-content\/uploads\/2025\/02\/Capture-decran-2025-02-12-a-15.50.13-1.png","datePublished":"2025-02-12T14:51:30+00:00","dateModified":"2025-04-28T09:46:16+00:00","breadcrumb":{"@id":"https:\/\/america2026.eu\/cfp-ireland-and-the-american-revolution-250th-anniversary-perspectives\/#breadcrumb"},"inLanguage":"fr-FR","potentialAction":[{"@type":"ReadAction","target":["https:\/\/america2026.eu\/cfp-ireland-and-the-american-revolution-250th-anniversary-perspectives\/"]}]},{"@type":"ImageObject","inLanguage":"fr-FR","@id":"https:\/\/america2026.eu\/cfp-ireland-and-the-american-revolution-250th-anniversary-perspectives\/#primaryimage","url":"https:\/\/america2026.eu\/wp-content\/uploads\/2025\/02\/Capture-decran-2025-02-12-a-15.50.13-1.png","contentUrl":"https:\/\/america2026.eu\/wp-content\/uploads\/2025\/02\/Capture-decran-2025-02-12-a-15.50.13-1.png","width":1232,"height":688},{"@type":"BreadcrumbList","@id":"https:\/\/america2026.eu\/cfp-ireland-and-the-american-revolution-250th-anniversary-perspectives\/#breadcrumb","itemListElement":[{"@type":"ListItem","position":1,"name":"Accueil","item":"https:\/\/america2026.eu\/fr\/"},{"@type":"ListItem","position":2,"name":"CFP : Ireland and the American Revolution: 250th Anniversary Perspectives"}]},{"@type":"WebSite","@id":"https:\/\/america2026.eu\/#website","url":"https:\/\/america2026.eu\/","name":"America 2026","description":"","publisher":{"@id":"https:\/\/america2026.eu\/#organization"},"potentialAction":[{"@type":"SearchAction","target":{"@type":"EntryPoint","urlTemplate":"https:\/\/america2026.eu\/?s={search_term_string}"},"query-input":{"@type":"PropertyValueSpecification","valueRequired":true,"valueName":"search_term_string"}}],"inLanguage":"fr-FR"},{"@type":"Organization","@id":"https:\/\/america2026.eu\/#organization","name":"America 2026","url":"https:\/\/america2026.eu\/","logo":{"@type":"ImageObject","inLanguage":"fr-FR","@id":"https:\/\/america2026.eu\/#\/schema\/logo\/image\/","url":"https:\/\/america2026.eu\/wp-content\/uploads\/2024\/10\/Untitled-3.png","contentUrl":"https:\/\/america2026.eu\/wp-content\/uploads\/2024\/10\/Untitled-3.png","width":6579,"height":1454,"caption":"America 2026"},"image":{"@id":"https:\/\/america2026.eu\/#\/schema\/logo\/image\/"}},{"@type":"Person","@id":"https:\/\/america2026.eu\/#\/schema\/person\/08b0307583a6353f0213d2613d9954fb","name":"Agn\u00e8s DELAHAYE","image":{"@type":"ImageObject","inLanguage":"fr-FR","@id":"https:\/\/america2026.eu\/#\/schema\/person\/image\/","url":"https:\/\/secure.gravatar.com\/avatar\/85cf3b0fd579da5be8ad50af6d0108ff90e2b73c4f0f8d797c38669db16bd77d?s=96&d=mm&r=g","contentUrl":"https:\/\/secure.gravatar.com\/avatar\/85cf3b0fd579da5be8ad50af6d0108ff90e2b73c4f0f8d797c38669db16bd77d?s=96&d=mm&r=g","caption":"Agn\u00e8s DELAHAYE"}}]}},"_links":{"self":[{"href":"https:\/\/america2026.eu\/fr\/wp-json\/wp\/v2\/posts\/2569","targetHints":{"allow":["GET"]}}],"collection":[{"href":"https:\/\/america2026.eu\/fr\/wp-json\/wp\/v2\/posts"}],"about":[{"href":"https:\/\/america2026.eu\/fr\/wp-json\/wp\/v2\/types\/post"}],"author":[{"embeddable":true,"href":"https:\/\/america2026.eu\/fr\/wp-json\/wp\/v2\/users\/2"}],"replies":[{"embeddable":true,"href":"https:\/\/america2026.eu\/fr\/wp-json\/wp\/v2\/comments?post=2569"}],"version-history":[{"count":1,"href":"https:\/\/america2026.eu\/fr\/wp-json\/wp\/v2\/posts\/2569\/revisions"}],"predecessor-version":[{"id":2570,"href":"https:\/\/america2026.eu\/fr\/wp-json\/wp\/v2\/posts\/2569\/revisions\/2570"}],"wp:featuredmedia":[{"embeddable":true,"href":"https:\/\/america2026.eu\/fr\/wp-json\/wp\/v2\/media\/2289"}],"wp:attachment":[{"href":"https:\/\/america2026.eu\/fr\/wp-json\/wp\/v2\/media?parent=2569"}],"wp:term":[{"taxonomy":"groupes","embeddable":true,"href":"https:\/\/america2026.eu\/fr\/wp-json\/wp\/v2\/groupes?post=2569"}],"curies":[{"name":"wp","href":"https:\/\/api.w.org\/{rel}","templated":true}]}}