{"id":2555,"date":"2025-01-29T18:34:43","date_gmt":"2025-01-29T18:34:43","guid":{"rendered":"https:\/\/america2026.eu\/remembering-the-american-revolution-250-a-new-essay-and-a-revised-editorial\/"},"modified":"2025-04-28T09:40:01","modified_gmt":"2025-04-28T09:40:01","slug":"remembering-the-american-revolution-250-a-new-essay-and-a-revised-editorial","status":"publish","type":"post","link":"https:\/\/america2026.eu\/fr\/remembering-the-american-revolution-250-a-new-essay-and-a-revised-editorial\/","title":{"rendered":"Remembering the American Revolution @250: a new essay and a revised editorial"},"content":{"rendered":"\n<p><a href=\"https:\/\/networks.h-net.org\/group\/announcements\/20053947\/remembering-american-revolution-250-new-essay-and-revised-editorial\" data-type=\"link\" data-id=\"https:\/\/networks.h-net.org\/group\/announcements\/20053947\/remembering-american-revolution-250-new-essay-and-revised-editorial\"><strong>Link here.<\/strong><\/a><\/p>\n\n\n\n<p>Visit Volume 1 of&nbsp;<a href=\"https:\/\/journals.h-net.org\/America250\/issue\/view\/America250_v1_2024\/\"><em>Remembering the American Revolution @250<\/em><\/a>, an&nbsp;H-Net&nbsp;Journal, to read \u00ab\u00a0Accommodated in the Gallery: Unfreedom in the Early History of Boston&rsquo;s Old North Church\u00a0\u00bb by Jaimie Crumley, Catherine Matthews, and Emily Spence, as well as an updated editorial by lead editor Abby Chandler. &nbsp;Essays will be published on a rolling basis; stay tuned for a companion piece, by the same authors, on historical interpretation at Old North Church and for a forthcoming essay by Patrick O&rsquo;Brien on the historiography of Loyalism.<\/p>\n\n\n\n<p>Please join us for these essays and consider submitting a proposal for your own addition to the<em>Remembering the American Revolution at 250<\/em>&nbsp;collection. &nbsp;Here is a link to the most recent call for papers, which is still open:&nbsp;<a href=\"https:\/\/networks.h-net.org\/group\/announcements\/20041614\/cfp-remembering-american-revolution-250-current-deadline-proposals\">https:\/\/networks.h-net.org\/group\/announcements\/20041614\/cfp-remembering-american-revolution-250-current-deadline-proposals<\/a><\/p>\n\n\n\n<p>Abby Chandler, Niels Eichhorn, Patrick Luck, and Darcy R. Fryer<\/p>\n","protected":false},"excerpt":{"rendered":"Link here. Visit Volume 1 of&nbsp;Remembering the American Revolution @250, an&nbsp;H-Net&nbsp;Journal, to read \u00ab\u00a0Accommodated in the Gallery: Unfreedom in the Early History of Boston&rsquo;s Old North Church\u00a0\u00bb by Jaimie Crumley, Catherine Matthews, and Emily Spence, as well as an updated&#8230;","protected":false},"author":2,"featured_media":884,"comment_status":"open","ping_status":"open","sticky":false,"template":"","format":"standard","meta":{"_acf_changed":false,"footnotes":""},"groupes":[42],"class_list":["post-2555","post","type-post","status-publish","format-standard","has-post-thumbnail","hentry","groupes-au-dela-damerica-2026"],"acf":[],"yoast_head":"<!-- This site is optimized with the Yoast SEO plugin v24.3 - https:\/\/yoast.com\/wordpress\/plugins\/seo\/ -->\n<title>Remembering the American Revolution @250: a new essay and a revised editorial - America 2026<\/title>\n<meta name=\"robots\" content=\"index, follow, max-snippet:-1, max-image-preview:large, max-video-preview:-1\" \/>\n<link rel=\"canonical\" href=\"https:\/\/america2026.eu\/remembering-the-american-revolution-250-a-new-essay-and-a-revised-editorial\/\" \/>\n<meta property=\"og:locale\" content=\"fr_FR\" \/>\n<meta property=\"og:type\" content=\"article\" \/>\n<meta property=\"og:title\" content=\"Remembering the American Revolution @250: a new essay and a revised editorial - America 2026\" \/>\n<meta property=\"og:description\" content=\"Link here. Visit Volume 1 of&nbsp;Remembering the American Revolution @250, an&nbsp;H-Net&nbsp;Journal, to read \u00ab\u00a0Accommodated in the Gallery: Unfreedom in the Early History of Boston&rsquo;s Old North Church\u00a0\u00bb by Jaimie Crumley, Catherine Matthews, and Emily Spence, as well as an updated...\" \/>\n<meta property=\"og:url\" content=\"https:\/\/america2026.eu\/remembering-the-american-revolution-250-a-new-essay-and-a-revised-editorial\/\" \/>\n<meta property=\"og:site_name\" content=\"America 2026\" \/>\n<meta property=\"article:published_time\" content=\"2025-01-29T18:34:43+00:00\" \/>\n<meta property=\"article:modified_time\" content=\"2025-04-28T09:40:01+00:00\" \/>\n<meta property=\"og:image\" content=\"https:\/\/america2026.eu\/wp-content\/uploads\/2024\/10\/Representations-and-Uses-of-the-American.-4.png\" \/>\n\t<meta property=\"og:image:width\" content=\"301\" \/>\n\t<meta property=\"og:image:height\" content=\"332\" \/>\n\t<meta property=\"og:image:type\" content=\"image\/png\" \/>\n<meta name=\"author\" content=\"Agn\u00e8s DELAHAYE\" \/>\n<meta name=\"twitter:label1\" content=\"\u00c9crit par\" \/>\n\t<meta name=\"twitter:data1\" content=\"Agn\u00e8s DELAHAYE\" \/>\n\t<meta name=\"twitter:label2\" content=\"Dur\u00e9e de lecture estim\u00e9e\" \/>\n\t<meta name=\"twitter:data2\" content=\"1 minute\" \/>\n<script type=\"application\/ld+json\" class=\"yoast-schema-graph\">{\"@context\":\"https:\/\/schema.org\",\"@graph\":[{\"@type\":\"Article\",\"@id\":\"https:\/\/america2026.eu\/remembering-the-american-revolution-250-a-new-essay-and-a-revised-editorial\/#article\",\"isPartOf\":{\"@id\":\"https:\/\/america2026.eu\/remembering-the-american-revolution-250-a-new-essay-and-a-revised-editorial\/\"},\"author\":{\"name\":\"Agn\u00e8s DELAHAYE\",\"@id\":\"https:\/\/america2026.eu\/#\/schema\/person\/08b0307583a6353f0213d2613d9954fb\"},\"headline\":\"Remembering the American Revolution @250: a new essay and a revised editorial\",\"datePublished\":\"2025-01-29T18:34:43+00:00\",\"dateModified\":\"2025-04-28T09:40:01+00:00\",\"mainEntityOfPage\":{\"@id\":\"https:\/\/america2026.eu\/remembering-the-american-revolution-250-a-new-essay-and-a-revised-editorial\/\"},\"wordCount\":160,\"commentCount\":0,\"publisher\":{\"@id\":\"https:\/\/america2026.eu\/#organization\"},\"image\":{\"@id\":\"https:\/\/america2026.eu\/remembering-the-american-revolution-250-a-new-essay-and-a-revised-editorial\/#primaryimage\"},\"thumbnailUrl\":\"https:\/\/america2026.eu\/wp-content\/uploads\/2024\/10\/Representations-and-Uses-of-the-American.-4.png\",\"inLanguage\":\"fr-FR\",\"potentialAction\":[{\"@type\":\"CommentAction\",\"name\":\"Comment\",\"target\":[\"https:\/\/america2026.eu\/remembering-the-american-revolution-250-a-new-essay-and-a-revised-editorial\/#respond\"]}]},{\"@type\":\"WebPage\",\"@id\":\"https:\/\/america2026.eu\/remembering-the-american-revolution-250-a-new-essay-and-a-revised-editorial\/\",\"url\":\"https:\/\/america2026.eu\/remembering-the-american-revolution-250-a-new-essay-and-a-revised-editorial\/\",\"name\":\"Remembering the American Revolution @250: a new essay and a revised editorial - America 2026\",\"isPartOf\":{\"@id\":\"https:\/\/america2026.eu\/#website\"},\"primaryImageOfPage\":{\"@id\":\"https:\/\/america2026.eu\/remembering-the-american-revolution-250-a-new-essay-and-a-revised-editorial\/#primaryimage\"},\"image\":{\"@id\":\"https:\/\/america2026.eu\/remembering-the-american-revolution-250-a-new-essay-and-a-revised-editorial\/#primaryimage\"},\"thumbnailUrl\":\"https:\/\/america2026.eu\/wp-content\/uploads\/2024\/10\/Representations-and-Uses-of-the-American.-4.png\",\"datePublished\":\"2025-01-29T18:34:43+00:00\",\"dateModified\":\"2025-04-28T09:40:01+00:00\",\"breadcrumb\":{\"@id\":\"https:\/\/america2026.eu\/remembering-the-american-revolution-250-a-new-essay-and-a-revised-editorial\/#breadcrumb\"},\"inLanguage\":\"fr-FR\",\"potentialAction\":[{\"@type\":\"ReadAction\",\"target\":[\"https:\/\/america2026.eu\/remembering-the-american-revolution-250-a-new-essay-and-a-revised-editorial\/\"]}]},{\"@type\":\"ImageObject\",\"inLanguage\":\"fr-FR\",\"@id\":\"https:\/\/america2026.eu\/remembering-the-american-revolution-250-a-new-essay-and-a-revised-editorial\/#primaryimage\",\"url\":\"https:\/\/america2026.eu\/wp-content\/uploads\/2024\/10\/Representations-and-Uses-of-the-American.-4.png\",\"contentUrl\":\"https:\/\/america2026.eu\/wp-content\/uploads\/2024\/10\/Representations-and-Uses-of-the-American.-4.png\",\"width\":301,\"height\":332},{\"@type\":\"BreadcrumbList\",\"@id\":\"https:\/\/america2026.eu\/remembering-the-american-revolution-250-a-new-essay-and-a-revised-editorial\/#breadcrumb\",\"itemListElement\":[{\"@type\":\"ListItem\",\"position\":1,\"name\":\"Accueil\",\"item\":\"https:\/\/america2026.eu\/fr\/\"},{\"@type\":\"ListItem\",\"position\":2,\"name\":\"Remembering the American Revolution @250: a new essay and a revised editorial\"}]},{\"@type\":\"WebSite\",\"@id\":\"https:\/\/america2026.eu\/#website\",\"url\":\"https:\/\/america2026.eu\/\",\"name\":\"America 2026\",\"description\":\"\",\"publisher\":{\"@id\":\"https:\/\/america2026.eu\/#organization\"},\"potentialAction\":[{\"@type\":\"SearchAction\",\"target\":{\"@type\":\"EntryPoint\",\"urlTemplate\":\"https:\/\/america2026.eu\/?s={search_term_string}\"},\"query-input\":{\"@type\":\"PropertyValueSpecification\",\"valueRequired\":true,\"valueName\":\"search_term_string\"}}],\"inLanguage\":\"fr-FR\"},{\"@type\":\"Organization\",\"@id\":\"https:\/\/america2026.eu\/#organization\",\"name\":\"America 2026\",\"url\":\"https:\/\/america2026.eu\/\",\"logo\":{\"@type\":\"ImageObject\",\"inLanguage\":\"fr-FR\",\"@id\":\"https:\/\/america2026.eu\/#\/schema\/logo\/image\/\",\"url\":\"https:\/\/america2026.eu\/wp-content\/uploads\/2024\/10\/Untitled-3.png\",\"contentUrl\":\"https:\/\/america2026.eu\/wp-content\/uploads\/2024\/10\/Untitled-3.png\",\"width\":6579,\"height\":1454,\"caption\":\"America 2026\"},\"image\":{\"@id\":\"https:\/\/america2026.eu\/#\/schema\/logo\/image\/\"}},{\"@type\":\"Person\",\"@id\":\"https:\/\/america2026.eu\/#\/schema\/person\/08b0307583a6353f0213d2613d9954fb\",\"name\":\"Agn\u00e8s DELAHAYE\",\"image\":{\"@type\":\"ImageObject\",\"inLanguage\":\"fr-FR\",\"@id\":\"https:\/\/america2026.eu\/#\/schema\/person\/image\/\",\"url\":\"https:\/\/secure.gravatar.com\/avatar\/85cf3b0fd579da5be8ad50af6d0108ff90e2b73c4f0f8d797c38669db16bd77d?s=96&d=mm&r=g\",\"contentUrl\":\"https:\/\/secure.gravatar.com\/avatar\/85cf3b0fd579da5be8ad50af6d0108ff90e2b73c4f0f8d797c38669db16bd77d?s=96&d=mm&r=g\",\"caption\":\"Agn\u00e8s DELAHAYE\"}}]}<\/script>\n<!-- \/ Yoast SEO plugin. -->","yoast_head_json":{"title":"Remembering the American Revolution @250: a new essay and a revised editorial - America 2026","robots":{"index":"index","follow":"follow","max-snippet":"max-snippet:-1","max-image-preview":"max-image-preview:large","max-video-preview":"max-video-preview:-1"},"canonical":"https:\/\/america2026.eu\/remembering-the-american-revolution-250-a-new-essay-and-a-revised-editorial\/","og_locale":"fr_FR","og_type":"article","og_title":"Remembering the American Revolution @250: a new essay and a revised editorial - America 2026","og_description":"Link here. Visit Volume 1 of&nbsp;Remembering the American Revolution @250, an&nbsp;H-Net&nbsp;Journal, to read \u00ab\u00a0Accommodated in the Gallery: Unfreedom in the Early History of Boston&rsquo;s Old North Church\u00a0\u00bb by Jaimie Crumley, Catherine Matthews, and Emily Spence, as well as an updated...","og_url":"https:\/\/america2026.eu\/remembering-the-american-revolution-250-a-new-essay-and-a-revised-editorial\/","og_site_name":"America 2026","article_published_time":"2025-01-29T18:34:43+00:00","article_modified_time":"2025-04-28T09:40:01+00:00","og_image":[{"width":301,"height":332,"url":"https:\/\/america2026.eu\/wp-content\/uploads\/2024\/10\/Representations-and-Uses-of-the-American.-4.png","type":"image\/png"}],"author":"Agn\u00e8s DELAHAYE","twitter_misc":{"\u00c9crit par":"Agn\u00e8s DELAHAYE","Dur\u00e9e de lecture estim\u00e9e":"1 minute"},"schema":{"@context":"https:\/\/schema.org","@graph":[{"@type":"Article","@id":"https:\/\/america2026.eu\/remembering-the-american-revolution-250-a-new-essay-and-a-revised-editorial\/#article","isPartOf":{"@id":"https:\/\/america2026.eu\/remembering-the-american-revolution-250-a-new-essay-and-a-revised-editorial\/"},"author":{"name":"Agn\u00e8s DELAHAYE","@id":"https:\/\/america2026.eu\/#\/schema\/person\/08b0307583a6353f0213d2613d9954fb"},"headline":"Remembering the American Revolution @250: a new essay and a revised editorial","datePublished":"2025-01-29T18:34:43+00:00","dateModified":"2025-04-28T09:40:01+00:00","mainEntityOfPage":{"@id":"https:\/\/america2026.eu\/remembering-the-american-revolution-250-a-new-essay-and-a-revised-editorial\/"},"wordCount":160,"commentCount":0,"publisher":{"@id":"https:\/\/america2026.eu\/#organization"},"image":{"@id":"https:\/\/america2026.eu\/remembering-the-american-revolution-250-a-new-essay-and-a-revised-editorial\/#primaryimage"},"thumbnailUrl":"https:\/\/america2026.eu\/wp-content\/uploads\/2024\/10\/Representations-and-Uses-of-the-American.-4.png","inLanguage":"fr-FR","potentialAction":[{"@type":"CommentAction","name":"Comment","target":["https:\/\/america2026.eu\/remembering-the-american-revolution-250-a-new-essay-and-a-revised-editorial\/#respond"]}]},{"@type":"WebPage","@id":"https:\/\/america2026.eu\/remembering-the-american-revolution-250-a-new-essay-and-a-revised-editorial\/","url":"https:\/\/america2026.eu\/remembering-the-american-revolution-250-a-new-essay-and-a-revised-editorial\/","name":"Remembering the American Revolution @250: a new essay and a revised editorial - America 2026","isPartOf":{"@id":"https:\/\/america2026.eu\/#website"},"primaryImageOfPage":{"@id":"https:\/\/america2026.eu\/remembering-the-american-revolution-250-a-new-essay-and-a-revised-editorial\/#primaryimage"},"image":{"@id":"https:\/\/america2026.eu\/remembering-the-american-revolution-250-a-new-essay-and-a-revised-editorial\/#primaryimage"},"thumbnailUrl":"https:\/\/america2026.eu\/wp-content\/uploads\/2024\/10\/Representations-and-Uses-of-the-American.-4.png","datePublished":"2025-01-29T18:34:43+00:00","dateModified":"2025-04-28T09:40:01+00:00","breadcrumb":{"@id":"https:\/\/america2026.eu\/remembering-the-american-revolution-250-a-new-essay-and-a-revised-editorial\/#breadcrumb"},"inLanguage":"fr-FR","potentialAction":[{"@type":"ReadAction","target":["https:\/\/america2026.eu\/remembering-the-american-revolution-250-a-new-essay-and-a-revised-editorial\/"]}]},{"@type":"ImageObject","inLanguage":"fr-FR","@id":"https:\/\/america2026.eu\/remembering-the-american-revolution-250-a-new-essay-and-a-revised-editorial\/#primaryimage","url":"https:\/\/america2026.eu\/wp-content\/uploads\/2024\/10\/Representations-and-Uses-of-the-American.-4.png","contentUrl":"https:\/\/america2026.eu\/wp-content\/uploads\/2024\/10\/Representations-and-Uses-of-the-American.-4.png","width":301,"height":332},{"@type":"BreadcrumbList","@id":"https:\/\/america2026.eu\/remembering-the-american-revolution-250-a-new-essay-and-a-revised-editorial\/#breadcrumb","itemListElement":[{"@type":"ListItem","position":1,"name":"Accueil","item":"https:\/\/america2026.eu\/fr\/"},{"@type":"ListItem","position":2,"name":"Remembering the American Revolution @250: a new essay and a revised editorial"}]},{"@type":"WebSite","@id":"https:\/\/america2026.eu\/#website","url":"https:\/\/america2026.eu\/","name":"America 2026","description":"","publisher":{"@id":"https:\/\/america2026.eu\/#organization"},"potentialAction":[{"@type":"SearchAction","target":{"@type":"EntryPoint","urlTemplate":"https:\/\/america2026.eu\/?s={search_term_string}"},"query-input":{"@type":"PropertyValueSpecification","valueRequired":true,"valueName":"search_term_string"}}],"inLanguage":"fr-FR"},{"@type":"Organization","@id":"https:\/\/america2026.eu\/#organization","name":"America 2026","url":"https:\/\/america2026.eu\/","logo":{"@type":"ImageObject","inLanguage":"fr-FR","@id":"https:\/\/america2026.eu\/#\/schema\/logo\/image\/","url":"https:\/\/america2026.eu\/wp-content\/uploads\/2024\/10\/Untitled-3.png","contentUrl":"https:\/\/america2026.eu\/wp-content\/uploads\/2024\/10\/Untitled-3.png","width":6579,"height":1454,"caption":"America 2026"},"image":{"@id":"https:\/\/america2026.eu\/#\/schema\/logo\/image\/"}},{"@type":"Person","@id":"https:\/\/america2026.eu\/#\/schema\/person\/08b0307583a6353f0213d2613d9954fb","name":"Agn\u00e8s DELAHAYE","image":{"@type":"ImageObject","inLanguage":"fr-FR","@id":"https:\/\/america2026.eu\/#\/schema\/person\/image\/","url":"https:\/\/secure.gravatar.com\/avatar\/85cf3b0fd579da5be8ad50af6d0108ff90e2b73c4f0f8d797c38669db16bd77d?s=96&d=mm&r=g","contentUrl":"https:\/\/secure.gravatar.com\/avatar\/85cf3b0fd579da5be8ad50af6d0108ff90e2b73c4f0f8d797c38669db16bd77d?s=96&d=mm&r=g","caption":"Agn\u00e8s DELAHAYE"}}]}},"_links":{"self":[{"href":"https:\/\/america2026.eu\/fr\/wp-json\/wp\/v2\/posts\/2555","targetHints":{"allow":["GET"]}}],"collection":[{"href":"https:\/\/america2026.eu\/fr\/wp-json\/wp\/v2\/posts"}],"about":[{"href":"https:\/\/america2026.eu\/fr\/wp-json\/wp\/v2\/types\/post"}],"author":[{"embeddable":true,"href":"https:\/\/america2026.eu\/fr\/wp-json\/wp\/v2\/users\/2"}],"replies":[{"embeddable":true,"href":"https:\/\/america2026.eu\/fr\/wp-json\/wp\/v2\/comments?post=2555"}],"version-history":[{"count":1,"href":"https:\/\/america2026.eu\/fr\/wp-json\/wp\/v2\/posts\/2555\/revisions"}],"predecessor-version":[{"id":2556,"href":"https:\/\/america2026.eu\/fr\/wp-json\/wp\/v2\/posts\/2555\/revisions\/2556"}],"wp:featuredmedia":[{"embeddable":true,"href":"https:\/\/america2026.eu\/fr\/wp-json\/wp\/v2\/media\/884"}],"wp:attachment":[{"href":"https:\/\/america2026.eu\/fr\/wp-json\/wp\/v2\/media?parent=2555"}],"wp:term":[{"taxonomy":"groupes","embeddable":true,"href":"https:\/\/america2026.eu\/fr\/wp-json\/wp\/v2\/groupes?post=2555"}],"curies":[{"name":"wp","href":"https:\/\/api.w.org\/{rel}","templated":true}]}}