{"id":2551,"date":"2025-01-29T18:19:20","date_gmt":"2025-01-29T18:19:20","guid":{"rendered":"https:\/\/america2026.eu\/call-for-applications-2025-garden-and-landscape-themed-mount-vernon-symposium-judiciously-cultivated-revolutionary-gardens-future-visions-may-30-june-1-2025science-and\/"},"modified":"2025-04-28T09:39:31","modified_gmt":"2025-04-28T09:39:31","slug":"call-for-applications-2025-garden-and-landscape-themed-mount-vernon-symposium-judiciously-cultivated-revolutionary-gardens-future-visions-may-30-june-1-2025science-and","status":"publish","type":"post","link":"https:\/\/america2026.eu\/fr\/call-for-applications-2025-garden-and-landscape-themed-mount-vernon-symposium-judiciously-cultivated-revolutionary-gardens-future-visions-may-30-june-1-2025science-and\/","title":{"rendered":"Call for Applications: 2025 Garden and Landscape Themed Mount Vernon Symposium, \u2018\u201cJudiciously Cultivated:\u201d Revolutionary Gardens, Future Visions, May 30-June 1 2025Science and Society in the Age of Revolutions,\u00a0\u00bb September 25-26, 2025"},"content":{"rendered":"\n<p><a href=\"https:\/\/networks.h-net.org\/group\/announcements\/20053898\/call-applications-2025-garden-and-landscape-themed-mount-vernon\" data-type=\"link\" data-id=\"https:\/\/networks.h-net.org\/group\/announcements\/20053898\/call-applications-2025-garden-and-landscape-themed-mount-vernon\"><strong>Link here.<\/strong><\/a><\/p>\n\n\n\n<p>The 2025 Mount Vernon Symposium will highlight methods of stewarding, sustaining, and designing gardens and landscapes in the face of environmental challenges, in the past and present day. We welcome proposals on a range of topics, especially&nbsp;environmental science and environmental history, horticulture and agriculture, design and management, conservation and sustainability.&nbsp;<\/p>\n\n\n\n<p>George Washington, other early landholders, landscape designers, botanists, and free and enslaved gardeners and farmers experimented, innovated, and revolutionized methods of caring for their gardens, fields, and land. Often, they did so in the face of dramatic climate shifts, exhausted soil, and dwindling natural resources.<\/p>\n\n\n\n<p>The Emerging Scholars\u2019 Panel will join leading historians, horticulturists, and landscape designers as they explore these histories and share behind-the-scenes insights into how they\u2019re carrying Washington\u2019s message forward, working creatively to design, manage, and protect green spaces for future generations.&nbsp;<\/p>\n\n\n\n<p>For our Emerging Scholars\u2019 Panel, the Washington Library invites graduate students and professionals active in their fields for no more than five years to propose short presentations that speak to this year\u2019s theme.<strong>&nbsp;<\/strong><\/p>\n\n\n\n<p><strong>Email&nbsp;<\/strong><a href=\"mailto:symposiumcfp@mountvernon.org\"><strong>symposiumcfp@mountvernon.org<\/strong><\/a><strong>&nbsp;<\/strong><strong>to submit a 250-word abstract and a 2-page CV by January 31, 2025.<\/strong>&nbsp;Chosen speakers will be offered full symposium participation, travel, and lodging.&nbsp;&nbsp;<\/p>\n\n\n\n<p>Contact Email <a href=\"mailto:symposiumcfp@mountvernon.org\">symposiumcfp@mountvernon.org<\/a><\/p>\n","protected":false},"excerpt":{"rendered":"Link here. The 2025 Mount Vernon Symposium will highlight methods of stewarding, sustaining, and designing gardens and landscapes in the face of environmental challenges, in the past and present day. We welcome proposals on a range of topics, especially&nbsp;environmental science&#8230;","protected":false},"author":2,"featured_media":2220,"comment_status":"open","ping_status":"open","sticky":false,"template":"","format":"standard","meta":{"_acf_changed":false,"footnotes":""},"groupes":[65],"class_list":["post-2551","post","type-post","status-publish","format-standard","has-post-thumbnail","hentry","groupes-opportunites-de-recherche"],"acf":[],"yoast_head":"<!-- This site is optimized with the Yoast SEO plugin v24.3 - https:\/\/yoast.com\/wordpress\/plugins\/seo\/ -->\n<title>Call for Applications: 2025 Garden and Landscape Themed Mount Vernon Symposium, \u2018\u201cJudiciously Cultivated:\u201d Revolutionary Gardens, Future Visions, May 30-June 1 2025Science and Society in the Age of Revolutions,&quot; September 25-26, 2025 - America 2026<\/title>\n<meta name=\"robots\" content=\"index, follow, max-snippet:-1, max-image-preview:large, max-video-preview:-1\" \/>\n<link rel=\"canonical\" href=\"https:\/\/america2026.eu\/call-for-applications-2025-garden-and-landscape-themed-mount-vernon-symposium-judiciously-cultivated-revolutionary-gardens-future-visions-may-30-june-1-2025science-and\/\" \/>\n<meta property=\"og:locale\" content=\"fr_FR\" \/>\n<meta property=\"og:type\" content=\"article\" \/>\n<meta property=\"og:title\" content=\"Call for Applications: 2025 Garden and Landscape Themed Mount Vernon Symposium, \u2018\u201cJudiciously Cultivated:\u201d Revolutionary Gardens, Future Visions, May 30-June 1 2025Science and Society in the Age of Revolutions,&quot; September 25-26, 2025 - America 2026\" \/>\n<meta property=\"og:description\" content=\"Link here. The 2025 Mount Vernon Symposium will highlight methods of stewarding, sustaining, and designing gardens and landscapes in the face of environmental challenges, in the past and present day. We welcome proposals on a range of topics, especially&nbsp;environmental science...\" \/>\n<meta property=\"og:url\" content=\"https:\/\/america2026.eu\/call-for-applications-2025-garden-and-landscape-themed-mount-vernon-symposium-judiciously-cultivated-revolutionary-gardens-future-visions-may-30-june-1-2025science-and\/\" \/>\n<meta property=\"og:site_name\" content=\"America 2026\" \/>\n<meta property=\"article:published_time\" content=\"2025-01-29T18:19:20+00:00\" \/>\n<meta property=\"article:modified_time\" content=\"2025-04-28T09:39:31+00:00\" \/>\n<meta property=\"og:image\" content=\"https:\/\/america2026.eu\/wp-content\/uploads\/2024\/10\/Untitled-3.png\" \/>\n\t<meta property=\"og:image:width\" content=\"6579\" \/>\n\t<meta property=\"og:image:height\" content=\"1454\" \/>\n\t<meta property=\"og:image:type\" content=\"image\/png\" \/>\n<meta name=\"author\" content=\"Agn\u00e8s DELAHAYE\" \/>\n<meta name=\"twitter:label1\" content=\"\u00c9crit par\" \/>\n\t<meta name=\"twitter:data1\" content=\"Agn\u00e8s DELAHAYE\" \/>\n\t<meta name=\"twitter:label2\" content=\"Dur\u00e9e de lecture estim\u00e9e\" \/>\n\t<meta name=\"twitter:data2\" content=\"1 minute\" \/>\n<script type=\"application\/ld+json\" class=\"yoast-schema-graph\">{\"@context\":\"https:\/\/schema.org\",\"@graph\":[{\"@type\":\"Article\",\"@id\":\"https:\/\/america2026.eu\/call-for-applications-2025-garden-and-landscape-themed-mount-vernon-symposium-judiciously-cultivated-revolutionary-gardens-future-visions-may-30-june-1-2025science-and\/#article\",\"isPartOf\":{\"@id\":\"https:\/\/america2026.eu\/call-for-applications-2025-garden-and-landscape-themed-mount-vernon-symposium-judiciously-cultivated-revolutionary-gardens-future-visions-may-30-june-1-2025science-and\/\"},\"author\":{\"name\":\"Agn\u00e8s DELAHAYE\",\"@id\":\"https:\/\/america2026.eu\/#\/schema\/person\/08b0307583a6353f0213d2613d9954fb\"},\"headline\":\"Call for Applications: 2025 Garden and Landscape Themed Mount Vernon Symposium, \u2018\u201cJudiciously Cultivated:\u201d Revolutionary Gardens, Future Visions, May 30-June 1 2025Science and Society in the Age of Revolutions,\u00a0\u00bb September 25-26, 2025\",\"datePublished\":\"2025-01-29T18:19:20+00:00\",\"dateModified\":\"2025-04-28T09:39:31+00:00\",\"mainEntityOfPage\":{\"@id\":\"https:\/\/america2026.eu\/call-for-applications-2025-garden-and-landscape-themed-mount-vernon-symposium-judiciously-cultivated-revolutionary-gardens-future-visions-may-30-june-1-2025science-and\/\"},\"wordCount\":241,\"commentCount\":0,\"publisher\":{\"@id\":\"https:\/\/america2026.eu\/#organization\"},\"image\":{\"@id\":\"https:\/\/america2026.eu\/call-for-applications-2025-garden-and-landscape-themed-mount-vernon-symposium-judiciously-cultivated-revolutionary-gardens-future-visions-may-30-june-1-2025science-and\/#primaryimage\"},\"thumbnailUrl\":\"https:\/\/america2026.eu\/wp-content\/uploads\/2025\/01\/governor-s-palace-daytime-williamsburg-usa_181624-29182.avif\",\"inLanguage\":\"fr-FR\",\"potentialAction\":[{\"@type\":\"CommentAction\",\"name\":\"Comment\",\"target\":[\"https:\/\/america2026.eu\/call-for-applications-2025-garden-and-landscape-themed-mount-vernon-symposium-judiciously-cultivated-revolutionary-gardens-future-visions-may-30-june-1-2025science-and\/#respond\"]}]},{\"@type\":\"WebPage\",\"@id\":\"https:\/\/america2026.eu\/call-for-applications-2025-garden-and-landscape-themed-mount-vernon-symposium-judiciously-cultivated-revolutionary-gardens-future-visions-may-30-june-1-2025science-and\/\",\"url\":\"https:\/\/america2026.eu\/call-for-applications-2025-garden-and-landscape-themed-mount-vernon-symposium-judiciously-cultivated-revolutionary-gardens-future-visions-may-30-june-1-2025science-and\/\",\"name\":\"Call for Applications: 2025 Garden and Landscape Themed Mount Vernon Symposium, \u2018\u201cJudiciously Cultivated:\u201d Revolutionary Gardens, Future Visions, May 30-June 1 2025Science and Society in the Age of Revolutions,\\\" September 25-26, 2025 - America 2026\",\"isPartOf\":{\"@id\":\"https:\/\/america2026.eu\/#website\"},\"primaryImageOfPage\":{\"@id\":\"https:\/\/america2026.eu\/call-for-applications-2025-garden-and-landscape-themed-mount-vernon-symposium-judiciously-cultivated-revolutionary-gardens-future-visions-may-30-june-1-2025science-and\/#primaryimage\"},\"image\":{\"@id\":\"https:\/\/america2026.eu\/call-for-applications-2025-garden-and-landscape-themed-mount-vernon-symposium-judiciously-cultivated-revolutionary-gardens-future-visions-may-30-june-1-2025science-and\/#primaryimage\"},\"thumbnailUrl\":\"https:\/\/america2026.eu\/wp-content\/uploads\/2025\/01\/governor-s-palace-daytime-williamsburg-usa_181624-29182.avif\",\"datePublished\":\"2025-01-29T18:19:20+00:00\",\"dateModified\":\"2025-04-28T09:39:31+00:00\",\"breadcrumb\":{\"@id\":\"https:\/\/america2026.eu\/call-for-applications-2025-garden-and-landscape-themed-mount-vernon-symposium-judiciously-cultivated-revolutionary-gardens-future-visions-may-30-june-1-2025science-and\/#breadcrumb\"},\"inLanguage\":\"fr-FR\",\"potentialAction\":[{\"@type\":\"ReadAction\",\"target\":[\"https:\/\/america2026.eu\/call-for-applications-2025-garden-and-landscape-themed-mount-vernon-symposium-judiciously-cultivated-revolutionary-gardens-future-visions-may-30-june-1-2025science-and\/\"]}]},{\"@type\":\"ImageObject\",\"inLanguage\":\"fr-FR\",\"@id\":\"https:\/\/america2026.eu\/call-for-applications-2025-garden-and-landscape-themed-mount-vernon-symposium-judiciously-cultivated-revolutionary-gardens-future-visions-may-30-june-1-2025science-and\/#primaryimage\",\"url\":\"https:\/\/america2026.eu\/wp-content\/uploads\/2025\/01\/governor-s-palace-daytime-williamsburg-usa_181624-29182.avif\",\"contentUrl\":\"https:\/\/america2026.eu\/wp-content\/uploads\/2025\/01\/governor-s-palace-daytime-williamsburg-usa_181624-29182.avif\",\"width\":626,\"height\":417},{\"@type\":\"BreadcrumbList\",\"@id\":\"https:\/\/america2026.eu\/call-for-applications-2025-garden-and-landscape-themed-mount-vernon-symposium-judiciously-cultivated-revolutionary-gardens-future-visions-may-30-june-1-2025science-and\/#breadcrumb\",\"itemListElement\":[{\"@type\":\"ListItem\",\"position\":1,\"name\":\"Accueil\",\"item\":\"https:\/\/america2026.eu\/fr\/\"},{\"@type\":\"ListItem\",\"position\":2,\"name\":\"Call for Applications: 2025 Garden and Landscape Themed Mount Vernon Symposium, \u2018\u201cJudiciously Cultivated:\u201d Revolutionary Gardens, Future Visions, May 30-June 1 2025Science and Society in the Age of Revolutions,&#8221; September 25-26, 2025\"}]},{\"@type\":\"WebSite\",\"@id\":\"https:\/\/america2026.eu\/#website\",\"url\":\"https:\/\/america2026.eu\/\",\"name\":\"America 2026\",\"description\":\"\",\"publisher\":{\"@id\":\"https:\/\/america2026.eu\/#organization\"},\"potentialAction\":[{\"@type\":\"SearchAction\",\"target\":{\"@type\":\"EntryPoint\",\"urlTemplate\":\"https:\/\/america2026.eu\/?s={search_term_string}\"},\"query-input\":{\"@type\":\"PropertyValueSpecification\",\"valueRequired\":true,\"valueName\":\"search_term_string\"}}],\"inLanguage\":\"fr-FR\"},{\"@type\":\"Organization\",\"@id\":\"https:\/\/america2026.eu\/#organization\",\"name\":\"America 2026\",\"url\":\"https:\/\/america2026.eu\/\",\"logo\":{\"@type\":\"ImageObject\",\"inLanguage\":\"fr-FR\",\"@id\":\"https:\/\/america2026.eu\/#\/schema\/logo\/image\/\",\"url\":\"https:\/\/america2026.eu\/wp-content\/uploads\/2024\/10\/Untitled-3.png\",\"contentUrl\":\"https:\/\/america2026.eu\/wp-content\/uploads\/2024\/10\/Untitled-3.png\",\"width\":6579,\"height\":1454,\"caption\":\"America 2026\"},\"image\":{\"@id\":\"https:\/\/america2026.eu\/#\/schema\/logo\/image\/\"}},{\"@type\":\"Person\",\"@id\":\"https:\/\/america2026.eu\/#\/schema\/person\/08b0307583a6353f0213d2613d9954fb\",\"name\":\"Agn\u00e8s DELAHAYE\",\"image\":{\"@type\":\"ImageObject\",\"inLanguage\":\"fr-FR\",\"@id\":\"https:\/\/america2026.eu\/#\/schema\/person\/image\/\",\"url\":\"https:\/\/secure.gravatar.com\/avatar\/85cf3b0fd579da5be8ad50af6d0108ff90e2b73c4f0f8d797c38669db16bd77d?s=96&d=mm&r=g\",\"contentUrl\":\"https:\/\/secure.gravatar.com\/avatar\/85cf3b0fd579da5be8ad50af6d0108ff90e2b73c4f0f8d797c38669db16bd77d?s=96&d=mm&r=g\",\"caption\":\"Agn\u00e8s DELAHAYE\"}}]}<\/script>\n<!-- \/ Yoast SEO plugin. -->","yoast_head_json":{"title":"Call for Applications: 2025 Garden and Landscape Themed Mount Vernon Symposium, \u2018\u201cJudiciously Cultivated:\u201d Revolutionary Gardens, Future Visions, May 30-June 1 2025Science and Society in the Age of Revolutions,\" September 25-26, 2025 - America 2026","robots":{"index":"index","follow":"follow","max-snippet":"max-snippet:-1","max-image-preview":"max-image-preview:large","max-video-preview":"max-video-preview:-1"},"canonical":"https:\/\/america2026.eu\/call-for-applications-2025-garden-and-landscape-themed-mount-vernon-symposium-judiciously-cultivated-revolutionary-gardens-future-visions-may-30-june-1-2025science-and\/","og_locale":"fr_FR","og_type":"article","og_title":"Call for Applications: 2025 Garden and Landscape Themed Mount Vernon Symposium, \u2018\u201cJudiciously Cultivated:\u201d Revolutionary Gardens, Future Visions, May 30-June 1 2025Science and Society in the Age of Revolutions,\" September 25-26, 2025 - America 2026","og_description":"Link here. The 2025 Mount Vernon Symposium will highlight methods of stewarding, sustaining, and designing gardens and landscapes in the face of environmental challenges, in the past and present day. We welcome proposals on a range of topics, especially&nbsp;environmental science...","og_url":"https:\/\/america2026.eu\/call-for-applications-2025-garden-and-landscape-themed-mount-vernon-symposium-judiciously-cultivated-revolutionary-gardens-future-visions-may-30-june-1-2025science-and\/","og_site_name":"America 2026","article_published_time":"2025-01-29T18:19:20+00:00","article_modified_time":"2025-04-28T09:39:31+00:00","og_image":[{"width":6579,"height":1454,"url":"https:\/\/america2026.eu\/wp-content\/uploads\/2024\/10\/Untitled-3.png","type":"image\/png"}],"author":"Agn\u00e8s DELAHAYE","twitter_misc":{"\u00c9crit par":"Agn\u00e8s DELAHAYE","Dur\u00e9e de lecture estim\u00e9e":"1 minute"},"schema":{"@context":"https:\/\/schema.org","@graph":[{"@type":"Article","@id":"https:\/\/america2026.eu\/call-for-applications-2025-garden-and-landscape-themed-mount-vernon-symposium-judiciously-cultivated-revolutionary-gardens-future-visions-may-30-june-1-2025science-and\/#article","isPartOf":{"@id":"https:\/\/america2026.eu\/call-for-applications-2025-garden-and-landscape-themed-mount-vernon-symposium-judiciously-cultivated-revolutionary-gardens-future-visions-may-30-june-1-2025science-and\/"},"author":{"name":"Agn\u00e8s DELAHAYE","@id":"https:\/\/america2026.eu\/#\/schema\/person\/08b0307583a6353f0213d2613d9954fb"},"headline":"Call for Applications: 2025 Garden and Landscape Themed Mount Vernon Symposium, \u2018\u201cJudiciously Cultivated:\u201d Revolutionary Gardens, Future Visions, May 30-June 1 2025Science and Society in the Age of Revolutions,\u00a0\u00bb September 25-26, 2025","datePublished":"2025-01-29T18:19:20+00:00","dateModified":"2025-04-28T09:39:31+00:00","mainEntityOfPage":{"@id":"https:\/\/america2026.eu\/call-for-applications-2025-garden-and-landscape-themed-mount-vernon-symposium-judiciously-cultivated-revolutionary-gardens-future-visions-may-30-june-1-2025science-and\/"},"wordCount":241,"commentCount":0,"publisher":{"@id":"https:\/\/america2026.eu\/#organization"},"image":{"@id":"https:\/\/america2026.eu\/call-for-applications-2025-garden-and-landscape-themed-mount-vernon-symposium-judiciously-cultivated-revolutionary-gardens-future-visions-may-30-june-1-2025science-and\/#primaryimage"},"thumbnailUrl":"https:\/\/america2026.eu\/wp-content\/uploads\/2025\/01\/governor-s-palace-daytime-williamsburg-usa_181624-29182.avif","inLanguage":"fr-FR","potentialAction":[{"@type":"CommentAction","name":"Comment","target":["https:\/\/america2026.eu\/call-for-applications-2025-garden-and-landscape-themed-mount-vernon-symposium-judiciously-cultivated-revolutionary-gardens-future-visions-may-30-june-1-2025science-and\/#respond"]}]},{"@type":"WebPage","@id":"https:\/\/america2026.eu\/call-for-applications-2025-garden-and-landscape-themed-mount-vernon-symposium-judiciously-cultivated-revolutionary-gardens-future-visions-may-30-june-1-2025science-and\/","url":"https:\/\/america2026.eu\/call-for-applications-2025-garden-and-landscape-themed-mount-vernon-symposium-judiciously-cultivated-revolutionary-gardens-future-visions-may-30-june-1-2025science-and\/","name":"Call for Applications: 2025 Garden and Landscape Themed Mount Vernon Symposium, \u2018\u201cJudiciously Cultivated:\u201d Revolutionary Gardens, Future Visions, May 30-June 1 2025Science and Society in the Age of Revolutions,\" September 25-26, 2025 - America 2026","isPartOf":{"@id":"https:\/\/america2026.eu\/#website"},"primaryImageOfPage":{"@id":"https:\/\/america2026.eu\/call-for-applications-2025-garden-and-landscape-themed-mount-vernon-symposium-judiciously-cultivated-revolutionary-gardens-future-visions-may-30-june-1-2025science-and\/#primaryimage"},"image":{"@id":"https:\/\/america2026.eu\/call-for-applications-2025-garden-and-landscape-themed-mount-vernon-symposium-judiciously-cultivated-revolutionary-gardens-future-visions-may-30-june-1-2025science-and\/#primaryimage"},"thumbnailUrl":"https:\/\/america2026.eu\/wp-content\/uploads\/2025\/01\/governor-s-palace-daytime-williamsburg-usa_181624-29182.avif","datePublished":"2025-01-29T18:19:20+00:00","dateModified":"2025-04-28T09:39:31+00:00","breadcrumb":{"@id":"https:\/\/america2026.eu\/call-for-applications-2025-garden-and-landscape-themed-mount-vernon-symposium-judiciously-cultivated-revolutionary-gardens-future-visions-may-30-june-1-2025science-and\/#breadcrumb"},"inLanguage":"fr-FR","potentialAction":[{"@type":"ReadAction","target":["https:\/\/america2026.eu\/call-for-applications-2025-garden-and-landscape-themed-mount-vernon-symposium-judiciously-cultivated-revolutionary-gardens-future-visions-may-30-june-1-2025science-and\/"]}]},{"@type":"ImageObject","inLanguage":"fr-FR","@id":"https:\/\/america2026.eu\/call-for-applications-2025-garden-and-landscape-themed-mount-vernon-symposium-judiciously-cultivated-revolutionary-gardens-future-visions-may-30-june-1-2025science-and\/#primaryimage","url":"https:\/\/america2026.eu\/wp-content\/uploads\/2025\/01\/governor-s-palace-daytime-williamsburg-usa_181624-29182.avif","contentUrl":"https:\/\/america2026.eu\/wp-content\/uploads\/2025\/01\/governor-s-palace-daytime-williamsburg-usa_181624-29182.avif","width":626,"height":417},{"@type":"BreadcrumbList","@id":"https:\/\/america2026.eu\/call-for-applications-2025-garden-and-landscape-themed-mount-vernon-symposium-judiciously-cultivated-revolutionary-gardens-future-visions-may-30-june-1-2025science-and\/#breadcrumb","itemListElement":[{"@type":"ListItem","position":1,"name":"Accueil","item":"https:\/\/america2026.eu\/fr\/"},{"@type":"ListItem","position":2,"name":"Call for Applications: 2025 Garden and Landscape Themed Mount Vernon Symposium, \u2018\u201cJudiciously Cultivated:\u201d Revolutionary Gardens, Future Visions, May 30-June 1 2025Science and Society in the Age of Revolutions,&#8221; September 25-26, 2025"}]},{"@type":"WebSite","@id":"https:\/\/america2026.eu\/#website","url":"https:\/\/america2026.eu\/","name":"America 2026","description":"","publisher":{"@id":"https:\/\/america2026.eu\/#organization"},"potentialAction":[{"@type":"SearchAction","target":{"@type":"EntryPoint","urlTemplate":"https:\/\/america2026.eu\/?s={search_term_string}"},"query-input":{"@type":"PropertyValueSpecification","valueRequired":true,"valueName":"search_term_string"}}],"inLanguage":"fr-FR"},{"@type":"Organization","@id":"https:\/\/america2026.eu\/#organization","name":"America 2026","url":"https:\/\/america2026.eu\/","logo":{"@type":"ImageObject","inLanguage":"fr-FR","@id":"https:\/\/america2026.eu\/#\/schema\/logo\/image\/","url":"https:\/\/america2026.eu\/wp-content\/uploads\/2024\/10\/Untitled-3.png","contentUrl":"https:\/\/america2026.eu\/wp-content\/uploads\/2024\/10\/Untitled-3.png","width":6579,"height":1454,"caption":"America 2026"},"image":{"@id":"https:\/\/america2026.eu\/#\/schema\/logo\/image\/"}},{"@type":"Person","@id":"https:\/\/america2026.eu\/#\/schema\/person\/08b0307583a6353f0213d2613d9954fb","name":"Agn\u00e8s DELAHAYE","image":{"@type":"ImageObject","inLanguage":"fr-FR","@id":"https:\/\/america2026.eu\/#\/schema\/person\/image\/","url":"https:\/\/secure.gravatar.com\/avatar\/85cf3b0fd579da5be8ad50af6d0108ff90e2b73c4f0f8d797c38669db16bd77d?s=96&d=mm&r=g","contentUrl":"https:\/\/secure.gravatar.com\/avatar\/85cf3b0fd579da5be8ad50af6d0108ff90e2b73c4f0f8d797c38669db16bd77d?s=96&d=mm&r=g","caption":"Agn\u00e8s DELAHAYE"}}]}},"_links":{"self":[{"href":"https:\/\/america2026.eu\/fr\/wp-json\/wp\/v2\/posts\/2551","targetHints":{"allow":["GET"]}}],"collection":[{"href":"https:\/\/america2026.eu\/fr\/wp-json\/wp\/v2\/posts"}],"about":[{"href":"https:\/\/america2026.eu\/fr\/wp-json\/wp\/v2\/types\/post"}],"author":[{"embeddable":true,"href":"https:\/\/america2026.eu\/fr\/wp-json\/wp\/v2\/users\/2"}],"replies":[{"embeddable":true,"href":"https:\/\/america2026.eu\/fr\/wp-json\/wp\/v2\/comments?post=2551"}],"version-history":[{"count":1,"href":"https:\/\/america2026.eu\/fr\/wp-json\/wp\/v2\/posts\/2551\/revisions"}],"predecessor-version":[{"id":2552,"href":"https:\/\/america2026.eu\/fr\/wp-json\/wp\/v2\/posts\/2551\/revisions\/2552"}],"wp:featuredmedia":[{"embeddable":true,"href":"https:\/\/america2026.eu\/fr\/wp-json\/wp\/v2\/media\/2220"}],"wp:attachment":[{"href":"https:\/\/america2026.eu\/fr\/wp-json\/wp\/v2\/media?parent=2551"}],"wp:term":[{"taxonomy":"groupes","embeddable":true,"href":"https:\/\/america2026.eu\/fr\/wp-json\/wp\/v2\/groupes?post=2551"}],"curies":[{"name":"wp","href":"https:\/\/api.w.org\/{rel}","templated":true}]}}