{"id":2547,"date":"2025-01-29T18:15:16","date_gmt":"2025-01-29T18:15:16","guid":{"rendered":"https:\/\/america2026.eu\/science-and-society-in-the-age-of-revolutions-september-25-26-2025\/"},"modified":"2025-04-28T09:38:20","modified_gmt":"2025-04-28T09:38:20","slug":"science-and-society-in-the-age-of-revolutions-september-25-26-2025","status":"publish","type":"post","link":"https:\/\/america2026.eu\/fr\/science-and-society-in-the-age-of-revolutions-september-25-26-2025\/","title":{"rendered":"Call for Papers :\u00a0\u00bbScience and Society in the Age of Revolutions,\u00a0\u00bb September 25-26, 2025"},"content":{"rendered":"\n<p><a href=\"http:\/\/Science and Society in the Age of Revolutions,&quot; September 25-26, 2025\"><strong>Link here.<\/strong><\/a><\/p>\n\n\n\n<p>As the upcoming 250th anniversary of the Declaration of Independence drives increased interest in the founding of the United States, this conference, co-hosted by the American Philosophical Society\u2019s Library &amp; Museum and the Science History Institute aims to widen the scope of such conversations. Inspired in part by the APS\u2019s 2025 exhibition,&nbsp;<em>Philadelphia: The Revolutionary City<\/em>&nbsp;and \u201cAmerica\u2019s Scientific Revolutionaries,\u201d a multiyear project funded by the Lounsbery Foundation we invite proposals from scholars from all disciplines whose research illuminates the intersections of science and society in the Atlantic World between 1764 and 1804. Potential topics include (but are not limited to):<\/p>\n\n\n\n<ul class=\"wp-block-list\">\n<li>Everyday scientific practices, especially those that shed light on less prominent individuals and their networks,<br>Social aspects of scientific societies;&nbsp;<\/li>\n\n\n\n<li>Impacts of disease on society;&nbsp;<\/li>\n\n\n\n<li>Timely innovations in sciences like astronomy, anatomy, electricity, evolution, botany, and others;<\/li>\n\n\n\n<li>Intersections between medical interventions and political ideologies;&nbsp;<\/li>\n\n\n\n<li>Advancements in medicine and technology, especially as they relate to war;&nbsp;<\/li>\n\n\n\n<li>Contributions of scientific knowledge and expertise from historically underrepresented communities;<\/li>\n\n\n\n<li>New directions in histories of early modern science that engage with interdisciplinary methodologies including (but not limited to) disability studies, medical humanities, environmental humanities, digital humanities, research creation, animal studies, etc.;<\/li>\n\n\n\n<li>The afterlives of scientific developments with origins in the revolutionary era.&nbsp;<\/li>\n<\/ul>\n\n\n\n<p>Applicants should submit a title and a 250-word proposal along with a C.V. by March 3, 2025 via Interfolio (<a href=\"https:\/\/apply.interfolio.com\/161651\">https:\/\/apply.interfolio.com\/161651<\/a>).<\/p>\n\n\n\n<p>Contact Information :<\/p>\n\n\n\n<p>Thomas Johns (<a href=\"mailto:tjohns@amphilsoc.org\">tjohns@amphilsoc.org<\/a>)<\/p>\n\n\n\n<p>Brenna Holland (<a href=\"mailto:bholland@amphilsoc.org\">bholland@amphilsoc.org<\/a>)<\/p>\n\n\n\n<p>Contact Email <a href=\"mailto:tjohns@amphilsoc.org\">tjohns@amphilsoc.org<\/a><\/p>\n\n\n\n<p>URL <a href=\"https:\/\/www.amphilsoc.org\/science-and-society-age-revolutions-september-25-26-2\u2026\">https:\/\/www.amphilsoc.org\/science-and-society-age-revolutions-september-25-26-2\u2026<\/a><\/p>\n","protected":false},"excerpt":{"rendered":"Link here. As the upcoming 250th anniversary of the Declaration of Independence drives increased interest in the founding of the United States, this conference, co-hosted by the American Philosophical Society\u2019s Library &amp; Museum and the Science History Institute aims to&#8230;","protected":false},"author":2,"featured_media":2213,"comment_status":"open","ping_status":"open","sticky":false,"template":"","format":"standard","meta":{"_acf_changed":false,"footnotes":""},"groupes":[65],"class_list":["post-2547","post","type-post","status-publish","format-standard","has-post-thumbnail","hentry","groupes-opportunites-de-recherche"],"acf":[],"yoast_head":"<!-- This site is optimized with the Yoast SEO plugin v24.3 - https:\/\/yoast.com\/wordpress\/plugins\/seo\/ -->\n<title>Call for Papers :&quot;Science and Society in the Age of Revolutions,&quot; September 25-26, 2025 - America 2026<\/title>\n<meta name=\"robots\" content=\"index, follow, max-snippet:-1, max-image-preview:large, max-video-preview:-1\" \/>\n<link rel=\"canonical\" href=\"https:\/\/america2026.eu\/science-and-society-in-the-age-of-revolutions-september-25-26-2025\/\" \/>\n<meta property=\"og:locale\" content=\"fr_FR\" \/>\n<meta property=\"og:type\" content=\"article\" \/>\n<meta property=\"og:title\" content=\"Call for Papers :&quot;Science and Society in the Age of Revolutions,&quot; September 25-26, 2025 - America 2026\" \/>\n<meta property=\"og:description\" content=\"Link here. As the upcoming 250th anniversary of the Declaration of Independence drives increased interest in the founding of the United States, this conference, co-hosted by the American Philosophical Society\u2019s Library &amp; Museum and the Science History Institute aims to...\" \/>\n<meta property=\"og:url\" content=\"https:\/\/america2026.eu\/science-and-society-in-the-age-of-revolutions-september-25-26-2025\/\" \/>\n<meta property=\"og:site_name\" content=\"America 2026\" \/>\n<meta property=\"article:published_time\" content=\"2025-01-29T18:15:16+00:00\" \/>\n<meta property=\"article:modified_time\" content=\"2025-04-28T09:38:20+00:00\" \/>\n<meta property=\"og:image\" content=\"https:\/\/america2026.eu\/wp-content\/uploads\/2025\/01\/american-philosophical-society-library_3664.jpg\" \/>\n\t<meta property=\"og:image:width\" content=\"500\" \/>\n\t<meta property=\"og:image:height\" content=\"328\" \/>\n\t<meta property=\"og:image:type\" content=\"image\/jpeg\" \/>\n<meta name=\"author\" content=\"Agn\u00e8s DELAHAYE\" \/>\n<meta name=\"twitter:label1\" content=\"\u00c9crit par\" \/>\n\t<meta name=\"twitter:data1\" content=\"Agn\u00e8s DELAHAYE\" \/>\n\t<meta name=\"twitter:label2\" content=\"Dur\u00e9e de lecture estim\u00e9e\" \/>\n\t<meta name=\"twitter:data2\" content=\"1 minute\" \/>\n<script type=\"application\/ld+json\" class=\"yoast-schema-graph\">{\"@context\":\"https:\/\/schema.org\",\"@graph\":[{\"@type\":\"Article\",\"@id\":\"https:\/\/america2026.eu\/science-and-society-in-the-age-of-revolutions-september-25-26-2025\/#article\",\"isPartOf\":{\"@id\":\"https:\/\/america2026.eu\/science-and-society-in-the-age-of-revolutions-september-25-26-2025\/\"},\"author\":{\"name\":\"Agn\u00e8s DELAHAYE\",\"@id\":\"https:\/\/america2026.eu\/#\/schema\/person\/08b0307583a6353f0213d2613d9954fb\"},\"headline\":\"Call for Papers :\u00a0\u00bbScience and Society in the Age of Revolutions,\u00a0\u00bb September 25-26, 2025\",\"datePublished\":\"2025-01-29T18:15:16+00:00\",\"dateModified\":\"2025-04-28T09:38:20+00:00\",\"mainEntityOfPage\":{\"@id\":\"https:\/\/america2026.eu\/science-and-society-in-the-age-of-revolutions-september-25-26-2025\/\"},\"wordCount\":277,\"commentCount\":0,\"publisher\":{\"@id\":\"https:\/\/america2026.eu\/#organization\"},\"image\":{\"@id\":\"https:\/\/america2026.eu\/science-and-society-in-the-age-of-revolutions-september-25-26-2025\/#primaryimage\"},\"thumbnailUrl\":\"https:\/\/america2026.eu\/wp-content\/uploads\/2025\/01\/american-philosophical-society-library_3664.jpg\",\"inLanguage\":\"fr-FR\",\"potentialAction\":[{\"@type\":\"CommentAction\",\"name\":\"Comment\",\"target\":[\"https:\/\/america2026.eu\/science-and-society-in-the-age-of-revolutions-september-25-26-2025\/#respond\"]}]},{\"@type\":\"WebPage\",\"@id\":\"https:\/\/america2026.eu\/science-and-society-in-the-age-of-revolutions-september-25-26-2025\/\",\"url\":\"https:\/\/america2026.eu\/science-and-society-in-the-age-of-revolutions-september-25-26-2025\/\",\"name\":\"Call for Papers :\\\"Science and Society in the Age of Revolutions,\\\" September 25-26, 2025 - America 2026\",\"isPartOf\":{\"@id\":\"https:\/\/america2026.eu\/#website\"},\"primaryImageOfPage\":{\"@id\":\"https:\/\/america2026.eu\/science-and-society-in-the-age-of-revolutions-september-25-26-2025\/#primaryimage\"},\"image\":{\"@id\":\"https:\/\/america2026.eu\/science-and-society-in-the-age-of-revolutions-september-25-26-2025\/#primaryimage\"},\"thumbnailUrl\":\"https:\/\/america2026.eu\/wp-content\/uploads\/2025\/01\/american-philosophical-society-library_3664.jpg\",\"datePublished\":\"2025-01-29T18:15:16+00:00\",\"dateModified\":\"2025-04-28T09:38:20+00:00\",\"breadcrumb\":{\"@id\":\"https:\/\/america2026.eu\/science-and-society-in-the-age-of-revolutions-september-25-26-2025\/#breadcrumb\"},\"inLanguage\":\"fr-FR\",\"potentialAction\":[{\"@type\":\"ReadAction\",\"target\":[\"https:\/\/america2026.eu\/science-and-society-in-the-age-of-revolutions-september-25-26-2025\/\"]}]},{\"@type\":\"ImageObject\",\"inLanguage\":\"fr-FR\",\"@id\":\"https:\/\/america2026.eu\/science-and-society-in-the-age-of-revolutions-september-25-26-2025\/#primaryimage\",\"url\":\"https:\/\/america2026.eu\/wp-content\/uploads\/2025\/01\/american-philosophical-society-library_3664.jpg\",\"contentUrl\":\"https:\/\/america2026.eu\/wp-content\/uploads\/2025\/01\/american-philosophical-society-library_3664.jpg\",\"width\":500,\"height\":328},{\"@type\":\"BreadcrumbList\",\"@id\":\"https:\/\/america2026.eu\/science-and-society-in-the-age-of-revolutions-september-25-26-2025\/#breadcrumb\",\"itemListElement\":[{\"@type\":\"ListItem\",\"position\":1,\"name\":\"Accueil\",\"item\":\"https:\/\/america2026.eu\/fr\/\"},{\"@type\":\"ListItem\",\"position\":2,\"name\":\"Call for Papers :&#8221;Science and Society in the Age of Revolutions,&#8221; September 25-26, 2025\"}]},{\"@type\":\"WebSite\",\"@id\":\"https:\/\/america2026.eu\/#website\",\"url\":\"https:\/\/america2026.eu\/\",\"name\":\"America 2026\",\"description\":\"\",\"publisher\":{\"@id\":\"https:\/\/america2026.eu\/#organization\"},\"potentialAction\":[{\"@type\":\"SearchAction\",\"target\":{\"@type\":\"EntryPoint\",\"urlTemplate\":\"https:\/\/america2026.eu\/?s={search_term_string}\"},\"query-input\":{\"@type\":\"PropertyValueSpecification\",\"valueRequired\":true,\"valueName\":\"search_term_string\"}}],\"inLanguage\":\"fr-FR\"},{\"@type\":\"Organization\",\"@id\":\"https:\/\/america2026.eu\/#organization\",\"name\":\"America 2026\",\"url\":\"https:\/\/america2026.eu\/\",\"logo\":{\"@type\":\"ImageObject\",\"inLanguage\":\"fr-FR\",\"@id\":\"https:\/\/america2026.eu\/#\/schema\/logo\/image\/\",\"url\":\"https:\/\/america2026.eu\/wp-content\/uploads\/2024\/10\/Untitled-3.png\",\"contentUrl\":\"https:\/\/america2026.eu\/wp-content\/uploads\/2024\/10\/Untitled-3.png\",\"width\":6579,\"height\":1454,\"caption\":\"America 2026\"},\"image\":{\"@id\":\"https:\/\/america2026.eu\/#\/schema\/logo\/image\/\"}},{\"@type\":\"Person\",\"@id\":\"https:\/\/america2026.eu\/#\/schema\/person\/08b0307583a6353f0213d2613d9954fb\",\"name\":\"Agn\u00e8s DELAHAYE\",\"image\":{\"@type\":\"ImageObject\",\"inLanguage\":\"fr-FR\",\"@id\":\"https:\/\/america2026.eu\/#\/schema\/person\/image\/\",\"url\":\"https:\/\/secure.gravatar.com\/avatar\/85cf3b0fd579da5be8ad50af6d0108ff90e2b73c4f0f8d797c38669db16bd77d?s=96&d=mm&r=g\",\"contentUrl\":\"https:\/\/secure.gravatar.com\/avatar\/85cf3b0fd579da5be8ad50af6d0108ff90e2b73c4f0f8d797c38669db16bd77d?s=96&d=mm&r=g\",\"caption\":\"Agn\u00e8s DELAHAYE\"}}]}<\/script>\n<!-- \/ Yoast SEO plugin. -->","yoast_head_json":{"title":"Call for Papers :\"Science and Society in the Age of Revolutions,\" September 25-26, 2025 - America 2026","robots":{"index":"index","follow":"follow","max-snippet":"max-snippet:-1","max-image-preview":"max-image-preview:large","max-video-preview":"max-video-preview:-1"},"canonical":"https:\/\/america2026.eu\/science-and-society-in-the-age-of-revolutions-september-25-26-2025\/","og_locale":"fr_FR","og_type":"article","og_title":"Call for Papers :\"Science and Society in the Age of Revolutions,\" September 25-26, 2025 - America 2026","og_description":"Link here. As the upcoming 250th anniversary of the Declaration of Independence drives increased interest in the founding of the United States, this conference, co-hosted by the American Philosophical Society\u2019s Library &amp; Museum and the Science History Institute aims to...","og_url":"https:\/\/america2026.eu\/science-and-society-in-the-age-of-revolutions-september-25-26-2025\/","og_site_name":"America 2026","article_published_time":"2025-01-29T18:15:16+00:00","article_modified_time":"2025-04-28T09:38:20+00:00","og_image":[{"width":500,"height":328,"url":"https:\/\/america2026.eu\/wp-content\/uploads\/2025\/01\/american-philosophical-society-library_3664.jpg","type":"image\/jpeg"}],"author":"Agn\u00e8s DELAHAYE","twitter_misc":{"\u00c9crit par":"Agn\u00e8s DELAHAYE","Dur\u00e9e de lecture estim\u00e9e":"1 minute"},"schema":{"@context":"https:\/\/schema.org","@graph":[{"@type":"Article","@id":"https:\/\/america2026.eu\/science-and-society-in-the-age-of-revolutions-september-25-26-2025\/#article","isPartOf":{"@id":"https:\/\/america2026.eu\/science-and-society-in-the-age-of-revolutions-september-25-26-2025\/"},"author":{"name":"Agn\u00e8s DELAHAYE","@id":"https:\/\/america2026.eu\/#\/schema\/person\/08b0307583a6353f0213d2613d9954fb"},"headline":"Call for Papers :\u00a0\u00bbScience and Society in the Age of Revolutions,\u00a0\u00bb September 25-26, 2025","datePublished":"2025-01-29T18:15:16+00:00","dateModified":"2025-04-28T09:38:20+00:00","mainEntityOfPage":{"@id":"https:\/\/america2026.eu\/science-and-society-in-the-age-of-revolutions-september-25-26-2025\/"},"wordCount":277,"commentCount":0,"publisher":{"@id":"https:\/\/america2026.eu\/#organization"},"image":{"@id":"https:\/\/america2026.eu\/science-and-society-in-the-age-of-revolutions-september-25-26-2025\/#primaryimage"},"thumbnailUrl":"https:\/\/america2026.eu\/wp-content\/uploads\/2025\/01\/american-philosophical-society-library_3664.jpg","inLanguage":"fr-FR","potentialAction":[{"@type":"CommentAction","name":"Comment","target":["https:\/\/america2026.eu\/science-and-society-in-the-age-of-revolutions-september-25-26-2025\/#respond"]}]},{"@type":"WebPage","@id":"https:\/\/america2026.eu\/science-and-society-in-the-age-of-revolutions-september-25-26-2025\/","url":"https:\/\/america2026.eu\/science-and-society-in-the-age-of-revolutions-september-25-26-2025\/","name":"Call for Papers :\"Science and Society in the Age of Revolutions,\" September 25-26, 2025 - America 2026","isPartOf":{"@id":"https:\/\/america2026.eu\/#website"},"primaryImageOfPage":{"@id":"https:\/\/america2026.eu\/science-and-society-in-the-age-of-revolutions-september-25-26-2025\/#primaryimage"},"image":{"@id":"https:\/\/america2026.eu\/science-and-society-in-the-age-of-revolutions-september-25-26-2025\/#primaryimage"},"thumbnailUrl":"https:\/\/america2026.eu\/wp-content\/uploads\/2025\/01\/american-philosophical-society-library_3664.jpg","datePublished":"2025-01-29T18:15:16+00:00","dateModified":"2025-04-28T09:38:20+00:00","breadcrumb":{"@id":"https:\/\/america2026.eu\/science-and-society-in-the-age-of-revolutions-september-25-26-2025\/#breadcrumb"},"inLanguage":"fr-FR","potentialAction":[{"@type":"ReadAction","target":["https:\/\/america2026.eu\/science-and-society-in-the-age-of-revolutions-september-25-26-2025\/"]}]},{"@type":"ImageObject","inLanguage":"fr-FR","@id":"https:\/\/america2026.eu\/science-and-society-in-the-age-of-revolutions-september-25-26-2025\/#primaryimage","url":"https:\/\/america2026.eu\/wp-content\/uploads\/2025\/01\/american-philosophical-society-library_3664.jpg","contentUrl":"https:\/\/america2026.eu\/wp-content\/uploads\/2025\/01\/american-philosophical-society-library_3664.jpg","width":500,"height":328},{"@type":"BreadcrumbList","@id":"https:\/\/america2026.eu\/science-and-society-in-the-age-of-revolutions-september-25-26-2025\/#breadcrumb","itemListElement":[{"@type":"ListItem","position":1,"name":"Accueil","item":"https:\/\/america2026.eu\/fr\/"},{"@type":"ListItem","position":2,"name":"Call for Papers :&#8221;Science and Society in the Age of Revolutions,&#8221; September 25-26, 2025"}]},{"@type":"WebSite","@id":"https:\/\/america2026.eu\/#website","url":"https:\/\/america2026.eu\/","name":"America 2026","description":"","publisher":{"@id":"https:\/\/america2026.eu\/#organization"},"potentialAction":[{"@type":"SearchAction","target":{"@type":"EntryPoint","urlTemplate":"https:\/\/america2026.eu\/?s={search_term_string}"},"query-input":{"@type":"PropertyValueSpecification","valueRequired":true,"valueName":"search_term_string"}}],"inLanguage":"fr-FR"},{"@type":"Organization","@id":"https:\/\/america2026.eu\/#organization","name":"America 2026","url":"https:\/\/america2026.eu\/","logo":{"@type":"ImageObject","inLanguage":"fr-FR","@id":"https:\/\/america2026.eu\/#\/schema\/logo\/image\/","url":"https:\/\/america2026.eu\/wp-content\/uploads\/2024\/10\/Untitled-3.png","contentUrl":"https:\/\/america2026.eu\/wp-content\/uploads\/2024\/10\/Untitled-3.png","width":6579,"height":1454,"caption":"America 2026"},"image":{"@id":"https:\/\/america2026.eu\/#\/schema\/logo\/image\/"}},{"@type":"Person","@id":"https:\/\/america2026.eu\/#\/schema\/person\/08b0307583a6353f0213d2613d9954fb","name":"Agn\u00e8s DELAHAYE","image":{"@type":"ImageObject","inLanguage":"fr-FR","@id":"https:\/\/america2026.eu\/#\/schema\/person\/image\/","url":"https:\/\/secure.gravatar.com\/avatar\/85cf3b0fd579da5be8ad50af6d0108ff90e2b73c4f0f8d797c38669db16bd77d?s=96&d=mm&r=g","contentUrl":"https:\/\/secure.gravatar.com\/avatar\/85cf3b0fd579da5be8ad50af6d0108ff90e2b73c4f0f8d797c38669db16bd77d?s=96&d=mm&r=g","caption":"Agn\u00e8s DELAHAYE"}}]}},"_links":{"self":[{"href":"https:\/\/america2026.eu\/fr\/wp-json\/wp\/v2\/posts\/2547","targetHints":{"allow":["GET"]}}],"collection":[{"href":"https:\/\/america2026.eu\/fr\/wp-json\/wp\/v2\/posts"}],"about":[{"href":"https:\/\/america2026.eu\/fr\/wp-json\/wp\/v2\/types\/post"}],"author":[{"embeddable":true,"href":"https:\/\/america2026.eu\/fr\/wp-json\/wp\/v2\/users\/2"}],"replies":[{"embeddable":true,"href":"https:\/\/america2026.eu\/fr\/wp-json\/wp\/v2\/comments?post=2547"}],"version-history":[{"count":1,"href":"https:\/\/america2026.eu\/fr\/wp-json\/wp\/v2\/posts\/2547\/revisions"}],"predecessor-version":[{"id":2548,"href":"https:\/\/america2026.eu\/fr\/wp-json\/wp\/v2\/posts\/2547\/revisions\/2548"}],"wp:featuredmedia":[{"embeddable":true,"href":"https:\/\/america2026.eu\/fr\/wp-json\/wp\/v2\/media\/2213"}],"wp:attachment":[{"href":"https:\/\/america2026.eu\/fr\/wp-json\/wp\/v2\/media?parent=2547"}],"wp:term":[{"taxonomy":"groupes","embeddable":true,"href":"https:\/\/america2026.eu\/fr\/wp-json\/wp\/v2\/groupes?post=2547"}],"curies":[{"name":"wp","href":"https:\/\/api.w.org\/{rel}","templated":true}]}}