{"id":2530,"date":"2025-04-28T09:25:13","date_gmt":"2025-04-28T09:25:13","guid":{"rendered":"https:\/\/america2026.eu\/?p=2530"},"modified":"2025-04-28T11:17:18","modified_gmt":"2025-04-28T11:17:18","slug":"newsletter-15-2","status":"publish","type":"post","link":"https:\/\/america2026.eu\/fr\/newsletter-15-2\/","title":{"rendered":"Newsletter #15"},"content":{"rendered":"\n<p>Ch\u00e8res abonn\u00e9es, chers abonn\u00e9s,<\/p>\n\n\n\n<p>Voici notre newsletter mensuelle du programme ANR AMERICA2026. Nous esp\u00e9rons que l\u2019ann\u00e9e 2024 commence sous les meilleurs auspices pour vous, et nous esp\u00e9rons vous voir lors d\u2019un de nos \u00e9v\u00e9nements de cette ann\u00e9e !&nbsp;<\/p>\n\n\n\n<p><strong>\u00c9v\u00e9nements du mois:<\/strong>                                                                                                                                           <strong>AAC: manifesto NOW! Purposes and Effects of an Escalating Form in the US and Beyond.<\/strong>                                                                                                                                           Conf\u00e9rence \u00e0 TU Dresden, Allemagne                                                                                                                                           Date: 22-24 juillet 2024                                                                                                                                           Date butoir: 5 f\u00e9vrier 2024                                                                                                                                           Plus d\u2019informations <a href=\"https:\/\/tu-dresden.de\/gsw\/slk\/anglistik_amerikanistik\/diversity-studies\/forschung\/dfg-projekt-manifesto\/aktivitaeten\/call-for-papers-manifesto-now-konference\" target=\"_blank\" rel=\"noreferrer noopener\">ici<\/a>.\u00a0<\/p>\n\n\n\n<p><strong>Colonial Anarchy, Indigenous Power. \u2018Bacon\u2019s Rebellion\u2019 and the Susquehannock Nation.<\/strong>                                                                                                                                           Avec Matthew Kruer                                                                                                                                           Omohundro Institute 2023-2024 <em>William and Mary Quarterly Lecture<\/em>                                                                                                                                           Date: 6 f\u00e9vrier 2024, 17h (ET), William &amp; Mary\u2019s Blow Hall, room 334                                                                                                                                           \u00c9v\u00e9nement tenu en pr\u00e9sentiel. Inscription obligatoire, plus d\u2019informations <a href=\"https:\/\/oieahc.wm.edu\/events-overview\/events\/colonial-anarchy-indigenous-power-a-lecture-by-matthew-kruer\/\" target=\"_blank\" rel=\"noreferrer noopener\">ici<\/a><\/p>\n\n\n\n<p><strong>The Queen&rsquo;s Silence: Tracing the British Monarchy\u2019s Ties to Slavery in the Archives.<\/strong>                                                                                                                                           With Brooke Newman                                                                                                                                           Organized by the APS                                                                                                                                           Date: February 22, 2024, 6:00 p.m. ET (reception at 5:30 p.m.); in person or online                                                                                                                                           Registration and further information <a href=\"https:\/\/www.amphilsoc.org\/events\/queens-silence-tracing-british-monarchys-ties-slavery-archives\" target=\"_blank\" rel=\"noreferrer noopener\">here<\/a>.<\/p>\n\n\n\n<p><br><strong>Transcribing The Revolutionary City.<\/strong>                                                                                                                                           Organized at and by the APS                                                                                                                                           Date: February 28 , 2024, 6:00 p.m.-8:00 p.m. ET, Library Hall                                                                                                                                           Please note that this is an in-person event.<\/p>\n\n\n\n<p>Registration required. More information <a href=\"https:\/\/www.amphilsoc.org\/events\/transcribing-revolutionary-city-1\" target=\"_blank\" rel=\"noreferrer noopener\">here<\/a>.&nbsp;<\/p>\n\n\n\n<p><strong>Publications d\u2019int\u00e9r\u00eat:\u00a0<\/strong>                                                                                                                                           <strong><em>Early American Studies. An Interdisciplinary Journal<\/em><\/strong> VOLUME 22, N\u00b01 (HIVER 2024), Understanding the American Revolution in Twenty\u00ad-First-\u00adCentury France, dir. Kevin Butterfield et Bertrand Van Ruymbeke. Bient\u00f4t annonc\u00e9 <a href=\"https:\/\/eas.pennpress.org\/home\/\" target=\"_blank\" rel=\"noreferrer noopener\">ici<\/a>.<\/p>\n\n\n\n<p><strong>Emmanuelle Perez-Tisserant<\/strong> a pr\u00e9sent\u00e9 son travail sur la Californie du premier XIXe si\u00e8cle, <em>Nuestra California : une histoire de la Californie de Zorro \u00e0 la ru\u00e9e vers l&rsquo;or<\/em>, dans le podcast \u00ab\u00a0<em>Les voies de l&rsquo;histoire<\/em>\u00ab\u00a0. Plus d&rsquo;informations <a href=\"https:\/\/euradio.fr\/emission\/4BZ4-les-voies-de-lhistoire\/J066-la-californie-de-zorro-a-la-ruee-vers-lor\" target=\"_blank\" rel=\"noreferrer noopener\">ici<\/a>.<\/p>\n\n\n\n<p><strong>Autres \u00e9v\u00e9nements d\u2019int\u00e9r\u00eat \u00e0 venir :\u00a0<\/strong>                                                                                                                                           <strong>\u201cLes colonies europ\u00e9ennes d\u2019Am\u00e9rique et la naissance des \u00c9tats-Unis\u201d<\/strong>                                                                                                                                           Journ\u00e9e d\u2019\u00e9tudes AMERICA2026 \/ CRHIA organis\u00e9e par Eric Schnakenbourg \u00e0 Nantes Universit\u00e9 les 28 et 29 mars 2024. Plus d\u2019informations et programme complet prochainement<\/p>\n\n\n\n<p><strong>AAC: The Origins of Revolution<\/strong>                                                                                                                                           Organis\u00e9 par le <a href=\"https:\/\/www.amphilsoc.org\/david-center-american-revolution\" target=\"_blank\" rel=\"noreferrer noopener\"><em>David Center for the American Revolution<\/em> de l\u2019American Philosophical Society<\/a>, et par la <a href=\"https:\/\/www.mountvernon.org\/library\/\" target=\"_blank\" rel=\"noreferrer noopener\"><em>George Washington Presidential Library<\/em> \u00e0 Mount Vernon<\/a>\u00a0                                                                                                                                           Date: 24-25 juillet 2024 \u00e0 George Washington\u2019s Mount Vernon                                                                                                                                           Plus d\u2019informations <a href=\"https:\/\/www.amphilsoc.org\/blog\/cfp-origins-revolution-july-24-25-2024-george-washingtons-mount-vernon\" target=\"_blank\" rel=\"noreferrer noopener\">ici<\/a>.<\/p>\n\n\n\n<p><strong>AMERICA 2026 et la jeune recherche:<\/strong>                                                                                                                                           <strong>Hugo Toudic<\/strong> a d\u00e9fendu le 19 janvier dernier sa th\u00e8se, dirig\u00e9e par Madame C\u00e9line Spector, \u00e0 l\u2019Universit\u00e9 Paris-Sorbonne, f\u00e9licitations \u00e0 lui !!\u00a0<\/p>\n\n\n\n<p><strong>Inventer la r\u00e9publique. L\u2019h\u00e9ritage de Montesquieu dans la controverse constitutionnelle entre Antif\u00e9d\u00e9ralistes et F\u00e9d\u00e9ralistes (1787-1789)<\/strong>                                                                                                                                           Se pourrait-il que l\u2019influence de Montesquieu sur les id\u00e9es des P\u00e8res fondateurs am\u00e9ricains ait \u00e9t\u00e9 jusqu\u2019\u00e0 nos jours largement ignor\u00e9e ? C\u2019est ce que tend \u00e0 d\u00e9montrer et \u00e0 corriger ce travail de recherche. Une simple \u00e9tude de l\u2019historiographie des diff\u00e9rentes philosophies qui marqu\u00e8rent la fin du XVIIIe si\u00e8cle am\u00e9ricain permet en effet de constater qu\u2019\u00e0 la place pr\u00e9pond\u00e9rante qu\u2019y occupe Montesquieu ne correspond pas de travaux d\u2019ampleur \u00e0 m\u00eame de relever et d\u2019analyser les emprunts faits \u00e0 sa philosophie. Pourtant, une telle t\u00e2che permettrait de comprendre pourquoi Montesquieu fit figure d\u2019autorit\u00e9 et m\u00eame, selon les propres mots des P\u00e8res fondateurs, d\u2019oracle de la science politique. Ce faisant, un tel travail permettrait enfin de redonner toutes ses lettres de noblesse \u00e0 un chef-d\u2019\u0153uvre de philosophie politique \u2013 <em>Le F\u00e9d\u00e9raliste<\/em> \u2013 que loua en son temps Tocqueville et qui est, encore aujourd\u2019hui, la bible la\u00efque de la r\u00e9publique am\u00e9ricaine.<\/p>\n\n\n\n<p>Le 10 novembre dernier s\u2019est \u00e9galement tenue une<strong> journ\u00e9e \u201cpublications r\u00e9centes\u201d <\/strong>sur la R\u00e9volution am\u00e9ricaine, co-organis\u00e9e par AMERICA2026 et le REDEHJA, au Campus Condorcet. Le programme complet se trouve <a href=\"https:\/\/redehja.hypotheses.org\/1891\" target=\"_blank\" rel=\"noreferrer noopener\">ici<\/a>.&nbsp;<\/p>\n","protected":false},"excerpt":{"rendered":"Ch\u00e8res abonn\u00e9es, chers abonn\u00e9s, Voici notre newsletter mensuelle du programme ANR AMERICA2026. Nous esp\u00e9rons que l\u2019ann\u00e9e 2024 commence sous les meilleurs auspices pour vous, et nous esp\u00e9rons vous voir lors d\u2019un de nos \u00e9v\u00e9nements de cette ann\u00e9e !&nbsp; \u00c9v\u00e9nements du&#8230;","protected":false},"author":2,"featured_media":2153,"comment_status":"open","ping_status":"open","sticky":false,"template":"","format":"standard","meta":{"_acf_changed":false,"footnotes":""},"groupes":[63],"class_list":["post-2530","post","type-post","status-publish","format-standard","has-post-thumbnail","hentry","groupes-newsletter"],"acf":[],"yoast_head":"<!-- This site is optimized with the Yoast SEO plugin v24.3 - https:\/\/yoast.com\/wordpress\/plugins\/seo\/ -->\n<title>Newsletter #15 - America 2026<\/title>\n<meta name=\"robots\" content=\"index, follow, max-snippet:-1, max-image-preview:large, max-video-preview:-1\" \/>\n<link rel=\"canonical\" href=\"https:\/\/america2026.eu\/fr\/newsletter-15-2\/\" \/>\n<meta property=\"og:locale\" content=\"fr_FR\" \/>\n<meta property=\"og:type\" content=\"article\" \/>\n<meta property=\"og:title\" content=\"Newsletter #15 - America 2026\" \/>\n<meta property=\"og:description\" content=\"Ch\u00e8res abonn\u00e9es, chers abonn\u00e9s, Voici notre newsletter mensuelle du programme ANR AMERICA2026. Nous esp\u00e9rons que l\u2019ann\u00e9e 2024 commence sous les meilleurs auspices pour vous, et nous esp\u00e9rons vous voir lors d\u2019un de nos \u00e9v\u00e9nements de cette ann\u00e9e !&nbsp; \u00c9v\u00e9nements du...\" \/>\n<meta property=\"og:url\" content=\"https:\/\/america2026.eu\/fr\/newsletter-15-2\/\" \/>\n<meta property=\"og:site_name\" content=\"America 2026\" \/>\n<meta property=\"article:published_time\" content=\"2025-04-28T09:25:13+00:00\" \/>\n<meta property=\"article:modified_time\" content=\"2025-04-28T11:17:18+00:00\" \/>\n<meta property=\"og:image\" content=\"https:\/\/america2026.eu\/wp-content\/uploads\/2025\/01\/Capture-decran-2025-01-29-a-18.21.24-1024x588.png\" \/>\n\t<meta property=\"og:image:width\" content=\"1024\" \/>\n\t<meta property=\"og:image:height\" content=\"588\" \/>\n\t<meta property=\"og:image:type\" content=\"image\/png\" \/>\n<meta name=\"author\" content=\"Agn\u00e8s DELAHAYE\" \/>\n<meta name=\"twitter:label1\" content=\"\u00c9crit par\" \/>\n\t<meta name=\"twitter:data1\" content=\"Agn\u00e8s DELAHAYE\" \/>\n\t<meta name=\"twitter:label2\" content=\"Dur\u00e9e de lecture estim\u00e9e\" \/>\n\t<meta name=\"twitter:data2\" content=\"3 minutes\" \/>\n<script type=\"application\/ld+json\" class=\"yoast-schema-graph\">{\"@context\":\"https:\/\/schema.org\",\"@graph\":[{\"@type\":\"Article\",\"@id\":\"https:\/\/america2026.eu\/fr\/newsletter-15-2\/#article\",\"isPartOf\":{\"@id\":\"https:\/\/america2026.eu\/fr\/newsletter-15-2\/\"},\"author\":{\"name\":\"Agn\u00e8s DELAHAYE\",\"@id\":\"https:\/\/america2026.eu\/#\/schema\/person\/08b0307583a6353f0213d2613d9954fb\"},\"headline\":\"Newsletter #15\",\"datePublished\":\"2025-04-28T09:25:13+00:00\",\"dateModified\":\"2025-04-28T11:17:18+00:00\",\"mainEntityOfPage\":{\"@id\":\"https:\/\/america2026.eu\/fr\/newsletter-15-2\/\"},\"wordCount\":619,\"commentCount\":0,\"publisher\":{\"@id\":\"https:\/\/america2026.eu\/#organization\"},\"image\":{\"@id\":\"https:\/\/america2026.eu\/fr\/newsletter-15-2\/#primaryimage\"},\"thumbnailUrl\":\"https:\/\/america2026.eu\/wp-content\/uploads\/2025\/01\/Capture-decran-2025-01-29-a-18.21.24.png\",\"inLanguage\":\"fr-FR\",\"potentialAction\":[{\"@type\":\"CommentAction\",\"name\":\"Comment\",\"target\":[\"https:\/\/america2026.eu\/fr\/newsletter-15-2\/#respond\"]}]},{\"@type\":\"WebPage\",\"@id\":\"https:\/\/america2026.eu\/fr\/newsletter-15-2\/\",\"url\":\"https:\/\/america2026.eu\/fr\/newsletter-15-2\/\",\"name\":\"Newsletter #15 - America 2026\",\"isPartOf\":{\"@id\":\"https:\/\/america2026.eu\/#website\"},\"primaryImageOfPage\":{\"@id\":\"https:\/\/america2026.eu\/fr\/newsletter-15-2\/#primaryimage\"},\"image\":{\"@id\":\"https:\/\/america2026.eu\/fr\/newsletter-15-2\/#primaryimage\"},\"thumbnailUrl\":\"https:\/\/america2026.eu\/wp-content\/uploads\/2025\/01\/Capture-decran-2025-01-29-a-18.21.24.png\",\"datePublished\":\"2025-04-28T09:25:13+00:00\",\"dateModified\":\"2025-04-28T11:17:18+00:00\",\"breadcrumb\":{\"@id\":\"https:\/\/america2026.eu\/fr\/newsletter-15-2\/#breadcrumb\"},\"inLanguage\":\"fr-FR\",\"potentialAction\":[{\"@type\":\"ReadAction\",\"target\":[\"https:\/\/america2026.eu\/fr\/newsletter-15-2\/\"]}]},{\"@type\":\"ImageObject\",\"inLanguage\":\"fr-FR\",\"@id\":\"https:\/\/america2026.eu\/fr\/newsletter-15-2\/#primaryimage\",\"url\":\"https:\/\/america2026.eu\/wp-content\/uploads\/2025\/01\/Capture-decran-2025-01-29-a-18.21.24.png\",\"contentUrl\":\"https:\/\/america2026.eu\/wp-content\/uploads\/2025\/01\/Capture-decran-2025-01-29-a-18.21.24.png\",\"width\":2206,\"height\":1266},{\"@type\":\"BreadcrumbList\",\"@id\":\"https:\/\/america2026.eu\/fr\/newsletter-15-2\/#breadcrumb\",\"itemListElement\":[{\"@type\":\"ListItem\",\"position\":1,\"name\":\"Accueil\",\"item\":\"https:\/\/america2026.eu\/fr\/\"},{\"@type\":\"ListItem\",\"position\":2,\"name\":\"Newsletter #15\"}]},{\"@type\":\"WebSite\",\"@id\":\"https:\/\/america2026.eu\/#website\",\"url\":\"https:\/\/america2026.eu\/\",\"name\":\"America 2026\",\"description\":\"\",\"publisher\":{\"@id\":\"https:\/\/america2026.eu\/#organization\"},\"potentialAction\":[{\"@type\":\"SearchAction\",\"target\":{\"@type\":\"EntryPoint\",\"urlTemplate\":\"https:\/\/america2026.eu\/?s={search_term_string}\"},\"query-input\":{\"@type\":\"PropertyValueSpecification\",\"valueRequired\":true,\"valueName\":\"search_term_string\"}}],\"inLanguage\":\"fr-FR\"},{\"@type\":\"Organization\",\"@id\":\"https:\/\/america2026.eu\/#organization\",\"name\":\"America 2026\",\"url\":\"https:\/\/america2026.eu\/\",\"logo\":{\"@type\":\"ImageObject\",\"inLanguage\":\"fr-FR\",\"@id\":\"https:\/\/america2026.eu\/#\/schema\/logo\/image\/\",\"url\":\"https:\/\/america2026.eu\/wp-content\/uploads\/2024\/10\/Untitled-3.png\",\"contentUrl\":\"https:\/\/america2026.eu\/wp-content\/uploads\/2024\/10\/Untitled-3.png\",\"width\":6579,\"height\":1454,\"caption\":\"America 2026\"},\"image\":{\"@id\":\"https:\/\/america2026.eu\/#\/schema\/logo\/image\/\"}},{\"@type\":\"Person\",\"@id\":\"https:\/\/america2026.eu\/#\/schema\/person\/08b0307583a6353f0213d2613d9954fb\",\"name\":\"Agn\u00e8s DELAHAYE\",\"image\":{\"@type\":\"ImageObject\",\"inLanguage\":\"fr-FR\",\"@id\":\"https:\/\/america2026.eu\/#\/schema\/person\/image\/\",\"url\":\"https:\/\/secure.gravatar.com\/avatar\/85cf3b0fd579da5be8ad50af6d0108ff90e2b73c4f0f8d797c38669db16bd77d?s=96&d=mm&r=g\",\"contentUrl\":\"https:\/\/secure.gravatar.com\/avatar\/85cf3b0fd579da5be8ad50af6d0108ff90e2b73c4f0f8d797c38669db16bd77d?s=96&d=mm&r=g\",\"caption\":\"Agn\u00e8s DELAHAYE\"}}]}<\/script>\n<!-- \/ Yoast SEO plugin. -->","yoast_head_json":{"title":"Newsletter #15 - America 2026","robots":{"index":"index","follow":"follow","max-snippet":"max-snippet:-1","max-image-preview":"max-image-preview:large","max-video-preview":"max-video-preview:-1"},"canonical":"https:\/\/america2026.eu\/fr\/newsletter-15-2\/","og_locale":"fr_FR","og_type":"article","og_title":"Newsletter #15 - America 2026","og_description":"Ch\u00e8res abonn\u00e9es, chers abonn\u00e9s, Voici notre newsletter mensuelle du programme ANR AMERICA2026. Nous esp\u00e9rons que l\u2019ann\u00e9e 2024 commence sous les meilleurs auspices pour vous, et nous esp\u00e9rons vous voir lors d\u2019un de nos \u00e9v\u00e9nements de cette ann\u00e9e !&nbsp; \u00c9v\u00e9nements du...","og_url":"https:\/\/america2026.eu\/fr\/newsletter-15-2\/","og_site_name":"America 2026","article_published_time":"2025-04-28T09:25:13+00:00","article_modified_time":"2025-04-28T11:17:18+00:00","og_image":[{"width":1024,"height":588,"url":"https:\/\/america2026.eu\/wp-content\/uploads\/2025\/01\/Capture-decran-2025-01-29-a-18.21.24-1024x588.png","type":"image\/png"}],"author":"Agn\u00e8s DELAHAYE","twitter_misc":{"\u00c9crit par":"Agn\u00e8s DELAHAYE","Dur\u00e9e de lecture estim\u00e9e":"3 minutes"},"schema":{"@context":"https:\/\/schema.org","@graph":[{"@type":"Article","@id":"https:\/\/america2026.eu\/fr\/newsletter-15-2\/#article","isPartOf":{"@id":"https:\/\/america2026.eu\/fr\/newsletter-15-2\/"},"author":{"name":"Agn\u00e8s DELAHAYE","@id":"https:\/\/america2026.eu\/#\/schema\/person\/08b0307583a6353f0213d2613d9954fb"},"headline":"Newsletter #15","datePublished":"2025-04-28T09:25:13+00:00","dateModified":"2025-04-28T11:17:18+00:00","mainEntityOfPage":{"@id":"https:\/\/america2026.eu\/fr\/newsletter-15-2\/"},"wordCount":619,"commentCount":0,"publisher":{"@id":"https:\/\/america2026.eu\/#organization"},"image":{"@id":"https:\/\/america2026.eu\/fr\/newsletter-15-2\/#primaryimage"},"thumbnailUrl":"https:\/\/america2026.eu\/wp-content\/uploads\/2025\/01\/Capture-decran-2025-01-29-a-18.21.24.png","inLanguage":"fr-FR","potentialAction":[{"@type":"CommentAction","name":"Comment","target":["https:\/\/america2026.eu\/fr\/newsletter-15-2\/#respond"]}]},{"@type":"WebPage","@id":"https:\/\/america2026.eu\/fr\/newsletter-15-2\/","url":"https:\/\/america2026.eu\/fr\/newsletter-15-2\/","name":"Newsletter #15 - America 2026","isPartOf":{"@id":"https:\/\/america2026.eu\/#website"},"primaryImageOfPage":{"@id":"https:\/\/america2026.eu\/fr\/newsletter-15-2\/#primaryimage"},"image":{"@id":"https:\/\/america2026.eu\/fr\/newsletter-15-2\/#primaryimage"},"thumbnailUrl":"https:\/\/america2026.eu\/wp-content\/uploads\/2025\/01\/Capture-decran-2025-01-29-a-18.21.24.png","datePublished":"2025-04-28T09:25:13+00:00","dateModified":"2025-04-28T11:17:18+00:00","breadcrumb":{"@id":"https:\/\/america2026.eu\/fr\/newsletter-15-2\/#breadcrumb"},"inLanguage":"fr-FR","potentialAction":[{"@type":"ReadAction","target":["https:\/\/america2026.eu\/fr\/newsletter-15-2\/"]}]},{"@type":"ImageObject","inLanguage":"fr-FR","@id":"https:\/\/america2026.eu\/fr\/newsletter-15-2\/#primaryimage","url":"https:\/\/america2026.eu\/wp-content\/uploads\/2025\/01\/Capture-decran-2025-01-29-a-18.21.24.png","contentUrl":"https:\/\/america2026.eu\/wp-content\/uploads\/2025\/01\/Capture-decran-2025-01-29-a-18.21.24.png","width":2206,"height":1266},{"@type":"BreadcrumbList","@id":"https:\/\/america2026.eu\/fr\/newsletter-15-2\/#breadcrumb","itemListElement":[{"@type":"ListItem","position":1,"name":"Accueil","item":"https:\/\/america2026.eu\/fr\/"},{"@type":"ListItem","position":2,"name":"Newsletter #15"}]},{"@type":"WebSite","@id":"https:\/\/america2026.eu\/#website","url":"https:\/\/america2026.eu\/","name":"America 2026","description":"","publisher":{"@id":"https:\/\/america2026.eu\/#organization"},"potentialAction":[{"@type":"SearchAction","target":{"@type":"EntryPoint","urlTemplate":"https:\/\/america2026.eu\/?s={search_term_string}"},"query-input":{"@type":"PropertyValueSpecification","valueRequired":true,"valueName":"search_term_string"}}],"inLanguage":"fr-FR"},{"@type":"Organization","@id":"https:\/\/america2026.eu\/#organization","name":"America 2026","url":"https:\/\/america2026.eu\/","logo":{"@type":"ImageObject","inLanguage":"fr-FR","@id":"https:\/\/america2026.eu\/#\/schema\/logo\/image\/","url":"https:\/\/america2026.eu\/wp-content\/uploads\/2024\/10\/Untitled-3.png","contentUrl":"https:\/\/america2026.eu\/wp-content\/uploads\/2024\/10\/Untitled-3.png","width":6579,"height":1454,"caption":"America 2026"},"image":{"@id":"https:\/\/america2026.eu\/#\/schema\/logo\/image\/"}},{"@type":"Person","@id":"https:\/\/america2026.eu\/#\/schema\/person\/08b0307583a6353f0213d2613d9954fb","name":"Agn\u00e8s DELAHAYE","image":{"@type":"ImageObject","inLanguage":"fr-FR","@id":"https:\/\/america2026.eu\/#\/schema\/person\/image\/","url":"https:\/\/secure.gravatar.com\/avatar\/85cf3b0fd579da5be8ad50af6d0108ff90e2b73c4f0f8d797c38669db16bd77d?s=96&d=mm&r=g","contentUrl":"https:\/\/secure.gravatar.com\/avatar\/85cf3b0fd579da5be8ad50af6d0108ff90e2b73c4f0f8d797c38669db16bd77d?s=96&d=mm&r=g","caption":"Agn\u00e8s DELAHAYE"}}]}},"_links":{"self":[{"href":"https:\/\/america2026.eu\/fr\/wp-json\/wp\/v2\/posts\/2530","targetHints":{"allow":["GET"]}}],"collection":[{"href":"https:\/\/america2026.eu\/fr\/wp-json\/wp\/v2\/posts"}],"about":[{"href":"https:\/\/america2026.eu\/fr\/wp-json\/wp\/v2\/types\/post"}],"author":[{"embeddable":true,"href":"https:\/\/america2026.eu\/fr\/wp-json\/wp\/v2\/users\/2"}],"replies":[{"embeddable":true,"href":"https:\/\/america2026.eu\/fr\/wp-json\/wp\/v2\/comments?post=2530"}],"version-history":[{"count":2,"href":"https:\/\/america2026.eu\/fr\/wp-json\/wp\/v2\/posts\/2530\/revisions"}],"predecessor-version":[{"id":2622,"href":"https:\/\/america2026.eu\/fr\/wp-json\/wp\/v2\/posts\/2530\/revisions\/2622"}],"wp:featuredmedia":[{"embeddable":true,"href":"https:\/\/america2026.eu\/fr\/wp-json\/wp\/v2\/media\/2153"}],"wp:attachment":[{"href":"https:\/\/america2026.eu\/fr\/wp-json\/wp\/v2\/media?parent=2530"}],"wp:term":[{"taxonomy":"groupes","embeddable":true,"href":"https:\/\/america2026.eu\/fr\/wp-json\/wp\/v2\/groupes?post=2530"}],"curies":[{"name":"wp","href":"https:\/\/api.w.org\/{rel}","templated":true}]}}