{"id":2526,"date":"2025-04-28T09:24:00","date_gmt":"2025-04-28T09:24:00","guid":{"rendered":"https:\/\/america2026.eu\/?p=2526"},"modified":"2025-04-28T09:24:01","modified_gmt":"2025-04-28T09:24:01","slug":"newsletter-13-2","status":"publish","type":"post","link":"https:\/\/america2026.eu\/fr\/newsletter-13-2\/","title":{"rendered":"Newsletter #13"},"content":{"rendered":"\n<p>Dear all,<\/p>\n\n\n\n<p>Here is our monthly newsletter of the AMERICA2026 program, the last of 2023!&nbsp;<\/p>\n\n\n\n<p>We are deeply honored to welcome Thomas Jefferson\u2019s Poplar Forest in our consortium. One of only two homes Thomas Jefferson designed for his personal use, Poplar Forest (located near Lynchburg, Virginia in the foothills of the Blue Ridge Mountains) was the place where Jefferson \u201ccame to indulge in the life of the mind and renew his personal creativity.\u201d While in residence on the plantation, Jefferson wrote his only book, <em>Notes on the State of Virginia. <\/em>At the peak of the plantation\u2019s operation as a tobacco farm, Poplar Forest was home to 94 enslaved individuals.Through archaeology, we have learned a great deal about the daily lives of Poplar Forest\u2019s enslaved community. Current and future efforts will focus on sharing more information about the complicated and intertwined relationships between Jefferson, his family and the enslaved community.<\/p>\n\n\n\n<p>Designated a National Historic Landmark by the Secretary of the Interior, and nearly lost to the threat of commercial development, Poplar Forest was rescued in 1984 by a group of local citizens who sought to preserve it for the cultural and educational benefit of current and future generations. The site opened to the public for the first time in 1986 in its pre-restoration state. Today, after 34 years of meticulous research, reconstruction and restoration, the neoclassical architecture of the octagonal house has been returned to Jefferson\u2019s design. Poplar Forest has been nominated as a UNESCO World Heritage Site and the nonprofit organization has received numerous awards and accolades honoring architectural and landscape restoration efforts as well as ongoing archaeological exploration, interpretation and educational programming. A recently adopted strategic plan (Fall 2022) outlines five goal pillars for the coming years, leading up to and through 2026. The full text can be found on<a href=\"https:\/\/www.poplarforest.org\/\"> their website<\/a>.<\/p>\n\n\n\n<p><strong>Events of the month:<\/strong><\/p>\n\n\n\n<p><strong>Conference: Empire and its Discontent, 1763-1773<\/strong><br>Organized by The David Center for the American Revolution at the American<br>Philosophical Society and the Massachusetts Historical Society<br>Dates: December 1-2, 2023<br>Location: Massachusetts Historical Society, Boston MA<br>The conference website can be found <a href=\"https:\/\/www.masshist.org\/research\/conferences\">here<\/a>.<\/p>\n\n\n\n<p><strong>&lsquo;All Nature&rsquo;s Face, is dug, pitch&rsquo;d up &amp; tore&rsquo;: The Loyalist Environmental Imagination from Occupied New York City<\/strong> With Blake McGready<br>Organized by the David Center for the American Revolution Seminar<br>Date: December 6, 2023, 3:00 &#8211; 4:30 p.m. ET (ONLINE)<br>Registration required. More information <a href=\"https:\/\/www.amphilsoc.org\/events\/david-center-american-revolution-seminar-all-natures-face-dug-pitchd-tore-loyalist\">here<\/a>.<\/p>\n\n\n\n<p><strong>Money in Vast Early America<\/strong><br>WMQ-EMSI Workshop 2023<br>Convener: Christine Desan<br>Dates: December 8-9, 2023<br>Location: Huntington Library, San Marino, California<br>The program and further information can be found <a href=\"https:\/\/oieahc.wm.edu\/events-overview\/annual-series\/workshops\/2023-money-in-vast-early-america\/\">here<\/a>.<\/p>\n\n\n\n<p><\/p>\n\n\n\n<p><strong>Reminders and December Deadlines:<\/strong><\/p>\n\n\n\n<p><strong>Doctoral Program \u201eAmerican History \u2013 History of the Americas\u201c (Class of Culture and History, Graduate School Language &amp; Literature Munich, LMU Munich)<\/strong><br>Application Deadline: December 15, 2023<br>Information about the program and application process can be found <a href=\"https:\/\/www.en.proamhist.amerikanistik.uni-muenchen.de\/bewerbung\/index.html\">here<\/a>.<\/p>\n\n\n\n<p><strong>CfP: Voices &amp; Agencies: America and the Atlantic, 1600 \u2013 1865 \u2013 Final Conference at University of Duisburg-Essen, Germany<\/strong><br>Organizers: Ilka Brasch and Elena Furlanetto<br>Dates: March 7-8, 2024<br>Submission Deadline: December 15, 2023<br>Submission Information and Call for Papers <a href=\"https:\/\/dgfa.de\/cfp-voices-agencies-america-and-the-atlantic-1600-1865\/\">here<\/a>.<\/p>\n\n\n\n<p><strong>Publications of interest:<\/strong><br><strong>History Now \u2013 The Journal<\/strong><br>publication by The Gilder Lehrman Institute of American History                                                                   Their current Fall issue 2023 is dedicated to \u201cThe Role of Spain in the American Revolution\u201d<br>Their previous issue Summer 2023 was dedicated to \u201cThe Influence of the Declaration of Independence on the Civil War and Reconstruction Era\u201d<br>Account required for reading.<\/p>\n\n\n\n<p><strong>Other Events of Interest:<\/strong><br><strong>Warfare in Early America<\/strong><br>Instructor: Timothy Shannon, Gettysburg College<br>Self-Paced Course via The Gilder Lehrman Institute of American History<br>More information on pricing and access can be found <a href=\"https:\/\/www.gilderlehrman.org\/node\/502871\/spc\">here<\/a>.<\/p>\n\n\n\n<p><strong>Cyphering Books in the Archive<\/strong><br>with Lukas Etter<br>Organized by the Obama Institute for Transnational American Studies<br>Date: Dec 5, 2023, 4:15-5.45pm<br>Johannes Gutenberg-Universit\u00e4t Mainz, Germany.<br>More information can be found <a href=\"http:\/\/www.obama-institute.com\/wp-content\/uploads\/231205_Guest-Lecture_Etter.pdf\">here<\/a>.<\/p>\n\n\n\n<p><\/p>\n\n\n\n<p><strong>Looking ahead:<\/strong><br><strong>Revelation and the American Revolution: Understanding and Justifying War<br>with Britain through Personal Prophecy and Biblical Exegesis<\/strong><br>With Jennifer Egloff<br>Organized by the David Center for the American Revolution Seminar<br>Date: January 24, 2024, 3:00 &#8211; 4:30 p.m. ET (ONLINE)<br>Registration required. More information <a href=\"https:\/\/www.amphilsoc.org\/events\/david-center-american-revolution-seminar-revelation-and-american-revolution-understanding\">here<\/a>.<br>Attention: There seems to be a typo on the website \u2013 the event is scheduled for January 2024 (not 2023).<\/p>\n\n\n\n<p><strong>American Revolution International: Roundtable, Western History Conference \/ Southern Historical Association joint annual Meeting.<\/strong><br>Date: Oct. 24-27, 2024, Kansas City, MO.<br>Registration required. More information <a href=\"https:\/\/www.amphilsoc.org\/events\/david-center-american-revolution-seminar-revelation-and-american-revolution-understanding\">here<\/a>.<br>With the 250th anniversary fast approaching, we invite proposals for a roundtable session (or maybe two) on INTERNATIONAL DIMENSIONS OF THE AMERICAN REVOLUTION. We are especially interested in work on the West or South during the Revolutionary era (c. 1763-1815) that centers Indigenous polities, enslaved people, free people of African descent, inter-imperial competition, migration, international trade, the circulation of ideas, discourse, and ideology, or that otherwise opens up new perspectives on the international aspects of the era. We welcome submissions by scholars at all career stages. If interested, please send a 1-page CV and 1- paragraph summary of your proposed presentation to delay@berkeley.edu by Nov.25, 2023.<\/p>\n","protected":false},"excerpt":{"rendered":"Dear all, Here is our monthly newsletter of the AMERICA2026 program, the last of 2023!&nbsp; We are deeply honored to welcome Thomas Jefferson\u2019s Poplar Forest in our consortium. One of only two homes Thomas Jefferson designed for his personal use,&#8230;","protected":false},"author":2,"featured_media":2143,"comment_status":"open","ping_status":"open","sticky":false,"template":"","format":"standard","meta":{"_acf_changed":false,"footnotes":""},"groupes":[63],"class_list":["post-2526","post","type-post","status-publish","format-standard","has-post-thumbnail","hentry","groupes-newsletter"],"acf":[],"yoast_head":"<!-- This site is optimized with the Yoast SEO plugin v24.3 - https:\/\/yoast.com\/wordpress\/plugins\/seo\/ -->\n<title>Newsletter #13 - America 2026<\/title>\n<meta name=\"robots\" content=\"index, follow, max-snippet:-1, max-image-preview:large, max-video-preview:-1\" \/>\n<link rel=\"canonical\" href=\"https:\/\/america2026.eu\/fr\/newsletter-13-2\/\" \/>\n<meta property=\"og:locale\" content=\"fr_FR\" \/>\n<meta property=\"og:type\" content=\"article\" \/>\n<meta property=\"og:title\" content=\"Newsletter #13 - America 2026\" \/>\n<meta property=\"og:description\" content=\"Dear all, Here is our monthly newsletter of the AMERICA2026 program, the last of 2023!&nbsp; We are deeply honored to welcome Thomas Jefferson\u2019s Poplar Forest in our consortium. One of only two homes Thomas Jefferson designed for his personal use,...\" \/>\n<meta property=\"og:url\" content=\"https:\/\/america2026.eu\/fr\/newsletter-13-2\/\" \/>\n<meta property=\"og:site_name\" content=\"America 2026\" \/>\n<meta property=\"article:published_time\" content=\"2025-04-28T09:24:00+00:00\" \/>\n<meta property=\"article:modified_time\" content=\"2025-04-28T09:24:01+00:00\" \/>\n<meta property=\"og:image\" content=\"https:\/\/america2026.eu\/wp-content\/uploads\/2025\/01\/Capture-decran-2025-01-29-a-18.06.04-1024x679.png\" \/>\n\t<meta property=\"og:image:width\" content=\"1024\" \/>\n\t<meta property=\"og:image:height\" content=\"679\" \/>\n\t<meta property=\"og:image:type\" content=\"image\/png\" \/>\n<meta name=\"author\" content=\"Agn\u00e8s DELAHAYE\" \/>\n<meta name=\"twitter:label1\" content=\"\u00c9crit par\" \/>\n\t<meta name=\"twitter:data1\" content=\"Agn\u00e8s DELAHAYE\" \/>\n\t<meta name=\"twitter:label2\" content=\"Dur\u00e9e de lecture estim\u00e9e\" \/>\n\t<meta name=\"twitter:data2\" content=\"4 minutes\" \/>\n<script type=\"application\/ld+json\" class=\"yoast-schema-graph\">{\"@context\":\"https:\/\/schema.org\",\"@graph\":[{\"@type\":\"Article\",\"@id\":\"https:\/\/america2026.eu\/fr\/newsletter-13-2\/#article\",\"isPartOf\":{\"@id\":\"https:\/\/america2026.eu\/fr\/newsletter-13-2\/\"},\"author\":{\"name\":\"Agn\u00e8s DELAHAYE\",\"@id\":\"https:\/\/america2026.eu\/#\/schema\/person\/08b0307583a6353f0213d2613d9954fb\"},\"headline\":\"Newsletter #13\",\"datePublished\":\"2025-04-28T09:24:00+00:00\",\"dateModified\":\"2025-04-28T09:24:01+00:00\",\"mainEntityOfPage\":{\"@id\":\"https:\/\/america2026.eu\/fr\/newsletter-13-2\/\"},\"wordCount\":791,\"commentCount\":0,\"publisher\":{\"@id\":\"https:\/\/america2026.eu\/#organization\"},\"image\":{\"@id\":\"https:\/\/america2026.eu\/fr\/newsletter-13-2\/#primaryimage\"},\"thumbnailUrl\":\"https:\/\/america2026.eu\/wp-content\/uploads\/2025\/01\/Capture-decran-2025-01-29-a-18.06.04.png\",\"inLanguage\":\"fr-FR\",\"potentialAction\":[{\"@type\":\"CommentAction\",\"name\":\"Comment\",\"target\":[\"https:\/\/america2026.eu\/fr\/newsletter-13-2\/#respond\"]}]},{\"@type\":\"WebPage\",\"@id\":\"https:\/\/america2026.eu\/fr\/newsletter-13-2\/\",\"url\":\"https:\/\/america2026.eu\/fr\/newsletter-13-2\/\",\"name\":\"Newsletter #13 - America 2026\",\"isPartOf\":{\"@id\":\"https:\/\/america2026.eu\/#website\"},\"primaryImageOfPage\":{\"@id\":\"https:\/\/america2026.eu\/fr\/newsletter-13-2\/#primaryimage\"},\"image\":{\"@id\":\"https:\/\/america2026.eu\/fr\/newsletter-13-2\/#primaryimage\"},\"thumbnailUrl\":\"https:\/\/america2026.eu\/wp-content\/uploads\/2025\/01\/Capture-decran-2025-01-29-a-18.06.04.png\",\"datePublished\":\"2025-04-28T09:24:00+00:00\",\"dateModified\":\"2025-04-28T09:24:01+00:00\",\"breadcrumb\":{\"@id\":\"https:\/\/america2026.eu\/fr\/newsletter-13-2\/#breadcrumb\"},\"inLanguage\":\"fr-FR\",\"potentialAction\":[{\"@type\":\"ReadAction\",\"target\":[\"https:\/\/america2026.eu\/fr\/newsletter-13-2\/\"]}]},{\"@type\":\"ImageObject\",\"inLanguage\":\"fr-FR\",\"@id\":\"https:\/\/america2026.eu\/fr\/newsletter-13-2\/#primaryimage\",\"url\":\"https:\/\/america2026.eu\/wp-content\/uploads\/2025\/01\/Capture-decran-2025-01-29-a-18.06.04.png\",\"contentUrl\":\"https:\/\/america2026.eu\/wp-content\/uploads\/2025\/01\/Capture-decran-2025-01-29-a-18.06.04.png\",\"width\":1526,\"height\":1012},{\"@type\":\"BreadcrumbList\",\"@id\":\"https:\/\/america2026.eu\/fr\/newsletter-13-2\/#breadcrumb\",\"itemListElement\":[{\"@type\":\"ListItem\",\"position\":1,\"name\":\"Accueil\",\"item\":\"https:\/\/america2026.eu\/fr\/\"},{\"@type\":\"ListItem\",\"position\":2,\"name\":\"Newsletter #13\"}]},{\"@type\":\"WebSite\",\"@id\":\"https:\/\/america2026.eu\/#website\",\"url\":\"https:\/\/america2026.eu\/\",\"name\":\"America 2026\",\"description\":\"\",\"publisher\":{\"@id\":\"https:\/\/america2026.eu\/#organization\"},\"potentialAction\":[{\"@type\":\"SearchAction\",\"target\":{\"@type\":\"EntryPoint\",\"urlTemplate\":\"https:\/\/america2026.eu\/?s={search_term_string}\"},\"query-input\":{\"@type\":\"PropertyValueSpecification\",\"valueRequired\":true,\"valueName\":\"search_term_string\"}}],\"inLanguage\":\"fr-FR\"},{\"@type\":\"Organization\",\"@id\":\"https:\/\/america2026.eu\/#organization\",\"name\":\"America 2026\",\"url\":\"https:\/\/america2026.eu\/\",\"logo\":{\"@type\":\"ImageObject\",\"inLanguage\":\"fr-FR\",\"@id\":\"https:\/\/america2026.eu\/#\/schema\/logo\/image\/\",\"url\":\"https:\/\/america2026.eu\/wp-content\/uploads\/2024\/10\/Untitled-3.png\",\"contentUrl\":\"https:\/\/america2026.eu\/wp-content\/uploads\/2024\/10\/Untitled-3.png\",\"width\":6579,\"height\":1454,\"caption\":\"America 2026\"},\"image\":{\"@id\":\"https:\/\/america2026.eu\/#\/schema\/logo\/image\/\"}},{\"@type\":\"Person\",\"@id\":\"https:\/\/america2026.eu\/#\/schema\/person\/08b0307583a6353f0213d2613d9954fb\",\"name\":\"Agn\u00e8s DELAHAYE\",\"image\":{\"@type\":\"ImageObject\",\"inLanguage\":\"fr-FR\",\"@id\":\"https:\/\/america2026.eu\/#\/schema\/person\/image\/\",\"url\":\"https:\/\/secure.gravatar.com\/avatar\/85cf3b0fd579da5be8ad50af6d0108ff90e2b73c4f0f8d797c38669db16bd77d?s=96&d=mm&r=g\",\"contentUrl\":\"https:\/\/secure.gravatar.com\/avatar\/85cf3b0fd579da5be8ad50af6d0108ff90e2b73c4f0f8d797c38669db16bd77d?s=96&d=mm&r=g\",\"caption\":\"Agn\u00e8s DELAHAYE\"}}]}<\/script>\n<!-- \/ Yoast SEO plugin. -->","yoast_head_json":{"title":"Newsletter #13 - America 2026","robots":{"index":"index","follow":"follow","max-snippet":"max-snippet:-1","max-image-preview":"max-image-preview:large","max-video-preview":"max-video-preview:-1"},"canonical":"https:\/\/america2026.eu\/fr\/newsletter-13-2\/","og_locale":"fr_FR","og_type":"article","og_title":"Newsletter #13 - America 2026","og_description":"Dear all, Here is our monthly newsletter of the AMERICA2026 program, the last of 2023!&nbsp; We are deeply honored to welcome Thomas Jefferson\u2019s Poplar Forest in our consortium. One of only two homes Thomas Jefferson designed for his personal use,...","og_url":"https:\/\/america2026.eu\/fr\/newsletter-13-2\/","og_site_name":"America 2026","article_published_time":"2025-04-28T09:24:00+00:00","article_modified_time":"2025-04-28T09:24:01+00:00","og_image":[{"width":1024,"height":679,"url":"https:\/\/america2026.eu\/wp-content\/uploads\/2025\/01\/Capture-decran-2025-01-29-a-18.06.04-1024x679.png","type":"image\/png"}],"author":"Agn\u00e8s DELAHAYE","twitter_misc":{"\u00c9crit par":"Agn\u00e8s DELAHAYE","Dur\u00e9e de lecture estim\u00e9e":"4 minutes"},"schema":{"@context":"https:\/\/schema.org","@graph":[{"@type":"Article","@id":"https:\/\/america2026.eu\/fr\/newsletter-13-2\/#article","isPartOf":{"@id":"https:\/\/america2026.eu\/fr\/newsletter-13-2\/"},"author":{"name":"Agn\u00e8s DELAHAYE","@id":"https:\/\/america2026.eu\/#\/schema\/person\/08b0307583a6353f0213d2613d9954fb"},"headline":"Newsletter #13","datePublished":"2025-04-28T09:24:00+00:00","dateModified":"2025-04-28T09:24:01+00:00","mainEntityOfPage":{"@id":"https:\/\/america2026.eu\/fr\/newsletter-13-2\/"},"wordCount":791,"commentCount":0,"publisher":{"@id":"https:\/\/america2026.eu\/#organization"},"image":{"@id":"https:\/\/america2026.eu\/fr\/newsletter-13-2\/#primaryimage"},"thumbnailUrl":"https:\/\/america2026.eu\/wp-content\/uploads\/2025\/01\/Capture-decran-2025-01-29-a-18.06.04.png","inLanguage":"fr-FR","potentialAction":[{"@type":"CommentAction","name":"Comment","target":["https:\/\/america2026.eu\/fr\/newsletter-13-2\/#respond"]}]},{"@type":"WebPage","@id":"https:\/\/america2026.eu\/fr\/newsletter-13-2\/","url":"https:\/\/america2026.eu\/fr\/newsletter-13-2\/","name":"Newsletter #13 - America 2026","isPartOf":{"@id":"https:\/\/america2026.eu\/#website"},"primaryImageOfPage":{"@id":"https:\/\/america2026.eu\/fr\/newsletter-13-2\/#primaryimage"},"image":{"@id":"https:\/\/america2026.eu\/fr\/newsletter-13-2\/#primaryimage"},"thumbnailUrl":"https:\/\/america2026.eu\/wp-content\/uploads\/2025\/01\/Capture-decran-2025-01-29-a-18.06.04.png","datePublished":"2025-04-28T09:24:00+00:00","dateModified":"2025-04-28T09:24:01+00:00","breadcrumb":{"@id":"https:\/\/america2026.eu\/fr\/newsletter-13-2\/#breadcrumb"},"inLanguage":"fr-FR","potentialAction":[{"@type":"ReadAction","target":["https:\/\/america2026.eu\/fr\/newsletter-13-2\/"]}]},{"@type":"ImageObject","inLanguage":"fr-FR","@id":"https:\/\/america2026.eu\/fr\/newsletter-13-2\/#primaryimage","url":"https:\/\/america2026.eu\/wp-content\/uploads\/2025\/01\/Capture-decran-2025-01-29-a-18.06.04.png","contentUrl":"https:\/\/america2026.eu\/wp-content\/uploads\/2025\/01\/Capture-decran-2025-01-29-a-18.06.04.png","width":1526,"height":1012},{"@type":"BreadcrumbList","@id":"https:\/\/america2026.eu\/fr\/newsletter-13-2\/#breadcrumb","itemListElement":[{"@type":"ListItem","position":1,"name":"Accueil","item":"https:\/\/america2026.eu\/fr\/"},{"@type":"ListItem","position":2,"name":"Newsletter #13"}]},{"@type":"WebSite","@id":"https:\/\/america2026.eu\/#website","url":"https:\/\/america2026.eu\/","name":"America 2026","description":"","publisher":{"@id":"https:\/\/america2026.eu\/#organization"},"potentialAction":[{"@type":"SearchAction","target":{"@type":"EntryPoint","urlTemplate":"https:\/\/america2026.eu\/?s={search_term_string}"},"query-input":{"@type":"PropertyValueSpecification","valueRequired":true,"valueName":"search_term_string"}}],"inLanguage":"fr-FR"},{"@type":"Organization","@id":"https:\/\/america2026.eu\/#organization","name":"America 2026","url":"https:\/\/america2026.eu\/","logo":{"@type":"ImageObject","inLanguage":"fr-FR","@id":"https:\/\/america2026.eu\/#\/schema\/logo\/image\/","url":"https:\/\/america2026.eu\/wp-content\/uploads\/2024\/10\/Untitled-3.png","contentUrl":"https:\/\/america2026.eu\/wp-content\/uploads\/2024\/10\/Untitled-3.png","width":6579,"height":1454,"caption":"America 2026"},"image":{"@id":"https:\/\/america2026.eu\/#\/schema\/logo\/image\/"}},{"@type":"Person","@id":"https:\/\/america2026.eu\/#\/schema\/person\/08b0307583a6353f0213d2613d9954fb","name":"Agn\u00e8s DELAHAYE","image":{"@type":"ImageObject","inLanguage":"fr-FR","@id":"https:\/\/america2026.eu\/#\/schema\/person\/image\/","url":"https:\/\/secure.gravatar.com\/avatar\/85cf3b0fd579da5be8ad50af6d0108ff90e2b73c4f0f8d797c38669db16bd77d?s=96&d=mm&r=g","contentUrl":"https:\/\/secure.gravatar.com\/avatar\/85cf3b0fd579da5be8ad50af6d0108ff90e2b73c4f0f8d797c38669db16bd77d?s=96&d=mm&r=g","caption":"Agn\u00e8s DELAHAYE"}}]}},"_links":{"self":[{"href":"https:\/\/america2026.eu\/fr\/wp-json\/wp\/v2\/posts\/2526","targetHints":{"allow":["GET"]}}],"collection":[{"href":"https:\/\/america2026.eu\/fr\/wp-json\/wp\/v2\/posts"}],"about":[{"href":"https:\/\/america2026.eu\/fr\/wp-json\/wp\/v2\/types\/post"}],"author":[{"embeddable":true,"href":"https:\/\/america2026.eu\/fr\/wp-json\/wp\/v2\/users\/2"}],"replies":[{"embeddable":true,"href":"https:\/\/america2026.eu\/fr\/wp-json\/wp\/v2\/comments?post=2526"}],"version-history":[{"count":1,"href":"https:\/\/america2026.eu\/fr\/wp-json\/wp\/v2\/posts\/2526\/revisions"}],"predecessor-version":[{"id":2527,"href":"https:\/\/america2026.eu\/fr\/wp-json\/wp\/v2\/posts\/2526\/revisions\/2527"}],"wp:featuredmedia":[{"embeddable":true,"href":"https:\/\/america2026.eu\/fr\/wp-json\/wp\/v2\/media\/2143"}],"wp:attachment":[{"href":"https:\/\/america2026.eu\/fr\/wp-json\/wp\/v2\/media?parent=2526"}],"wp:term":[{"taxonomy":"groupes","embeddable":true,"href":"https:\/\/america2026.eu\/fr\/wp-json\/wp\/v2\/groupes?post=2526"}],"curies":[{"name":"wp","href":"https:\/\/api.w.org\/{rel}","templated":true}]}}