{"id":2251,"date":"2025-01-29T19:18:07","date_gmt":"2025-01-29T19:18:07","guid":{"rendered":"https:\/\/america2026.eu\/?p=2251"},"modified":"2025-01-29T19:18:07","modified_gmt":"2025-01-29T19:18:07","slug":"la-revolution-americaine-et-leurope-nouvelles-perspectives-transnationales","status":"publish","type":"post","link":"https:\/\/america2026.eu\/fr\/la-revolution-americaine-et-leurope-nouvelles-perspectives-transnationales\/","title":{"rendered":"La R\u00e9volution am\u00e9ricaine et l\u2019Europe\u00a0: nouvelles perspectives transnationales"},"content":{"rendered":"\n<p>Page 3 \u00e0 11<\/p>\n\n\n\n<ul class=\"wp-block-list\">\n<li><a href=\"https:\/\/www.cairn.info\/revue-francaise-d-etudes-americaines-2022-4-page-3.htm\"><strong>Introduction<\/strong><\/a><\/li>\n\n\n\n<li><a href=\"https:\/\/www.cairn.info\/publications-de-Carine-Lounissi--101735.htm\">Carine Lounissi<\/a>, <a href=\"https:\/\/www.cairn.info\/publications-de-Bertrand-Van-Ruymbeke--657359.htm\">Bertrand Van Ruymbeke<\/a><\/li>\n<\/ul>\n\n\n\n<p>Page 12 \u00e0 23<\/p>\n\n\n\n<ul class=\"wp-block-list\">\n<li><a href=\"https:\/\/www.cairn.info\/revue-francaise-d-etudes-americaines-2022-4-page-12.htm\"><strong>The Case of Scotland in the Constitutional Debate on the American Colonies: Benjamin Franklin\u2019s and Adam Smith\u2019s Visions of Empire (1754-1776)<\/strong><\/a><\/li>\n<\/ul>\n\n\n\n<p><a href=\"https:\/\/www.cairn.info\/publications-de-Florence-Petroff--756813.htm\">Florence Petroff<\/a><\/p>\n\n\n\n<p>Page 24 \u00e0 43<\/p>\n\n\n\n<ul class=\"wp-block-list\">\n<li><a href=\"https:\/\/www.cairn.info\/revue-francaise-d-etudes-americaines-2022-4-page-24.htm\"><strong>Odes to the Revolution: Alfieri\u2019s\u00a0<\/strong><strong><em>L\u2019America libera<\/em><\/strong><\/a><\/li>\n<\/ul>\n\n\n\n<p><a href=\"https:\/\/www.cairn.info\/publications-de-Stefania-Buccini--756814.htm\">Stefania Buccini<\/a><\/p>\n\n\n\n<p>Page 44 \u00e0 59<\/p>\n\n\n\n<ul class=\"wp-block-list\">\n<li><a href=\"https:\/\/www.cairn.info\/revue-francaise-d-etudes-americaines-2022-4-page-44.htm\"><strong>Anticolonialism in the Era of the American Revolution. An Essay Contest at the Acad\u00e9mie de Lyon in the 1780s<\/strong><\/a><\/li>\n<\/ul>\n\n\n\n<p><a href=\"https:\/\/www.cairn.info\/publications-de-Bertrand-Van-Ruymbeke--657359.htm\">Bertrand Van Ruymbeke<\/a><\/p>\n\n\n\n<p>Page 60 \u00e0 77<\/p>\n\n\n\n<ul class=\"wp-block-list\">\n<li><a href=\"https:\/\/www.cairn.info\/revue-francaise-d-etudes-americaines-2022-4-page-60.htm\"><strong>The First French \u201cAmericanists\u201d of the 1770s and 1780s, the\u00a0American Revolution and\u00a0Atlantic History: Beyond\u00a0Mirages in the West<\/strong><\/a><\/li>\n<\/ul>\n\n\n\n<p><a href=\"https:\/\/www.cairn.info\/publications-de-Carine-Lounissi--101735.htm\">Carine Lounissi<\/a><\/p>\n\n\n\n<p>Page 78 \u00e0 96<\/p>\n\n\n\n<ul class=\"wp-block-list\">\n<li><a href=\"https:\/\/www.cairn.info\/revue-francaise-d-etudes-americaines-2022-4-page-78.htm\"><strong>Four Founding Fathers on the Road: New Government Design in the United States and the Netherlands, 1776-1815<\/strong><\/a><\/li>\n<\/ul>\n\n\n\n<p><a href=\"https:\/\/www.cairn.info\/publications-de-Lauren-Lauret--756818.htm\">Lauren Lauret<\/a>, <a href=\"https:\/\/www.cairn.info\/publications-de-Dirk-Alkemade--756817.htm\">Dirk Alkemade<\/a><\/p>\n\n\n\n<p>Page 97 \u00e0 110<\/p>\n\n\n\n<ul class=\"wp-block-list\">\n<li><a href=\"https:\/\/www.cairn.info\/revue-francaise-d-etudes-americaines-2022-4-page-97.htm\"><strong>Facing Two Revolutions: Contemporaneous German Public Opinions of the American and French Revolutions<\/strong><\/a><\/li>\n<\/ul>\n\n\n\n<p><a href=\"https:\/\/www.cairn.info\/publications-de-Susanne-Lachenicht--137897.htm\">Susanne Lachenicht<\/a><\/p>\n\n\n\n<p><\/p>\n","protected":false},"excerpt":{"rendered":"A ipsum gravida id a arcu neque sit. Est consectetur lorem non tristique tempor commodo ipsum pharetra ultrices. Vitae faucibus arcu integer ipsum aliquam a. In malesuada viverra.","protected":false},"author":2,"featured_media":1956,"comment_status":"open","ping_status":"open","sticky":false,"template":"","format":"standard","meta":{"_acf_changed":false,"footnotes":""},"groupes":[45],"class_list":["post-2251","post","type-post","status-publish","format-standard","has-post-thumbnail","hentry","groupes-numeros-speciaux"],"acf":[],"yoast_head":"<!-- This site is optimized with the Yoast SEO plugin v24.3 - https:\/\/yoast.com\/wordpress\/plugins\/seo\/ -->\n<title>La R\u00e9volution am\u00e9ricaine et l\u2019Europe\u00a0: nouvelles perspectives transnationales - America 2026<\/title>\n<meta name=\"robots\" content=\"index, follow, max-snippet:-1, max-image-preview:large, max-video-preview:-1\" \/>\n<link rel=\"canonical\" href=\"https:\/\/america2026.eu\/la-revolution-americaine-et-leurope-nouvelles-perspectives-transnationales\/\" \/>\n<meta property=\"og:locale\" content=\"fr_FR\" \/>\n<meta property=\"og:type\" content=\"article\" \/>\n<meta property=\"og:title\" content=\"La R\u00e9volution am\u00e9ricaine et l\u2019Europe\u00a0: nouvelles perspectives transnationales - America 2026\" \/>\n<meta property=\"og:description\" content=\"A ipsum gravida id a arcu neque sit. Est consectetur lorem non tristique tempor commodo ipsum pharetra ultrices. Vitae faucibus arcu integer ipsum aliquam a. In malesuada viverra.\" \/>\n<meta property=\"og:url\" content=\"https:\/\/america2026.eu\/la-revolution-americaine-et-leurope-nouvelles-perspectives-transnationales\/\" \/>\n<meta property=\"og:site_name\" content=\"America 2026\" \/>\n<meta property=\"article:published_time\" content=\"2025-01-29T19:18:07+00:00\" \/>\n<meta property=\"og:image\" content=\"https:\/\/america2026.eu\/wp-content\/uploads\/2024\/10\/RFEA_173-1.jpg\" \/>\n\t<meta property=\"og:image:width\" content=\"204\" \/>\n\t<meta property=\"og:image:height\" content=\"306\" \/>\n\t<meta property=\"og:image:type\" content=\"image\/jpeg\" \/>\n<meta name=\"author\" content=\"Agn\u00e8s DELAHAYE\" \/>\n<meta name=\"twitter:label1\" content=\"\u00c9crit par\" \/>\n\t<meta name=\"twitter:data1\" content=\"Agn\u00e8s DELAHAYE\" \/>\n\t<meta name=\"twitter:label2\" content=\"Dur\u00e9e de lecture estim\u00e9e\" \/>\n\t<meta name=\"twitter:data2\" content=\"1 minute\" \/>\n<script type=\"application\/ld+json\" class=\"yoast-schema-graph\">{\"@context\":\"https:\/\/schema.org\",\"@graph\":[{\"@type\":\"Article\",\"@id\":\"https:\/\/america2026.eu\/la-revolution-americaine-et-leurope-nouvelles-perspectives-transnationales\/#article\",\"isPartOf\":{\"@id\":\"https:\/\/america2026.eu\/la-revolution-americaine-et-leurope-nouvelles-perspectives-transnationales\/\"},\"author\":{\"name\":\"Agn\u00e8s DELAHAYE\",\"@id\":\"https:\/\/america2026.eu\/#\/schema\/person\/08b0307583a6353f0213d2613d9954fb\"},\"headline\":\"La R\u00e9volution am\u00e9ricaine et l\u2019Europe\u00a0: nouvelles perspectives transnationales\",\"datePublished\":\"2025-01-29T19:18:07+00:00\",\"dateModified\":\"2025-01-29T19:18:07+00:00\",\"mainEntityOfPage\":{\"@id\":\"https:\/\/america2026.eu\/la-revolution-americaine-et-leurope-nouvelles-perspectives-transnationales\/\"},\"wordCount\":141,\"commentCount\":0,\"publisher\":{\"@id\":\"https:\/\/america2026.eu\/#organization\"},\"image\":{\"@id\":\"https:\/\/america2026.eu\/la-revolution-americaine-et-leurope-nouvelles-perspectives-transnationales\/#primaryimage\"},\"thumbnailUrl\":\"https:\/\/america2026.eu\/wp-content\/uploads\/2024\/10\/RFEA_173-1.jpg\",\"inLanguage\":\"fr-FR\",\"potentialAction\":[{\"@type\":\"CommentAction\",\"name\":\"Comment\",\"target\":[\"https:\/\/america2026.eu\/la-revolution-americaine-et-leurope-nouvelles-perspectives-transnationales\/#respond\"]}]},{\"@type\":\"WebPage\",\"@id\":\"https:\/\/america2026.eu\/la-revolution-americaine-et-leurope-nouvelles-perspectives-transnationales\/\",\"url\":\"https:\/\/america2026.eu\/la-revolution-americaine-et-leurope-nouvelles-perspectives-transnationales\/\",\"name\":\"La R\u00e9volution am\u00e9ricaine et l\u2019Europe\u00a0: nouvelles perspectives transnationales - America 2026\",\"isPartOf\":{\"@id\":\"https:\/\/america2026.eu\/#website\"},\"primaryImageOfPage\":{\"@id\":\"https:\/\/america2026.eu\/la-revolution-americaine-et-leurope-nouvelles-perspectives-transnationales\/#primaryimage\"},\"image\":{\"@id\":\"https:\/\/america2026.eu\/la-revolution-americaine-et-leurope-nouvelles-perspectives-transnationales\/#primaryimage\"},\"thumbnailUrl\":\"https:\/\/america2026.eu\/wp-content\/uploads\/2024\/10\/RFEA_173-1.jpg\",\"datePublished\":\"2025-01-29T19:18:07+00:00\",\"dateModified\":\"2025-01-29T19:18:07+00:00\",\"breadcrumb\":{\"@id\":\"https:\/\/america2026.eu\/la-revolution-americaine-et-leurope-nouvelles-perspectives-transnationales\/#breadcrumb\"},\"inLanguage\":\"fr-FR\",\"potentialAction\":[{\"@type\":\"ReadAction\",\"target\":[\"https:\/\/america2026.eu\/la-revolution-americaine-et-leurope-nouvelles-perspectives-transnationales\/\"]}]},{\"@type\":\"ImageObject\",\"inLanguage\":\"fr-FR\",\"@id\":\"https:\/\/america2026.eu\/la-revolution-americaine-et-leurope-nouvelles-perspectives-transnationales\/#primaryimage\",\"url\":\"https:\/\/america2026.eu\/wp-content\/uploads\/2024\/10\/RFEA_173-1.jpg\",\"contentUrl\":\"https:\/\/america2026.eu\/wp-content\/uploads\/2024\/10\/RFEA_173-1.jpg\",\"width\":204,\"height\":306},{\"@type\":\"BreadcrumbList\",\"@id\":\"https:\/\/america2026.eu\/la-revolution-americaine-et-leurope-nouvelles-perspectives-transnationales\/#breadcrumb\",\"itemListElement\":[{\"@type\":\"ListItem\",\"position\":1,\"name\":\"Accueil\",\"item\":\"https:\/\/america2026.eu\/fr\/\"},{\"@type\":\"ListItem\",\"position\":2,\"name\":\"La R\u00e9volution am\u00e9ricaine et l\u2019Europe\u00a0: nouvelles perspectives transnationales\"}]},{\"@type\":\"WebSite\",\"@id\":\"https:\/\/america2026.eu\/#website\",\"url\":\"https:\/\/america2026.eu\/\",\"name\":\"America 2026\",\"description\":\"\",\"publisher\":{\"@id\":\"https:\/\/america2026.eu\/#organization\"},\"potentialAction\":[{\"@type\":\"SearchAction\",\"target\":{\"@type\":\"EntryPoint\",\"urlTemplate\":\"https:\/\/america2026.eu\/?s={search_term_string}\"},\"query-input\":{\"@type\":\"PropertyValueSpecification\",\"valueRequired\":true,\"valueName\":\"search_term_string\"}}],\"inLanguage\":\"fr-FR\"},{\"@type\":\"Organization\",\"@id\":\"https:\/\/america2026.eu\/#organization\",\"name\":\"America 2026\",\"url\":\"https:\/\/america2026.eu\/\",\"logo\":{\"@type\":\"ImageObject\",\"inLanguage\":\"fr-FR\",\"@id\":\"https:\/\/america2026.eu\/#\/schema\/logo\/image\/\",\"url\":\"https:\/\/america2026.eu\/wp-content\/uploads\/2024\/10\/Untitled-3.png\",\"contentUrl\":\"https:\/\/america2026.eu\/wp-content\/uploads\/2024\/10\/Untitled-3.png\",\"width\":6579,\"height\":1454,\"caption\":\"America 2026\"},\"image\":{\"@id\":\"https:\/\/america2026.eu\/#\/schema\/logo\/image\/\"}},{\"@type\":\"Person\",\"@id\":\"https:\/\/america2026.eu\/#\/schema\/person\/08b0307583a6353f0213d2613d9954fb\",\"name\":\"Agn\u00e8s DELAHAYE\",\"image\":{\"@type\":\"ImageObject\",\"inLanguage\":\"fr-FR\",\"@id\":\"https:\/\/america2026.eu\/#\/schema\/person\/image\/\",\"url\":\"https:\/\/secure.gravatar.com\/avatar\/85cf3b0fd579da5be8ad50af6d0108ff90e2b73c4f0f8d797c38669db16bd77d?s=96&d=mm&r=g\",\"contentUrl\":\"https:\/\/secure.gravatar.com\/avatar\/85cf3b0fd579da5be8ad50af6d0108ff90e2b73c4f0f8d797c38669db16bd77d?s=96&d=mm&r=g\",\"caption\":\"Agn\u00e8s DELAHAYE\"}}]}<\/script>\n<!-- \/ Yoast SEO plugin. -->","yoast_head_json":{"title":"La R\u00e9volution am\u00e9ricaine et l\u2019Europe\u00a0: nouvelles perspectives transnationales - America 2026","robots":{"index":"index","follow":"follow","max-snippet":"max-snippet:-1","max-image-preview":"max-image-preview:large","max-video-preview":"max-video-preview:-1"},"canonical":"https:\/\/america2026.eu\/la-revolution-americaine-et-leurope-nouvelles-perspectives-transnationales\/","og_locale":"fr_FR","og_type":"article","og_title":"La R\u00e9volution am\u00e9ricaine et l\u2019Europe\u00a0: nouvelles perspectives transnationales - America 2026","og_description":"A ipsum gravida id a arcu neque sit. Est consectetur lorem non tristique tempor commodo ipsum pharetra ultrices. Vitae faucibus arcu integer ipsum aliquam a. In malesuada viverra.","og_url":"https:\/\/america2026.eu\/la-revolution-americaine-et-leurope-nouvelles-perspectives-transnationales\/","og_site_name":"America 2026","article_published_time":"2025-01-29T19:18:07+00:00","og_image":[{"width":204,"height":306,"url":"https:\/\/america2026.eu\/wp-content\/uploads\/2024\/10\/RFEA_173-1.jpg","type":"image\/jpeg"}],"author":"Agn\u00e8s DELAHAYE","twitter_misc":{"\u00c9crit par":"Agn\u00e8s DELAHAYE","Dur\u00e9e de lecture estim\u00e9e":"1 minute"},"schema":{"@context":"https:\/\/schema.org","@graph":[{"@type":"Article","@id":"https:\/\/america2026.eu\/la-revolution-americaine-et-leurope-nouvelles-perspectives-transnationales\/#article","isPartOf":{"@id":"https:\/\/america2026.eu\/la-revolution-americaine-et-leurope-nouvelles-perspectives-transnationales\/"},"author":{"name":"Agn\u00e8s DELAHAYE","@id":"https:\/\/america2026.eu\/#\/schema\/person\/08b0307583a6353f0213d2613d9954fb"},"headline":"La R\u00e9volution am\u00e9ricaine et l\u2019Europe\u00a0: nouvelles perspectives transnationales","datePublished":"2025-01-29T19:18:07+00:00","dateModified":"2025-01-29T19:18:07+00:00","mainEntityOfPage":{"@id":"https:\/\/america2026.eu\/la-revolution-americaine-et-leurope-nouvelles-perspectives-transnationales\/"},"wordCount":141,"commentCount":0,"publisher":{"@id":"https:\/\/america2026.eu\/#organization"},"image":{"@id":"https:\/\/america2026.eu\/la-revolution-americaine-et-leurope-nouvelles-perspectives-transnationales\/#primaryimage"},"thumbnailUrl":"https:\/\/america2026.eu\/wp-content\/uploads\/2024\/10\/RFEA_173-1.jpg","inLanguage":"fr-FR","potentialAction":[{"@type":"CommentAction","name":"Comment","target":["https:\/\/america2026.eu\/la-revolution-americaine-et-leurope-nouvelles-perspectives-transnationales\/#respond"]}]},{"@type":"WebPage","@id":"https:\/\/america2026.eu\/la-revolution-americaine-et-leurope-nouvelles-perspectives-transnationales\/","url":"https:\/\/america2026.eu\/la-revolution-americaine-et-leurope-nouvelles-perspectives-transnationales\/","name":"La R\u00e9volution am\u00e9ricaine et l\u2019Europe\u00a0: nouvelles perspectives transnationales - America 2026","isPartOf":{"@id":"https:\/\/america2026.eu\/#website"},"primaryImageOfPage":{"@id":"https:\/\/america2026.eu\/la-revolution-americaine-et-leurope-nouvelles-perspectives-transnationales\/#primaryimage"},"image":{"@id":"https:\/\/america2026.eu\/la-revolution-americaine-et-leurope-nouvelles-perspectives-transnationales\/#primaryimage"},"thumbnailUrl":"https:\/\/america2026.eu\/wp-content\/uploads\/2024\/10\/RFEA_173-1.jpg","datePublished":"2025-01-29T19:18:07+00:00","dateModified":"2025-01-29T19:18:07+00:00","breadcrumb":{"@id":"https:\/\/america2026.eu\/la-revolution-americaine-et-leurope-nouvelles-perspectives-transnationales\/#breadcrumb"},"inLanguage":"fr-FR","potentialAction":[{"@type":"ReadAction","target":["https:\/\/america2026.eu\/la-revolution-americaine-et-leurope-nouvelles-perspectives-transnationales\/"]}]},{"@type":"ImageObject","inLanguage":"fr-FR","@id":"https:\/\/america2026.eu\/la-revolution-americaine-et-leurope-nouvelles-perspectives-transnationales\/#primaryimage","url":"https:\/\/america2026.eu\/wp-content\/uploads\/2024\/10\/RFEA_173-1.jpg","contentUrl":"https:\/\/america2026.eu\/wp-content\/uploads\/2024\/10\/RFEA_173-1.jpg","width":204,"height":306},{"@type":"BreadcrumbList","@id":"https:\/\/america2026.eu\/la-revolution-americaine-et-leurope-nouvelles-perspectives-transnationales\/#breadcrumb","itemListElement":[{"@type":"ListItem","position":1,"name":"Accueil","item":"https:\/\/america2026.eu\/fr\/"},{"@type":"ListItem","position":2,"name":"La R\u00e9volution am\u00e9ricaine et l\u2019Europe\u00a0: nouvelles perspectives transnationales"}]},{"@type":"WebSite","@id":"https:\/\/america2026.eu\/#website","url":"https:\/\/america2026.eu\/","name":"America 2026","description":"","publisher":{"@id":"https:\/\/america2026.eu\/#organization"},"potentialAction":[{"@type":"SearchAction","target":{"@type":"EntryPoint","urlTemplate":"https:\/\/america2026.eu\/?s={search_term_string}"},"query-input":{"@type":"PropertyValueSpecification","valueRequired":true,"valueName":"search_term_string"}}],"inLanguage":"fr-FR"},{"@type":"Organization","@id":"https:\/\/america2026.eu\/#organization","name":"America 2026","url":"https:\/\/america2026.eu\/","logo":{"@type":"ImageObject","inLanguage":"fr-FR","@id":"https:\/\/america2026.eu\/#\/schema\/logo\/image\/","url":"https:\/\/america2026.eu\/wp-content\/uploads\/2024\/10\/Untitled-3.png","contentUrl":"https:\/\/america2026.eu\/wp-content\/uploads\/2024\/10\/Untitled-3.png","width":6579,"height":1454,"caption":"America 2026"},"image":{"@id":"https:\/\/america2026.eu\/#\/schema\/logo\/image\/"}},{"@type":"Person","@id":"https:\/\/america2026.eu\/#\/schema\/person\/08b0307583a6353f0213d2613d9954fb","name":"Agn\u00e8s DELAHAYE","image":{"@type":"ImageObject","inLanguage":"fr-FR","@id":"https:\/\/america2026.eu\/#\/schema\/person\/image\/","url":"https:\/\/secure.gravatar.com\/avatar\/85cf3b0fd579da5be8ad50af6d0108ff90e2b73c4f0f8d797c38669db16bd77d?s=96&d=mm&r=g","contentUrl":"https:\/\/secure.gravatar.com\/avatar\/85cf3b0fd579da5be8ad50af6d0108ff90e2b73c4f0f8d797c38669db16bd77d?s=96&d=mm&r=g","caption":"Agn\u00e8s DELAHAYE"}}]}},"_links":{"self":[{"href":"https:\/\/america2026.eu\/fr\/wp-json\/wp\/v2\/posts\/2251","targetHints":{"allow":["GET"]}}],"collection":[{"href":"https:\/\/america2026.eu\/fr\/wp-json\/wp\/v2\/posts"}],"about":[{"href":"https:\/\/america2026.eu\/fr\/wp-json\/wp\/v2\/types\/post"}],"author":[{"embeddable":true,"href":"https:\/\/america2026.eu\/fr\/wp-json\/wp\/v2\/users\/2"}],"replies":[{"embeddable":true,"href":"https:\/\/america2026.eu\/fr\/wp-json\/wp\/v2\/comments?post=2251"}],"version-history":[{"count":1,"href":"https:\/\/america2026.eu\/fr\/wp-json\/wp\/v2\/posts\/2251\/revisions"}],"predecessor-version":[{"id":2252,"href":"https:\/\/america2026.eu\/fr\/wp-json\/wp\/v2\/posts\/2251\/revisions\/2252"}],"wp:featuredmedia":[{"embeddable":true,"href":"https:\/\/america2026.eu\/fr\/wp-json\/wp\/v2\/media\/1956"}],"wp:attachment":[{"href":"https:\/\/america2026.eu\/fr\/wp-json\/wp\/v2\/media?parent=2251"}],"wp:term":[{"taxonomy":"groupes","embeddable":true,"href":"https:\/\/america2026.eu\/fr\/wp-json\/wp\/v2\/groupes?post=2251"}],"curies":[{"name":"wp","href":"https:\/\/api.w.org\/{rel}","templated":true}]}}